{"id":929,"date":"2020-06-29T17:26:18","date_gmt":"2020-06-29T15:26:18","guid":{"rendered":"http:\/\/snupden-fsu.fr\/?p=929"},"modified":"2023-08-24T16:26:50","modified_gmt":"2023-08-24T14:26:50","slug":"le-systeme-educatif-sur-un-point-de-bascule","status":"publish","type":"post","link":"https:\/\/snupden-fsu.fr\/index.php\/2020\/06\/29\/le-systeme-educatif-sur-un-point-de-bascule\/","title":{"rendered":"Le syst\u00e8me \u00e9ducatif sur un point de bascule"},"content":{"rendered":"\n<p>Marqu\u00e9e par un mouvement social contre la R\u00e9forme des retraites puis par une mise en confinement de l\u2019ensemble de la population, l\u2019ann\u00e9e scolaire 2019-2020 a \u00e9t\u00e9 particuli\u00e8rement erratique et \u00e9puisante pour les personnels. Le Ministre de l\u2019Education Nationale communique \u00e0 tout va pour les dispositifs d\u2019\u00e9cole et de colonie apprenante. Apr\u00e8s une telle ann\u00e9e scolaire, il sera difficile de trouver des agents, des enseignants, des personnels de direction frais comme des gardons pour donner le change.<\/p>\n\n\n\n<p>Nous exigeons du Minist\u00e8re qu\u2019il ne nous fasse pas lanterner et que des \u00e9crits clairs nous permettent \u00e0 tous de pr\u00e9parer la rentr\u00e9e de septembre dans la s\u00e9r\u00e9nit\u00e9. Les \u00e9quipes sont \u00e9reint\u00e9es. Elles ont besoin de ce cadre qui leur permette de se projeter pour construire une rentr\u00e9e \u00e9quilibr\u00e9e et qui leur permette d\u2019anticiper d\u2019\u00e9ventuelles mesures de reconfinement. Nous ne pouvons pas refaire une nouvelle ann\u00e9e scolaire o\u00f9 nous g\u00e9rerons l\u2019urgence pour le lendemain, o\u00f9 nous subirons les injonctions des sup\u00e9rieurs hi\u00e9rarchiques, du fait m\u00eame de la posture autoritaire du minist\u00e8re et de la volont\u00e9 d\u2019afficher \u00ab\u00a0<em><strong>quoi qu\u2019il en co\u00fbte\u00a0<\/strong>\u00bb<\/em>, des r\u00e9sultats aupr\u00e8s des m\u00e9dias.<\/p>\n\n\n\n<p>Ce que nous retiendrons de cette ann\u00e9e, c\u2019est qu\u2019\u00e0 bien des \u00e9gards, elle constitue un point de bascule pour la Fonction Publique, avec l\u2019entr\u00e9e en vigueur de la loi vot\u00e9e en ao\u00fbt 2019 et dont les premiers effets se font sentir\u00a0: auparavant, le mouvement des personnels de direction ob\u00e9issait encore \u00e0 certaines \u00ab\u00a0r\u00e8gles\u00a0\u00bb que chacun acceptait bon an mal an, chacun esp\u00e9rant que les copains ou connaissances \u00e9lus en CAPA ou CAPN feraient le boulot et r\u00e9pareraient les erreurs de l\u2019administration. Cette \u00e9poque est termin\u00e9e. Les syndicats qui disposaient d\u2019\u00e9lus en CAPN n\u2019ont pas pu acc\u00e9der aux fichiers. Pire, le syndicat majoritaire n\u2019a pas \u00e9t\u00e9 en capacit\u00e9 de reconstituer le dit fichier. Les commissaires paritaires n\u2019ont pas de r\u00e9ponse \u00e0 donner aux coll\u00e8gues qui n\u2019ont pas obtenu de mutation. Alors qu\u2019est-ce que cela change avec le monde d\u2019avant, me direz-vous\u00a0? Au moins, avant, on avait un interlocuteur qui avait discut\u00e9 directement avec la Centrale et qui jouait son r\u00f4le de m\u00e9diateur. Quelqu\u2019un qui, par force de persuasion, donnait du sens \u00e0 cette opacit\u00e9 et qui trouvait les arguments pour vous donner la patience d\u2019attendre l\u2019ann\u00e9e suivante ou bien de reconstruire une strat\u00e9gie pour le deuxi\u00e8me voire le troisi\u00e8me mouvement. Le mandatement syndical permet d\u2019assurer une part du dialogue avec l\u2019administration, mais bien souvent, on n\u2019a pas d\u2019autre choix que de remettre le mouchoir dans sa poche.<\/p>\n\n\n\n<p>Le sn<em>U<\/em>.pden-FSU n\u2019a pas d\u2019\u00e9lu en CAPN. C\u2019est le r\u00e9sultat des \u00e9lections professionnelles. N\u00e9anmoins, dans nos \u00e9crits, nous avons d\u00e9fendu des positions invariables sur la loi de transformation de la Fonction Publique. Nous n\u2019en voulions pas et nous en avons expliqu\u00e9 les dangers. Il en est de m\u00eame avec le d\u00e9cret de modification de recrutement des personnels de direction qui abaisse le nombre d\u2019ann\u00e9es pour passer le concours de 5 \u00e0 4 et qui introduit une troisi\u00e8me voie, sans dipl\u00f4me, pour les responsables d\u2019association ou les personnes ayant b\u00e9n\u00e9fici\u00e9 de mandats \u00e9lectifs\u2026<\/p>\n\n\n\n<p>Nous savons dire que nous sommes d\u2019accord avec ce que l\u2019Institution propose quand ce qu\u2019elle \u00e9crit est porteur de sens et que cela am\u00e8ne des \u00e9l\u00e9ments de progr\u00e8s pour les \u00e9l\u00e8ves et les personnels. Nous savons \u00eatre critiques \u00e9galement. Nous savons \u00e9galement dire non et, en ce sens, nous ne sommes pas un syndicat de cogestion.<\/p>\n\n\n\n<p>Les points de bascule pour le syst\u00e8me sont \u00e9vidents\u00a0: fin de la Fonction Publique d\u2019Etat, nouveaux transferts de comp\u00e9tences \u00e0 la Fonction Publique Territoriale, place plus importante de la gestion manag\u00e9riale et d\u00e9sincarn\u00e9e des \u00e9tablissements, externalisation de pans entiers de notre syst\u00e8me \u00e9ducatif \u00e0 travers les 2S2C, r\u00e9duction drastique des enseignements si les \u00e9l\u00e8ves n&rsquo;ont plus classe qu&rsquo;\u00e0 mi-temps&#8230; Pour une majorit\u00e9 d\u2019entre nous, quelle que soit notre appartenance syndicale,<strong> cela ne peut pas constituer un cap raisonnable pour l\u2019\u00e9cole.<\/strong><\/p>\n\n\n\n<p>Le travail en bonne intelligence avec les \u00e9quipes enseignantes, administratives et territoriales est possible. Elle est porteuse de sens pour les \u00e9l\u00e8ves et les familles et permet la construction de projets d\u2019\u00e9tablissement dynamiques.<\/p>\n\n\n\n<p>Bien entendu, nous avons une pens\u00e9e pour nos coll\u00e8gues, pour qui cette ann\u00e9e a \u00e9t\u00e9 tr\u00e8s difficile, ceux pour qui cet \u00e9t\u00e9 sera rempli de questionnement sur les emplois du temps. Nous esp\u00e9rons que vous pourrez prendre le temps n\u00e9cessaire pour vous reposer. C\u2019est un temps n\u00e9cessaire, tout comme celui de la d\u00e9connexion.<\/p>\n\n\n\n<p><strong>Paris, le 29 juin 2020<\/strong><\/p>\n\n\n\n<p><strong>Le bureau national<\/strong><\/p>\n","protected":false},"excerpt":{"rendered":"<div class=\"mh-excerpt\"><p>Marqu\u00e9e par un mouvement social contre la R\u00e9forme des retraites puis par une mise en confinement de l\u2019ensemble de la population, l\u2019ann\u00e9e scolaire 2019-2020 a \u00e9t\u00e9 particuli\u00e8rement erratique et \u00e9puisante <a class=\"mh-excerpt-more\" href=\"https:\/\/snupden-fsu.fr\/index.php\/2020\/06\/29\/le-systeme-educatif-sur-un-point-de-bascule\/\" title=\"Le syst\u00e8me \u00e9ducatif sur un point de bascule\">[&#8230;]<\/a><\/p>\n<\/div>","protected":false},"author":9,"featured_media":0,"comment_status":"closed","ping_status":"closed","sticky":false,"template":"","format":"standard","meta":{"footnotes":""},"categories":[10,22,11,4,12],"tags":[182,183],"class_list":["post-929","post","type-post","status-publish","format-standard","hentry","category-actualites","category-carriere","category-college","category-edito","category-lycee","tag-point-de-bascule-pour-le-systeme-educatif","tag-rentree-2020"],"_links":{"self":[{"href":"https:\/\/snupden-fsu.fr\/index.php\/wp-json\/wp\/v2\/posts\/929","targetHints":{"allow":["GET"]}}],"collection":[{"href":"https:\/\/snupden-fsu.fr\/index.php\/wp-json\/wp\/v2\/posts"}],"about":[{"href":"https:\/\/snupden-fsu.fr\/index.php\/wp-json\/wp\/v2\/types\/post"}],"author":[{"embeddable":true,"href":"https:\/\/snupden-fsu.fr\/index.php\/wp-json\/wp\/v2\/users\/9"}],"replies":[{"embeddable":true,"href":"https:\/\/snupden-fsu.fr\/index.php\/wp-json\/wp\/v2\/comments?post=929"}],"version-history":[{"count":3,"href":"https:\/\/snupden-fsu.fr\/index.php\/wp-json\/wp\/v2\/posts\/929\/revisions"}],"predecessor-version":[{"id":933,"href":"https:\/\/snupden-fsu.fr\/index.php\/wp-json\/wp\/v2\/posts\/929\/revisions\/933"}],"wp:attachment":[{"href":"https:\/\/snupden-fsu.fr\/index.php\/wp-json\/wp\/v2\/media?parent=929"}],"wp:term":[{"taxonomy":"category","embeddable":true,"href":"https:\/\/snupden-fsu.fr\/index.php\/wp-json\/wp\/v2\/categories?post=929"},{"taxonomy":"post_tag","embeddable":true,"href":"https:\/\/snupden-fsu.fr\/index.php\/wp-json\/wp\/v2\/tags?post=929"}],"curies":[{"name":"wp","href":"https:\/\/api.w.org\/{rel}","templated":true}]}}