{"id":875,"date":"2020-05-14T18:30:44","date_gmt":"2020-05-14T16:30:44","guid":{"rendered":"http:\/\/snupden-fsu.fr\/?p=875"},"modified":"2023-08-24T16:30:44","modified_gmt":"2023-08-24T14:30:44","slug":"education-nationale-apres-le-confinement-la-garderie-scolaire","status":"publish","type":"post","link":"https:\/\/snupden-fsu.fr\/index.php\/2020\/05\/14\/education-nationale-apres-le-confinement-la-garderie-scolaire\/","title":{"rendered":"Education Nationale : apr\u00e8s le confinement, la garderie scolaire ?"},"content":{"rendered":"\n<p><em>Le retour des \u00e9l\u00e8ves se profile, apr\u00e8s une semaine de pr\u00e9paration tr\u00e8s compliqu\u00e9e, parfois rocambolesque, voire tout simplement impossible. Nous avons souvent eu le sentiment de vivre plusieurs journ\u00e9es en une seule. Plus qu&rsquo;un marathon, une \u00e9preuve, avec un retour de personnels \u00e9prouv\u00e9s par le confinement et qui doivent s&rsquo;acclimater \u00e0 des conditions de travail nouvelles et tr\u00e8s d\u00e9grad\u00e9es. Vous lirez ci-dessous notre analyse de l&rsquo;apr\u00e8s confinement. Bonne lecture, bon courage et surtout, surtout : prenez-soin de vous et de vos proches.<\/em><\/p>\n\n\n\n<p>Le protocole sanitaire national donne de nombreuses directives, parfois bien difficiles \u00e0 mettre en place dans les \u00e9tablissements. Vous trouverez sur notre site un document synth\u00e9tique qui peut aider les personnels de direction dans cette phase de finalisation des protocoles des coll\u00e8ges d\u00e9clin\u00e9s \u00e0 partir des consignes sanitaires nationales.<\/p>\n\n\n\n<p>Au-del\u00e0 des interrogations nombreuses sur les modalit\u00e9s et la pertinence d&rsquo;un retour des \u00e9l\u00e8ves \u00e0 partir du 18 mai des questions essentielles pour l\u2019avenir de l\u2019\u00c9ducation Nationale, de ses \u00e9l\u00e8ves et de ses personnels demandent une r\u00e9ponse dans les plus brefs d\u00e9lais&nbsp;:<\/p>\n\n\n\n<ul class=\"wp-block-list\"><li><strong>Orientation et affectation<\/strong>&nbsp;: pour permettre au plus grand nombre d\u2019\u00e9l\u00e8ves d\u2019obtenir satisfaction dans un v\u0153u d\u2019affectation r\u00e9ellement motiv\u00e9, une augmentation des capacit\u00e9s d\u2019accueil est n\u00e9cessaire&nbsp;;<\/li><li><strong>Examens<\/strong>&nbsp;:<ul><li>pour les baccalaur\u00e9ats&nbsp;: les modalit\u00e9s d\u2019attribution doivent \u00eatre pr\u00e9cis\u00e9es pour une d\u00e9livrance \u00e9quitable sur l\u2019ensemble du territoire ;<\/li><\/ul><ul><li>l\u2019oral de fran\u00e7ais doit \u00eatre abandonn\u00e9 pour des raisons p\u00e9dagogiques et organisationnelles&nbsp;;<\/li><\/ul><ul><li>pour le DNB, des modalit\u00e9s d\u2019attribution simplifi\u00e9es doivent \u00eatre mises en \u0153uvre sans mettre en difficult\u00e9 les \u00e9tablissements qui n\u2019\u00e9valuent plus par les notes. Une attribution prenant en compte les huit domaines du socle commun de CC pourrait le permettre<\/li><\/ul><\/li><li>Adaptation des programmes pour prendre en compte les conditions particuli\u00e8res d\u2019enseignement de la deuxi\u00e8me partie d\u2019ann\u00e9e scolaire&nbsp;;<\/li><li>Recrutement de personnels d\u2019enseignement suppl\u00e9mentaires pour permettre l\u2019augmentation des capacit\u00e9s d\u2019accueil et l\u2019all\u00e9gement des effectifs n\u00e9cessaires \u00e0 la r\u00e9ussite scolaire des \u00e9l\u00e8ves fragiles.<\/li><li>Abondement des fonds sociaux (divis\u00e9s par deux au budget 2020) pour r\u00e9pondre aux besoins des familles.<\/li><\/ul>\n\n\n\n<p>Ces premi\u00e8res r\u00e9gulations indispensables dans les jours \u00e0 venir devront s\u2019accompagner de choix politiques permettant d\u2019envisager l\u2019avenir en tirant les le\u00e7ons de la crise sanitaire pour effectivement engager une dynamique pour renforcer les politiques sociales ainsi que les Services Publics.<\/p>\n\n\n\n<p>L\u2019h\u00e9bergement des service \u00ab&nbsp;L\u2019\u00e9cole \u00e0 la maison&nbsp;\u00bb du CNED par Amazon montre notre d\u00e9pendance aux GAFAM et souligne que la route vers un \u00ab&nbsp;monde meilleur&nbsp;\u00bb n\u2019est pas encore trac\u00e9e.<\/p>\n\n\n\n<p>Parmi les principales mesures pour lesquelles nous nous mobiliserons, nous citons&nbsp;:<\/p>\n\n\n\n<ul class=\"wp-block-list\"><li>La relance du recrutement et du d\u00e9veloppement des Services Publics qui ont \u00e9t\u00e9 lou\u00e9s ces derni\u00e8res semaines, dans les trois fonctions publiques&nbsp;;<\/li><li>&nbsp;Le d\u00e9blocage des r\u00e9mun\u00e9rations des fonctionnaires, qui ne soit pas simplement li\u00e9<s>s<\/s> \u00e0 l\u2019attribution de primes exceptionnelles&nbsp;;<\/li><li>Une fiscalit\u00e9 qui&nbsp;:<ul><li>prenne en compte les b\u00e9n\u00e9fices engrang\u00e9s par certains grands groupes pendant la p\u00e9riode de confinement,<\/li><li>&nbsp;favorise l\u2019investissement au d\u00e9triment de la r\u00e9mun\u00e9ration des actionnaires,<\/li><li>pr\u00e9l\u00e8ve sur les plus riches et non sur les classes moyennes et populaires&nbsp;;<\/li><\/ul><\/li><li>La mise en \u0153uvre du 100% s\u00e9curit\u00e9 sociale pour la prise en charge de tous les risques sociaux,<\/li><li>la relocalisation industrielle&nbsp;: la d\u00e9sindustrialisation de notre pays et le transfert de nombreuses productions vers l&rsquo;Asie, notamment celles du domaine de la sant\u00e9, ont montr\u00e9 leurs limites. Il faut relocaliser les productions essentielles \u00e0 notre ind\u00e9pendance sanitaire mais pas que. Relocalisation qui doit donner naissance \u00e0 un p\u00f4le public du m\u00e9dicament dont les vaccins qui sont un bien commun. Ces derniers n\u00e9cessitent une coop\u00e9ration internationale.<\/li><\/ul>\n\n\n\n<p>L\u2019intensit\u00e9 du travail pr\u00e9paratoire n\u00e9cessaire pour assurer le retour des \u00e9l\u00e8ves dans des conditions sanitaires acceptables, ne doit pas faire oublier que ce retour s\u2019effectuera malgr\u00e9 tous les efforts des personnels, dans des conditions d\u00e9grad\u00e9es qui n\u00e9cessiteront souvent des mises en \u0153uvre p\u00e9dagogiques contradictoires avec les pratiques que nous cherchons \u00e0 d\u00e9velopper avec les \u00e9l\u00e8ves, dont les interactions sociales constituent le c\u0153ur. Nos efforts ne doivent pas nous conduire \u00e0 ouvrir les \u00e9tablissements si toutes les conditions sanitaires, mat\u00e9rielles et organisationnelles permettant la reprise dans des conditions de s\u00e9curit\u00e9 optimales ne sont pas r\u00e9unies. Nous appuierons tous les coll\u00e8gues qui seraient amen\u00e9s \u00e0 y renoncer. Ces efforts doivent renforcer notre engagement en faveur d&rsquo;une \u00c9ducation Nationale bien meurtrie ces derni\u00e8res ann\u00e9es afin de retrouver une ambition renouvel\u00e9e pour l\u2019Ecole de la R\u00e9publique.<\/p>\n\n\n\n<p>Enfin, tous ces efforts doivent \u00eatre reconnus et permettre aux personnels de direction de prendre de r\u00e9elles vacances cet \u00e9t\u00e9. Elles ne devront pas \u00eatre r\u00e9duites, au motif de la n\u00e9cessit\u00e9 de l\u2019accompagnement des \u00e9l\u00e8ves pendant le temps de vacances. Les collectivit\u00e9s locales et les structures \u00e9ducatives et de loisirs, les associations de l\u2019\u00e9ducation populaire doivent \u00eatre au c\u0153ur de ces dispositifs pendant les mois d\u2019\u00e9t\u00e9.<\/p>\n\n\n\n<p>Le sn<em>U.<\/em>pden-FSU participera \u00e0 cette construction d\u2019un lendemain qui r\u00e9ponde \u00e0 nos aspirations. La crise sanitaire, l\u2019accentuation des in\u00e9galit\u00e9s sociales, de l\u2019injustice des d\u00e9cisions gouvernementales doivent nous permettre de construire, souvent par nos luttes, un monde meilleur.<\/p>\n\n\n\n<p><strong>Igor GARNCARZYK<\/strong><\/p>\n\n\n\n<p><strong>Secr\u00e9taire national du sn<em>U<\/em>.pden-FSU<\/strong><\/p>\n","protected":false},"excerpt":{"rendered":"<div class=\"mh-excerpt\"><p>Le retour des \u00e9l\u00e8ves se profile, apr\u00e8s une semaine de pr\u00e9paration tr\u00e8s compliqu\u00e9e, parfois rocambolesque, voire tout simplement impossible. Nous avons souvent eu le sentiment de vivre plusieurs journ\u00e9es en <a class=\"mh-excerpt-more\" href=\"https:\/\/snupden-fsu.fr\/index.php\/2020\/05\/14\/education-nationale-apres-le-confinement-la-garderie-scolaire\/\" title=\"Education Nationale : apr\u00e8s le confinement, la garderie scolaire ?\">[&#8230;]<\/a><\/p>\n<\/div>","protected":false},"author":4,"featured_media":0,"comment_status":"closed","ping_status":"closed","sticky":false,"template":"","format":"standard","meta":{"footnotes":""},"categories":[10,11,101,139,4,12],"tags":[163,164],"class_list":["post-875","post","type-post","status-publish","format-standard","hentry","category-actualites","category-college","category-communique","category-coronavirus","category-edito","category-lycee","tag-reprise-le-18-mai","tag-sortie-de-confinement"],"_links":{"self":[{"href":"https:\/\/snupden-fsu.fr\/index.php\/wp-json\/wp\/v2\/posts\/875","targetHints":{"allow":["GET"]}}],"collection":[{"href":"https:\/\/snupden-fsu.fr\/index.php\/wp-json\/wp\/v2\/posts"}],"about":[{"href":"https:\/\/snupden-fsu.fr\/index.php\/wp-json\/wp\/v2\/types\/post"}],"author":[{"embeddable":true,"href":"https:\/\/snupden-fsu.fr\/index.php\/wp-json\/wp\/v2\/users\/4"}],"replies":[{"embeddable":true,"href":"https:\/\/snupden-fsu.fr\/index.php\/wp-json\/wp\/v2\/comments?post=875"}],"version-history":[{"count":4,"href":"https:\/\/snupden-fsu.fr\/index.php\/wp-json\/wp\/v2\/posts\/875\/revisions"}],"predecessor-version":[{"id":889,"href":"https:\/\/snupden-fsu.fr\/index.php\/wp-json\/wp\/v2\/posts\/875\/revisions\/889"}],"wp:attachment":[{"href":"https:\/\/snupden-fsu.fr\/index.php\/wp-json\/wp\/v2\/media?parent=875"}],"wp:term":[{"taxonomy":"category","embeddable":true,"href":"https:\/\/snupden-fsu.fr\/index.php\/wp-json\/wp\/v2\/categories?post=875"},{"taxonomy":"post_tag","embeddable":true,"href":"https:\/\/snupden-fsu.fr\/index.php\/wp-json\/wp\/v2\/tags?post=875"}],"curies":[{"name":"wp","href":"https:\/\/api.w.org\/{rel}","templated":true}]}}