{"id":852,"date":"2020-04-09T15:24:07","date_gmt":"2020-04-09T13:24:07","guid":{"rendered":"http:\/\/snupden-fsu.fr\/?p=852"},"modified":"2023-08-24T16:30:45","modified_gmt":"2023-08-24T14:30:45","slug":"covid-19-loccasion-de-changer-de-paradigme","status":"publish","type":"post","link":"https:\/\/snupden-fsu.fr\/index.php\/2020\/04\/09\/covid-19-loccasion-de-changer-de-paradigme\/","title":{"rendered":"Covid 19 : l&rsquo;occasion de changer de paradigme ?"},"content":{"rendered":"\n<p>De la modestie et de l\u2019honn\u00eatet\u00e9 politique, c\u2019est ce que nous demandons \u00e0 notre ministre.<\/p>\n\n\n\n<p>Si nous acceptons que dans le cadre de la pand\u00e9mie et de l\u2019urgence sanitaire quelques mesures exceptionnelles soient mises en \u0153uvre dans le cadre de la loi d\u2019urgence sanitaire, nous serons inflexibles sur certains principes&nbsp;:<\/p>\n\n\n\n<ul class=\"wp-block-list\"><li>Les mesures exceptionnelles ne doivent aucunement pr\u00e9sager du droit commun ult\u00e9rieur \u00e0 la crise sanitaire, que ce soit pour l\u2019Education Nationale (examens, \u2026), les libert\u00e9s publiques (tra\u00e7age, \u2026) ou sociales (dur\u00e9e du temps de travail, cong\u00e9s\u2026)<\/li><li>La communication scientifique doit demeurer totalement ind\u00e9pendante de la communication politique. Nous devons pouvoir avoir une confiance ind\u00e9fectible dans la parole de nos scientifiques, ind\u00e9pendamment de toute contingence politique.<\/li><li>Pour l\u2019Education Nationale, nous demandons \u00e0 notre ministre d\u2019avoir une communication modeste qui abandonne la fanfaronnade politique. Il ne doit plus y avoir d\u2019annonces clinquantes d\u00e9connect\u00e9es des r\u00e9alit\u00e9s de terrain. Les personnels de direction doivent \u00eatre inform\u00e9s, \u00e0 minima en temps r\u00e9els, par des canaux institutionnels des prises de d\u00e9cisions minist\u00e9rielles. Tel n\u2019a pas encore \u00e9t\u00e9 le cas lors des annonces sur les am\u00e9nagements des examens pour la session 2020. Quand aurons-nous les pr\u00e9cisions par des textes r\u00e9glementaires indispensables \u00e0 l\u2019information pr\u00e9cise des personnels, des \u00e9l\u00e8ves et des familles&nbsp;?<\/li><\/ul>\n\n\n\n<p>Bien que le confinement se poursuive certainement plusieurs semaines encore, force est d\u2019anticiper pour pr\u00e9parer une phase (ou des phases de d\u00e9confinement ?) qui s\u2019av\u00e8rera encore plus complexe que celle du confinement.<\/p>\n\n\n\n<p>Les experts de nombreuses disciplines permettent au gouvernement d\u2019avoir les informations n\u00e9cessaires \u00e0 des prises de d\u00e9cisions dans un contexte complexe.<\/p>\n\n\n\n<p>La s\u00e9curit\u00e9 sanitaire devra pr\u00e9valoir, au-del\u00e0 de toute autre consid\u00e9ration. La notion de confiance sera primordiale, confiance dans les mesures prises, confiance dans la parole de nos dirigeants. La coh\u00e9rence des consignes du minist\u00e8re de la Sant\u00e9, du minist\u00e8re de l&rsquo;Education Nationale et des ARS, devra \u00eatre infaillible.<\/p>\n\n\n\n<p>Nous devrons avoir du temps dans les \u00e9tablissements pour nous y pr\u00e9parer&nbsp;notamment :<\/p>\n\n\n\n<ul class=\"wp-block-list\"><li>Appropriation des consignes sanitaires (usage des tests, confinement de certaines personnes, \u2026)<\/li><li>Equipement en mat\u00e9riel sanitaire (masques de protection, gel, \u2026)<\/li><li>Ad\u00e9quation avec les mesures prises par les collectivit\u00e9s locales<\/li><\/ul>\n\n\n\n<p>L\u2019interview de Christophe Prudhomme, porte-parole de l&rsquo;AMUF (Association des M\u00e9decins Urgentistes de France, f\u00e9d\u00e9ration CGT de la sant\u00e9 et de l&rsquo;action sociale) doit contribuer \u00e0 notre r\u00e9flexion.<\/p>\n\n\n\n<p>Enfin, la crise sanitaire que nous vivons, doit \u00eatre l&rsquo;occasion de changer de cap pour retrouver les orientations des politiques publiques que nous n\u2019aurions jamais d\u00fb perdre&nbsp;:<\/p>\n\n\n\n<ul class=\"wp-block-list\"><li>Valorisation des services publics notamment en leur donnant les moyens de leur action,<\/li><li>Des id\u00e9aux de solidarit\u00e9,<\/li><li>Des relations humaines respectueuses de la professionnalit\u00e9 et des personnes.<\/li><\/ul>\n\n\n\n<p>Enfin, engager la r\u00e9duction des in\u00e9galit\u00e9s sociales et territoriales. Le monde de demain, sur ces valeurs, ne s\u2019\u00e9tablira pas sans luttes. Le sn<em>U<\/em>.pden-FSU saura prendre toute sa part.<\/p>\n\n\n\n<p>Pour l\u2019\u00c9ducation Nationale, les conditions, que nous connaissons, montrent bien que la pr\u00e9sence physique des \u00e9l\u00e8ves et des enseignants est indispensable \u00e0 une r\u00e9elle relation p\u00e9dagogique et au progr\u00e8s de ceux-ci. La belle image produite par l\u2019engagement fort de tous les personnels de l\u2019Education Nationale doit \u00eatre valoris\u00e9e, reconnue et mise en valeur, aupr\u00e8s des usagers et par le gouvernement. Pour le sn<em>U<\/em>.pden-FSU, cela doit passer par le d\u00e9blocage imm\u00e9diat de la valeur du point d\u2019indice et par des recrutements massifs qui sont indispensables \u00e0 une r\u00e9elle r\u00e9duction des in\u00e9galit\u00e9s. On ne saurait passer \u00e0 c\u00f4t\u00e9, \u00e9galement, d\u2019une reconnaissance institutionnelle du travail des personnels de direction en cette p\u00e9riode complexe.<\/p>\n\n\n\n<p><strong>Igor Garncarzyk<\/strong><\/p>\n\n\n\n<p><strong>Secr\u00e9taire national du sn<em>U<\/em>.pden-FSU<\/strong><\/p>\n","protected":false},"excerpt":{"rendered":"<div class=\"mh-excerpt\"><p>De la modestie et de l\u2019honn\u00eatet\u00e9 politique, c\u2019est ce que nous demandons \u00e0 notre ministre. Si nous acceptons que dans le cadre de la pand\u00e9mie et de l\u2019urgence sanitaire quelques <a class=\"mh-excerpt-more\" href=\"https:\/\/snupden-fsu.fr\/index.php\/2020\/04\/09\/covid-19-loccasion-de-changer-de-paradigme\/\" title=\"Covid 19 : l&rsquo;occasion de changer de paradigme ?\">[&#8230;]<\/a><\/p>\n<\/div>","protected":false},"author":4,"featured_media":0,"comment_status":"closed","ping_status":"closed","sticky":false,"template":"","format":"standard","meta":{"footnotes":""},"categories":[10,11,140,139,4,12],"tags":[155,156,154],"class_list":["post-852","post","type-post","status-publish","format-standard","hentry","category-actualites","category-college","category-continuite-pedagogique","category-coronavirus","category-edito","category-lycee","tag-changement-de-paradigme","tag-coherence-des-consignes-sanitaires","tag-covid-19"],"_links":{"self":[{"href":"https:\/\/snupden-fsu.fr\/index.php\/wp-json\/wp\/v2\/posts\/852","targetHints":{"allow":["GET"]}}],"collection":[{"href":"https:\/\/snupden-fsu.fr\/index.php\/wp-json\/wp\/v2\/posts"}],"about":[{"href":"https:\/\/snupden-fsu.fr\/index.php\/wp-json\/wp\/v2\/types\/post"}],"author":[{"embeddable":true,"href":"https:\/\/snupden-fsu.fr\/index.php\/wp-json\/wp\/v2\/users\/4"}],"replies":[{"embeddable":true,"href":"https:\/\/snupden-fsu.fr\/index.php\/wp-json\/wp\/v2\/comments?post=852"}],"version-history":[{"count":2,"href":"https:\/\/snupden-fsu.fr\/index.php\/wp-json\/wp\/v2\/posts\/852\/revisions"}],"predecessor-version":[{"id":857,"href":"https:\/\/snupden-fsu.fr\/index.php\/wp-json\/wp\/v2\/posts\/852\/revisions\/857"}],"wp:attachment":[{"href":"https:\/\/snupden-fsu.fr\/index.php\/wp-json\/wp\/v2\/media?parent=852"}],"wp:term":[{"taxonomy":"category","embeddable":true,"href":"https:\/\/snupden-fsu.fr\/index.php\/wp-json\/wp\/v2\/categories?post=852"},{"taxonomy":"post_tag","embeddable":true,"href":"https:\/\/snupden-fsu.fr\/index.php\/wp-json\/wp\/v2\/tags?post=852"}],"curies":[{"name":"wp","href":"https:\/\/api.w.org\/{rel}","templated":true}]}}