{"id":705,"date":"2019-12-18T09:21:01","date_gmt":"2019-12-18T08:21:01","guid":{"rendered":"http:\/\/snupden-fsu.fr\/?p=705"},"modified":"2020-10-14T14:35:50","modified_gmt":"2020-10-14T12:35:50","slug":"reforme-de-la-fonction-publique","status":"publish","type":"post","link":"https:\/\/snupden-fsu.fr\/index.php\/2019\/12\/18\/reforme-de-la-fonction-publique\/","title":{"rendered":"REFORME DE LA FONCTION PUBLIQUE"},"content":{"rendered":"\n<p>Le gouvernement a d\u00e9cid\u00e9 de s&rsquo;en prendre \u00e0 la Fonction Publique et notamment&nbsp; au statut \u00e9labor\u00e9 en 1946 puis confirm\u00e9 par plusieurs lois entre 1982 et 1984. Le projet de loi nie la dimension du fonctionnaire au service de l&rsquo;int\u00e9r\u00eat g\u00e9n\u00e9ral pour mettre en place un statut de fonctionnaire \u00ab aux ordres \u00bb.<\/p>\n\n\n\n<p>Le projet de loi dit Loi\nDussopt est l&rsquo;outil de cette mise en pi\u00e8ce de la Fonction Publique, il&nbsp; comporte 4 titres&nbsp;:<\/p>\n\n\n\n<ul class=\"wp-block-list\"><li>\u201cPromouvoir un dialogue social plus strat\u00e9gique, efficace et r\u00e9actif, dans le respect des garanties des agents publics\u201d ;<\/li><li>\u201cTransformer et simplifier le cadre de gestion des ressources humaines pour une action publique plus efficace\u201d ;<\/li><li>\u201cFavoriser la mobilit\u00e9 et accompagner les transitions professionnelles des agents publics\u201d<\/li><li>\u201cRenforcer l\u2019\u00e9galit\u00e9 professionnelle\u201d.<\/li><\/ul>\n\n\n\n<p><strong>LE DIALOGUE SOCIAL&nbsp;<\/strong>:<\/p>\n\n\n\n<p>Contrairement au tire de cette partie, c&rsquo;est la n\u00e9gation du dialogue social qui est instaur\u00e9e avec&nbsp; la suppression des commissions paritaires. Les mutations, promotions \u2026.seraient d\u00e9cid\u00e9es par l&rsquo;Administration seule. Le fonctionnaire ne pourrait contester qu&rsquo;en saisissant le tribunal administratif. <strong>Ainsi, chacun serait seul pour d\u00e9fendre ses droits&#8230; O\u00f9 est l&rsquo;efficacit\u00e9 ? Quelles sont les garanties pour les fonctionnaires ?<\/strong><\/p>\n\n\n\n<p>La fusion des CHSCT et des CT va entra\u00eener entre autres des difficult\u00e9s pour les repr\u00e9sentants du personnel d&rsquo;intervenir sur les obligations de l&#8217;employeur en mati\u00e8re de sant\u00e9 et de s\u00e9curit\u00e9 au travail et revendiquer l&rsquo;am\u00e9lioration des conditions de travail.<strong> Comment seront prises en compte les demandes de la profession sur ce dernier point ?<\/strong><\/p>\n\n\n\n<p><strong>GESTION DES RESSOURCES\nHUMAINES&nbsp;:<\/strong><\/p>\n\n\n\n<p>Le projet de loi pr\u00e9voit le recours\nen plus grand nombre \u00e0 des contractuels avec notamment la cr\u00e9ation&nbsp; d&rsquo;un \u00ab&nbsp;contrat de projet&nbsp;\u00bb&nbsp; qui est la copie du \u00ab&nbsp;contrat de\nmission&nbsp;\u00bb existant dans le priv\u00e9, cr\u00e9ation justifi\u00e9e par \u00ab&nbsp;la\nsp\u00e9cificit\u00e9 et la dur\u00e9e de certaines fonctions&nbsp;\u00bb.<\/p>\n\n\n\n<p><strong>Le recours massif \u00e0 des contactuels va entra\u00eener une pr\u00e9carisation accrue des personnels. Le recrutement au bon vouloir de l&#8217;employeur  de contractuels va entra\u00eener \u00e0 terme la disparition du statut de la Fonction Publique. Est-ce bien cela que nous voulons ?<\/strong><\/p>\n\n\n\n<p><strong>MOBILITE ET TRANSITION\nPROFESSIONNELLE&nbsp;:<\/strong><\/p>\n\n\n\n<p>&nbsp;Afin de mener \u00e0 bien la suppression de 120 000\nemplois dans la Fonction Publique, sont pr\u00e9vues des possibilit\u00e9s de d\u00e9tachement\nvers le priv\u00e9, l&rsquo;introduction d\u2019une rupture conventionnelle voire la mobilit\u00e9\nimpos\u00e9e, etc\u2026<\/p>\n\n\n\n<p><strong>Ce pas suppl\u00e9mentaire vers le priv\u00e9 laisse craindre des pressions appuy\u00e9es sur les personnels de mani\u00e8re \u00e0 garantir les objectifs fix\u00e9s.<\/strong><\/p>\n\n\n\n<p><strong>RENFORCER L&rsquo;EGALITE\nPROFESSIONNELLE&nbsp;:<\/strong><\/p>\n\n\n\n<p>Le projet de loi pr\u00e9voit ainsi\nl\u2019obligation pour les employeurs publics d\u2019\u00e9laborer un plan d\u2019action \u201c\u00e9galit\u00e9\nprofessionnelle\u201d pluriannuel ; l\u2019exon\u00e9ration du jour de carence pour les femmes\nenceintes du secteur public ; le respect de l\u2019\u00e9galit\u00e9 entre les femmes et les\nhommes dans les proc\u00e9dures d\u2019avancement ; l\u2019obligation pour les employeurs\npublics de mettre en place un dispositif de \u201csignalement des violences, de\ntraitement et de suivi des violences sexuelles, du harc\u00e8lement et des\nagissements sexistes\u201d et l\u2019extension du dispositif des nominations \u00e9quilibr\u00e9es\naux dirigeants des \u00e9tablissements publics de l\u2019\u00c9tat notamment.<\/p>\n\n\n\n<p>La philosophie qui porte ce texte consiste \u00e0 remplacer peu \u00e0 peu les fonctionnaires sous statut par des contractuels de droit priv\u00e9, \u00e0 acc\u00e9l\u00e9rer le passage de certains services publics au secteur priv\u00e9 au nom de la rentabilit\u00e9.<\/p>\n\n\n\n<p>Pour le sn<strong><em>U.<\/em><\/strong>pden <strong>FSU<\/strong> cette loi est \u00e0 combattre avec force car il en va de l&rsquo;avenir de notre mod\u00e8le social et de ses services publics. Services publics qui doivent \u00eatre accessibles \u00e0 tous et sur tout le territoire.<\/p>\n\n\n\n<p class=\"has-text-align-right\"><strong>Paris, le 16 mars 2019<\/strong><\/p>\n\n\n\n<p class=\"has-text-align-right\"><strong>Le bureau national<\/strong><br><\/p>\n\n\n<p><!--EndFragment--><br>\n<br>\n<\/p>","protected":false},"excerpt":{"rendered":"<div class=\"mh-excerpt\"><p>Le gouvernement a d\u00e9cid\u00e9 de s&rsquo;en prendre \u00e0 la Fonction Publique et notamment&nbsp; au statut \u00e9labor\u00e9 en 1946 puis confirm\u00e9 par plusieurs lois entre 1982 et 1984. Le projet de <a class=\"mh-excerpt-more\" href=\"https:\/\/snupden-fsu.fr\/index.php\/2019\/12\/18\/reforme-de-la-fonction-publique\/\" title=\"REFORME DE LA FONCTION PUBLIQUE\">[&#8230;]<\/a><\/p>\n<\/div>","protected":false},"author":9,"featured_media":0,"comment_status":"closed","ping_status":"closed","sticky":false,"template":"","format":"standard","meta":{"_bbp_topic_count":0,"_bbp_reply_count":0,"_bbp_total_topic_count":0,"_bbp_total_reply_count":0,"_bbp_voice_count":0,"_bbp_anonymous_reply_count":0,"_bbp_topic_count_hidden":0,"_bbp_reply_count_hidden":0,"_bbp_forum_subforum_count":0,"_exactmetrics_skip_tracking":false,"_exactmetrics_sitenote_active":false,"_exactmetrics_sitenote_note":"","_exactmetrics_sitenote_category":0,"footnotes":""},"categories":[102],"tags":[205,204],"class_list":["post-705","post","type-post","status-publish","format-standard","hentry","category-fonction-publique","tag-snupden-fsu","tag-snupden"],"yoast_head":"<!-- This site is optimized with the Yoast SEO plugin v18.5.1 - https:\/\/yoast.com\/wordpress\/plugins\/seo\/ -->\n<title>REFORME DE LA FONCTION PUBLIQUE -<\/title>\n<meta name=\"robots\" content=\"index, follow, max-snippet:-1, max-image-preview:large, max-video-preview:-1\" \/>\n<link rel=\"canonical\" href=\"https:\/\/snupden-fsu.fr\/index.php\/2019\/12\/18\/reforme-de-la-fonction-publique\/\" \/>\n<meta property=\"og:locale\" content=\"fr_FR\" \/>\n<meta property=\"og:type\" content=\"article\" \/>\n<meta property=\"og:title\" content=\"REFORME DE LA FONCTION PUBLIQUE -\" \/>\n<meta property=\"og:description\" content=\"Le gouvernement a d\u00e9cid\u00e9 de s&rsquo;en prendre \u00e0 la Fonction Publique et notamment&nbsp; au statut \u00e9labor\u00e9 en 1946 puis confirm\u00e9 par plusieurs lois entre 1982 et 1984. Le projet de [...]\" \/>\n<meta property=\"og:url\" content=\"https:\/\/snupden-fsu.fr\/index.php\/2019\/12\/18\/reforme-de-la-fonction-publique\/\" \/>\n<meta property=\"article:published_time\" content=\"2019-12-18T08:21:01+00:00\" \/>\n<meta property=\"article:modified_time\" content=\"2020-10-14T12:35:50+00:00\" \/>\n<meta name=\"twitter:card\" content=\"summary_large_image\" \/>\n<meta name=\"twitter:label1\" content=\"\u00c9crit par\" \/>\n\t<meta name=\"twitter:data1\" content=\"Bureau national\" \/>\n\t<meta name=\"twitter:label2\" content=\"Dur\u00e9e de lecture estim\u00e9e\" \/>\n\t<meta name=\"twitter:data2\" content=\"3 minutes\" \/>\n<script type=\"application\/ld+json\" class=\"yoast-schema-graph\">{\"@context\":\"https:\/\/schema.org\",\"@graph\":[{\"@type\":\"Organization\",\"@id\":\"https:\/\/snupden-fsu.fr\/#organization\",\"name\":\"snU.Pden-FSU\",\"url\":\"https:\/\/snupden-fsu.fr\/\",\"sameAs\":[],\"logo\":{\"@type\":\"ImageObject\",\"@id\":\"https:\/\/snupden-fsu.fr\/#logo\",\"inLanguage\":\"fr-FR\",\"url\":\"http:\/\/snupden-fsu.fr\/wp-content\/uploads\/2018\/03\/logo_snupden-3.jpg\",\"contentUrl\":\"http:\/\/snupden-fsu.fr\/wp-content\/uploads\/2018\/03\/logo_snupden-3.jpg\",\"width\":612,\"height\":183,\"caption\":\"snU.Pden-FSU\"},\"image\":{\"@id\":\"https:\/\/snupden-fsu.fr\/#logo\"}},{\"@type\":\"WebSite\",\"@id\":\"https:\/\/snupden-fsu.fr\/#website\",\"url\":\"https:\/\/snupden-fsu.fr\/\",\"name\":\"snU.pden-FSU\",\"description\":\"Le snU.pden-FSU devient FSU Per Dir\",\"publisher\":{\"@id\":\"https:\/\/snupden-fsu.fr\/#organization\"},\"potentialAction\":[{\"@type\":\"SearchAction\",\"target\":{\"@type\":\"EntryPoint\",\"urlTemplate\":\"https:\/\/snupden-fsu.fr\/?s={search_term_string}\"},\"query-input\":\"required name=search_term_string\"}],\"inLanguage\":\"fr-FR\"},{\"@type\":\"WebPage\",\"@id\":\"https:\/\/snupden-fsu.fr\/index.php\/2019\/12\/18\/reforme-de-la-fonction-publique\/#webpage\",\"url\":\"https:\/\/snupden-fsu.fr\/index.php\/2019\/12\/18\/reforme-de-la-fonction-publique\/\",\"name\":\"REFORME DE LA FONCTION PUBLIQUE -\",\"isPartOf\":{\"@id\":\"https:\/\/snupden-fsu.fr\/#website\"},\"datePublished\":\"2019-12-18T08:21:01+00:00\",\"dateModified\":\"2020-10-14T12:35:50+00:00\",\"breadcrumb\":{\"@id\":\"https:\/\/snupden-fsu.fr\/index.php\/2019\/12\/18\/reforme-de-la-fonction-publique\/#breadcrumb\"},\"inLanguage\":\"fr-FR\",\"potentialAction\":[{\"@type\":\"ReadAction\",\"target\":[\"https:\/\/snupden-fsu.fr\/index.php\/2019\/12\/18\/reforme-de-la-fonction-publique\/\"]}]},{\"@type\":\"BreadcrumbList\",\"@id\":\"https:\/\/snupden-fsu.fr\/index.php\/2019\/12\/18\/reforme-de-la-fonction-publique\/#breadcrumb\",\"itemListElement\":[{\"@type\":\"ListItem\",\"position\":1,\"name\":\"Accueil\",\"item\":\"https:\/\/snupden-fsu.fr\/\"},{\"@type\":\"ListItem\",\"position\":2,\"name\":\"REFORME DE LA FONCTION PUBLIQUE\"}]},{\"@type\":\"Article\",\"@id\":\"https:\/\/snupden-fsu.fr\/index.php\/2019\/12\/18\/reforme-de-la-fonction-publique\/#article\",\"isPartOf\":{\"@id\":\"https:\/\/snupden-fsu.fr\/index.php\/2019\/12\/18\/reforme-de-la-fonction-publique\/#webpage\"},\"author\":{\"@id\":\"https:\/\/snupden-fsu.fr\/#\/schema\/person\/1edf71884cc9d0706bf4b4b380456f72\"},\"headline\":\"REFORME DE LA FONCTION PUBLIQUE\",\"datePublished\":\"2019-12-18T08:21:01+00:00\",\"dateModified\":\"2020-10-14T12:35:50+00:00\",\"mainEntityOfPage\":{\"@id\":\"https:\/\/snupden-fsu.fr\/index.php\/2019\/12\/18\/reforme-de-la-fonction-publique\/#webpage\"},\"wordCount\":616,\"publisher\":{\"@id\":\"https:\/\/snupden-fsu.fr\/#organization\"},\"keywords\":[\"snu.pden-FSU\",\"snupden\"],\"articleSection\":[\"Fonction publique\"],\"inLanguage\":\"fr-FR\"},{\"@type\":\"Person\",\"@id\":\"https:\/\/snupden-fsu.fr\/#\/schema\/person\/1edf71884cc9d0706bf4b4b380456f72\",\"name\":\"Bureau national\",\"image\":{\"@type\":\"ImageObject\",\"@id\":\"https:\/\/snupden-fsu.fr\/#personlogo\",\"inLanguage\":\"fr-FR\",\"url\":\"https:\/\/secure.gravatar.com\/avatar\/a5ca06c32142c6dde84bb9bd5e7908779d6b092fef2b54818fd5a687421141d9?s=96&d=mm&r=g\",\"contentUrl\":\"https:\/\/secure.gravatar.com\/avatar\/a5ca06c32142c6dde84bb9bd5e7908779d6b092fef2b54818fd5a687421141d9?s=96&d=mm&r=g\",\"caption\":\"Bureau national\"},\"url\":\"https:\/\/snupden-fsu.fr\/index.php\/author\/bureau-national\/\"}]}<\/script>\n<!-- \/ Yoast SEO plugin. -->","yoast_head_json":{"title":"REFORME DE LA FONCTION PUBLIQUE -","robots":{"index":"index","follow":"follow","max-snippet":"max-snippet:-1","max-image-preview":"max-image-preview:large","max-video-preview":"max-video-preview:-1"},"canonical":"https:\/\/snupden-fsu.fr\/index.php\/2019\/12\/18\/reforme-de-la-fonction-publique\/","og_locale":"fr_FR","og_type":"article","og_title":"REFORME DE LA FONCTION PUBLIQUE -","og_description":"Le gouvernement a d\u00e9cid\u00e9 de s&rsquo;en prendre \u00e0 la Fonction Publique et notamment&nbsp; au statut \u00e9labor\u00e9 en 1946 puis confirm\u00e9 par plusieurs lois entre 1982 et 1984. Le projet de [...]","og_url":"https:\/\/snupden-fsu.fr\/index.php\/2019\/12\/18\/reforme-de-la-fonction-publique\/","article_published_time":"2019-12-18T08:21:01+00:00","article_modified_time":"2020-10-14T12:35:50+00:00","twitter_card":"summary_large_image","twitter_misc":{"\u00c9crit par":"Bureau national","Dur\u00e9e de lecture estim\u00e9e":"3 minutes"},"schema":{"@context":"https:\/\/schema.org","@graph":[{"@type":"Organization","@id":"https:\/\/snupden-fsu.fr\/#organization","name":"snU.Pden-FSU","url":"https:\/\/snupden-fsu.fr\/","sameAs":[],"logo":{"@type":"ImageObject","@id":"https:\/\/snupden-fsu.fr\/#logo","inLanguage":"fr-FR","url":"http:\/\/snupden-fsu.fr\/wp-content\/uploads\/2018\/03\/logo_snupden-3.jpg","contentUrl":"http:\/\/snupden-fsu.fr\/wp-content\/uploads\/2018\/03\/logo_snupden-3.jpg","width":612,"height":183,"caption":"snU.Pden-FSU"},"image":{"@id":"https:\/\/snupden-fsu.fr\/#logo"}},{"@type":"WebSite","@id":"https:\/\/snupden-fsu.fr\/#website","url":"https:\/\/snupden-fsu.fr\/","name":"snU.pden-FSU","description":"Le snU.pden-FSU devient FSU Per Dir","publisher":{"@id":"https:\/\/snupden-fsu.fr\/#organization"},"potentialAction":[{"@type":"SearchAction","target":{"@type":"EntryPoint","urlTemplate":"https:\/\/snupden-fsu.fr\/?s={search_term_string}"},"query-input":"required name=search_term_string"}],"inLanguage":"fr-FR"},{"@type":"WebPage","@id":"https:\/\/snupden-fsu.fr\/index.php\/2019\/12\/18\/reforme-de-la-fonction-publique\/#webpage","url":"https:\/\/snupden-fsu.fr\/index.php\/2019\/12\/18\/reforme-de-la-fonction-publique\/","name":"REFORME DE LA FONCTION PUBLIQUE -","isPartOf":{"@id":"https:\/\/snupden-fsu.fr\/#website"},"datePublished":"2019-12-18T08:21:01+00:00","dateModified":"2020-10-14T12:35:50+00:00","breadcrumb":{"@id":"https:\/\/snupden-fsu.fr\/index.php\/2019\/12\/18\/reforme-de-la-fonction-publique\/#breadcrumb"},"inLanguage":"fr-FR","potentialAction":[{"@type":"ReadAction","target":["https:\/\/snupden-fsu.fr\/index.php\/2019\/12\/18\/reforme-de-la-fonction-publique\/"]}]},{"@type":"BreadcrumbList","@id":"https:\/\/snupden-fsu.fr\/index.php\/2019\/12\/18\/reforme-de-la-fonction-publique\/#breadcrumb","itemListElement":[{"@type":"ListItem","position":1,"name":"Accueil","item":"https:\/\/snupden-fsu.fr\/"},{"@type":"ListItem","position":2,"name":"REFORME DE LA FONCTION PUBLIQUE"}]},{"@type":"Article","@id":"https:\/\/snupden-fsu.fr\/index.php\/2019\/12\/18\/reforme-de-la-fonction-publique\/#article","isPartOf":{"@id":"https:\/\/snupden-fsu.fr\/index.php\/2019\/12\/18\/reforme-de-la-fonction-publique\/#webpage"},"author":{"@id":"https:\/\/snupden-fsu.fr\/#\/schema\/person\/1edf71884cc9d0706bf4b4b380456f72"},"headline":"REFORME DE LA FONCTION PUBLIQUE","datePublished":"2019-12-18T08:21:01+00:00","dateModified":"2020-10-14T12:35:50+00:00","mainEntityOfPage":{"@id":"https:\/\/snupden-fsu.fr\/index.php\/2019\/12\/18\/reforme-de-la-fonction-publique\/#webpage"},"wordCount":616,"publisher":{"@id":"https:\/\/snupden-fsu.fr\/#organization"},"keywords":["snu.pden-FSU","snupden"],"articleSection":["Fonction publique"],"inLanguage":"fr-FR"},{"@type":"Person","@id":"https:\/\/snupden-fsu.fr\/#\/schema\/person\/1edf71884cc9d0706bf4b4b380456f72","name":"Bureau national","image":{"@type":"ImageObject","@id":"https:\/\/snupden-fsu.fr\/#personlogo","inLanguage":"fr-FR","url":"https:\/\/secure.gravatar.com\/avatar\/a5ca06c32142c6dde84bb9bd5e7908779d6b092fef2b54818fd5a687421141d9?s=96&d=mm&r=g","contentUrl":"https:\/\/secure.gravatar.com\/avatar\/a5ca06c32142c6dde84bb9bd5e7908779d6b092fef2b54818fd5a687421141d9?s=96&d=mm&r=g","caption":"Bureau national"},"url":"https:\/\/snupden-fsu.fr\/index.php\/author\/bureau-national\/"}]}},"_links":{"self":[{"href":"https:\/\/snupden-fsu.fr\/index.php\/wp-json\/wp\/v2\/posts\/705","targetHints":{"allow":["GET"]}}],"collection":[{"href":"https:\/\/snupden-fsu.fr\/index.php\/wp-json\/wp\/v2\/posts"}],"about":[{"href":"https:\/\/snupden-fsu.fr\/index.php\/wp-json\/wp\/v2\/types\/post"}],"author":[{"embeddable":true,"href":"https:\/\/snupden-fsu.fr\/index.php\/wp-json\/wp\/v2\/users\/9"}],"replies":[{"embeddable":true,"href":"https:\/\/snupden-fsu.fr\/index.php\/wp-json\/wp\/v2\/comments?post=705"}],"version-history":[{"count":1,"href":"https:\/\/snupden-fsu.fr\/index.php\/wp-json\/wp\/v2\/posts\/705\/revisions"}],"predecessor-version":[{"id":706,"href":"https:\/\/snupden-fsu.fr\/index.php\/wp-json\/wp\/v2\/posts\/705\/revisions\/706"}],"wp:attachment":[{"href":"https:\/\/snupden-fsu.fr\/index.php\/wp-json\/wp\/v2\/media?parent=705"}],"wp:term":[{"taxonomy":"category","embeddable":true,"href":"https:\/\/snupden-fsu.fr\/index.php\/wp-json\/wp\/v2\/categories?post=705"},{"taxonomy":"post_tag","embeddable":true,"href":"https:\/\/snupden-fsu.fr\/index.php\/wp-json\/wp\/v2\/tags?post=705"}],"curies":[{"name":"wp","href":"https:\/\/api.w.org\/{rel}","templated":true}]}}