{"id":699,"date":"2019-12-16T08:57:04","date_gmt":"2019-12-16T07:57:04","guid":{"rendered":"http:\/\/snupden-fsu.fr\/?p=699"},"modified":"2019-12-18T09:04:34","modified_gmt":"2019-12-18T08:04:34","slug":"17-decembre-appel-des-organisations-syndicales","status":"publish","type":"post","link":"https:\/\/snupden-fsu.fr\/index.php\/2019\/12\/16\/17-decembre-appel-des-organisations-syndicales\/","title":{"rendered":"17 d\u00e9cembre : appel des organisations syndicales"},"content":{"rendered":"\n<p>Les annonces du Premier ministres n&rsquo;apportent aucune am\u00e9lioration sur les conditions de vie de l&rsquo;ensemble des retrait\u00e9s. La participation aux mobilisations des 5 et 12 d\u00e9cembre a \u00e9t\u00e9 tr\u00e8s importante. 9 organisations syndicales appellent \u00e0 la gr\u00e8ve, demain, mardi 17 d\u00e9cembre. Nous diffusons leur communiqu\u00e9 ci-dessous :<\/p>\n\n\n\n<figure class=\"wp-block-image size-large\"><img loading=\"lazy\" decoding=\"async\" width=\"639\" height=\"835\" src=\"http:\/\/snupden-fsu.fr\/wp-content\/uploads\/2019\/12\/Appel-des-9.png\" alt=\"\" class=\"wp-image-700\" srcset=\"https:\/\/snupden-fsu.fr\/wp-content\/uploads\/2019\/12\/Appel-des-9.png 639w, https:\/\/snupden-fsu.fr\/wp-content\/uploads\/2019\/12\/Appel-des-9-230x300.png 230w\" sizes=\"auto, (max-width: 639px) 100vw, 639px\" \/><\/figure>\n","protected":false},"excerpt":{"rendered":"<div class=\"mh-excerpt\"><p>Les annonces du Premier ministres n&rsquo;apportent aucune am\u00e9lioration sur les conditions de vie de l&rsquo;ensemble des retrait\u00e9s. La participation aux mobilisations des 5 et 12 d\u00e9cembre a \u00e9t\u00e9 tr\u00e8s importante. <a class=\"mh-excerpt-more\" href=\"https:\/\/snupden-fsu.fr\/index.php\/2019\/12\/16\/17-decembre-appel-des-organisations-syndicales\/\" title=\"17 d\u00e9cembre : appel des organisations syndicales\">[&#8230;]<\/a><\/p>\n<\/div>","protected":false},"author":3,"featured_media":0,"comment_status":"closed","ping_status":"closed","sticky":false,"template":"","format":"standard","meta":{"footnotes":""},"categories":[10,101,4,24],"tags":[98,92],"class_list":["post-699","post","type-post","status-publish","format-standard","hentry","category-actualites","category-communique","category-edito","category-retraites","tag-greve-du-17-decembre","tag-non-a-la-retraite-par-points"],"_links":{"self":[{"href":"https:\/\/snupden-fsu.fr\/index.php\/wp-json\/wp\/v2\/posts\/699","targetHints":{"allow":["GET"]}}],"collection":[{"href":"https:\/\/snupden-fsu.fr\/index.php\/wp-json\/wp\/v2\/posts"}],"about":[{"href":"https:\/\/snupden-fsu.fr\/index.php\/wp-json\/wp\/v2\/types\/post"}],"author":[{"embeddable":true,"href":"https:\/\/snupden-fsu.fr\/index.php\/wp-json\/wp\/v2\/users\/3"}],"replies":[{"embeddable":true,"href":"https:\/\/snupden-fsu.fr\/index.php\/wp-json\/wp\/v2\/comments?post=699"}],"version-history":[{"count":1,"href":"https:\/\/snupden-fsu.fr\/index.php\/wp-json\/wp\/v2\/posts\/699\/revisions"}],"predecessor-version":[{"id":701,"href":"https:\/\/snupden-fsu.fr\/index.php\/wp-json\/wp\/v2\/posts\/699\/revisions\/701"}],"wp:attachment":[{"href":"https:\/\/snupden-fsu.fr\/index.php\/wp-json\/wp\/v2\/media?parent=699"}],"wp:term":[{"taxonomy":"category","embeddable":true,"href":"https:\/\/snupden-fsu.fr\/index.php\/wp-json\/wp\/v2\/categories?post=699"},{"taxonomy":"post_tag","embeddable":true,"href":"https:\/\/snupden-fsu.fr\/index.php\/wp-json\/wp\/v2\/tags?post=699"}],"curies":[{"name":"wp","href":"https:\/\/api.w.org\/{rel}","templated":true}]}}