{"id":590,"date":"2019-07-08T14:41:08","date_gmt":"2019-07-08T12:41:08","guid":{"rendered":"http:\/\/snupden-fsu.fr\/?p=590"},"modified":"2020-09-27T11:52:13","modified_gmt":"2020-09-27T09:52:13","slug":"bac-2019-les-personnels-de-direction-ont-ils-obei-a-un-ordre-illegal","status":"publish","type":"post","link":"https:\/\/snupden-fsu.fr\/index.php\/2019\/07\/08\/bac-2019-les-personnels-de-direction-ont-ils-obei-a-un-ordre-illegal\/","title":{"rendered":"Bac 2019. Les personnels de direction ont-ils ob\u00e9i \u00e0 un ordre ill\u00e9gal ?"},"content":{"rendered":"\n<p>Le\nministre a \u00e9crit \u00e0 tous les personnels de direction vendredi 5 juillet.<\/p>\n\n\n\n<p>Dans son message il nous fait part de propos forts et avec une phrase que le sn<em>U.<\/em>pden-fsu approuve totalement\u00a0: <strong>\u00ab\u00a0Une fois encore, vous avez incarn\u00e9 les valeurs de notre R\u00e9publique en pr\u00e9servant l\u2019espace scolaire des emprises de tous ordres.\u00a0\u00bb<\/strong><\/p>\n\n\n\n<p>Oui ! Repr\u00e9sentants de l\u2019Etat, nous sommes les repr\u00e9sentants des valeurs de la R\u00e9publique. Nous ne sommes pas les repr\u00e9sentants d\u2019un gouvernement\u00a0! Nous respectons \u00e9videmment la d\u00e9mocratie et un des mandats de notre syndicat est de la faire vivre au sein de nos \u00e9tablissements. Mais ce qui s\u2019est pass\u00e9 ces derniers jours m\u00e9rite que l\u2019on se pose et que l\u2019on r\u00e9fl\u00e9chisse au sens de ce que nous avons fait dans les lyc\u00e9es pour le bac et de ce que nous faisons pour faire fonctionner au mieux nos \u00e9tablissements. Les propos syndicaux qui suivent ne concernent que notre profession. <\/p>\n\n\n\n<p>Le\nministre nous a fait savoir, d\u2019abord par voie de presse, que si nos jurys ne\ndisposaient pas des notes de certaines \u00e9preuves du bac, il convenait de prendre\ncelles du \u00ab&nbsp;contr\u00f4le\ncontinu&nbsp;\u00bb.<\/p>\n\n\n\n<p>Le terme \u00ab&nbsp;contr\u00f4le continu&nbsp;\u00bb se veut\nfaire r\u00e9f\u00e9rence au contr\u00f4le continu existant pour le bac pro par exemple. Il\nest question l\u00e0 par contre des moyennes des trois trimestres de l\u2019ann\u00e9e et il\nn\u2019a jamais \u00e9t\u00e9 fait mention dans le bac 2019 de prise en compte d\u2019un quelconque\n\u00ab&nbsp;contr\u00f4le continu.&nbsp;\u00bb<\/p>\n\n\n\n<p>Qui peut dire dans l\u2019histoire de notre d\u00e9mocratie qu\u2019un jour, un ministre seul a d\u00e9cid\u00e9 de changer les r\u00e8gles ainsi en cours de partie, induisant ainsi l\u2019iniquit\u00e9 d\u2019un examen national ?<\/p>\n\n\n\n<p>Nous\navons tous essay\u00e9 de faire le maximum pour que nos \u00e9l\u00e8ves, leurs\nparents\u2026puissent avoir acc\u00e8s aux r\u00e9sultats du bac 2019, de la m\u00eame mani\u00e8re que\nnous avions tout fait pour que les \u00e9preuves se d\u00e9roulent au mieux.<\/p>\n\n\n\n<p>Mais il convient de se poser quelques questions sur ce que nous avons mis en place (sous avec les pressions des IA-IPR et DASEN comme il se doit et notre volont\u00e9 de tout faire fonctionner envers et contre tout, comme d\u2019habitude)\u00a0:<\/p>\n\n\n\n<ul class=\"wp-block-list\"><li>Des \u00e9l\u00e8ves ont \u00e9t\u00e9 recal\u00e9s avec les notes de \u00ab\u00a0contr\u00f4le continu\u00a0\u00bb alors qu\u2019avec leur note aux \u00e9preuves, ils sont admis.<\/li><li>Des \u00e9l\u00e8ves ont \u00e9t\u00e9 recal\u00e9s avec les notes de \u00ab\u00a0contr\u00f4le continu\u00a0\u00bb alors qu\u2019ils sont admissibles aux \u00e9preuves du second groupe. Ils n&rsquo;ont pas pu r\u00e9viser pendant le week-end comme d\u2019autres pour se pr\u00e9parer au rattrapage.<\/li><li>Des \u00e9l\u00e8ves sont d\u00e9clar\u00e9s refus\u00e9s alors qu\u2019ils devraient avoir leur bac et sont \u00e9cart\u00e9s pour l\u2019instant de parcoursup.<\/li><li>On ne parlera pas de ceux admis du premier coup ou au rattrapage alors que leurs v\u00e9ritables notes ne le leur permettent pas.<\/li><\/ul>\n\n\n\n<p>Nous\nsavons tous quelles sont les obligations des fonctionnaires&nbsp;: <em>\u00ab&nbsp;Tout fonctionnaire doit se conformer\naux instructions de son sup\u00e9rieur hi\u00e9rarchique, sauf dans le cas o\u00f9 l&rsquo;ordre donn\u00e9 est manifestement ill\u00e9gal et de nature \u00e0\ncompromettre gravement un int\u00e9r\u00eat public.&nbsp;\u00bb<\/em><\/p>\n\n\n\n<p>Evidemment\n, nous ne sommes pas dans le cas de gendarmes mettant le feu sous l\u2019ordre d\u2019un\npr\u00e9fet comme on l\u2019a vu il y a quelques ann\u00e9es en Corse et qui ont \u00e9t\u00e9 condamn\u00e9s\ncomme il se doit\u2026<\/p>\n\n\n\n<p>Mais\nqui peut affirmer que nous avons agi en toute l\u00e9galit\u00e9 dans le cadre des\nvaleurs de la R\u00e9publique&nbsp;?<\/p>\n\n\n\n<p>Nous\nlaissons \u00e0 chacun (e ) le temps de la r\u00e9flexion\u2026<\/p>\n\n\n\n<p>Ce lundi 8 juillet auront lieu les \u00e9preuves du second groupe. Chacun (e ) doit r\u00e9fl\u00e9chir \u00e0 ce qu\u2019on nous demande de faire\u2026<\/p>\n\n\n\n<p>Quelques jours avant les vacances le Ministre nous a fait parvenir \u00e0 tous ses remerciements pour cette ann\u00e9e scolaire \u00e9coul\u00e9e et il nous a souhait\u00e9 de bonnes vacances\u2026ainsi qu&rsquo;une bonne pr\u00e9paration de rentr\u00e9e\u2026C\u2019est vrai que cette ann\u00e9e a \u00e9t\u00e9 particuli\u00e8rement difficile et que les vacances vont \u00eatre les bienvenues \u2026Enfin, des vacances\u2026amoindries par la complexit\u00e9 des emplois du temps \u00e0 r\u00e9aliser par les proviseurs-adjoints en raison des alignements multiples avec les diff\u00e9rentes sp\u00e9cialit\u00e9s pour les classes de premi\u00e8re\u2026<\/p>\n\n\n\n<p>On\nnous en demande de plus en plus\u2026<\/p>\n\n\n\n<p>Jusqu\u2019o\u00f9 accepterons-nous de nous plier \u00e0 ces injonctions qui sont m\u00eame contradictoires avec les valeurs dont nous sommes cens\u00e9s \u00eatre les garants\u00a0?<\/p>\n\n\n\n<p style=\"text-align:right\"><strong>Paris, le 8 juillet 2019<\/strong><\/p>\n\n\n\n<p style=\"text-align:right\"><strong>Le bureau national<\/strong><\/p>\n","protected":false},"excerpt":{"rendered":"<div class=\"mh-excerpt\"><p>Le ministre a \u00e9crit \u00e0 tous les personnels de direction vendredi 5 juillet. Dans son message il nous fait part de propos forts et avec une phrase que le snU.pden-fsu <a class=\"mh-excerpt-more\" href=\"https:\/\/snupden-fsu.fr\/index.php\/2019\/07\/08\/bac-2019-les-personnels-de-direction-ont-ils-obei-a-un-ordre-illegal\/\" title=\"Bac 2019. Les personnels de direction ont-ils ob\u00e9i \u00e0 un ordre ill\u00e9gal ?\">[&#8230;]<\/a><\/p>\n<\/div>","protected":false},"author":9,"featured_media":0,"comment_status":"closed","ping_status":"closed","sticky":false,"template":"","format":"standard","meta":{"footnotes":""},"categories":[203,201],"tags":[58,60,59],"class_list":["post-590","post","type-post","status-publish","format-standard","hentry","category-archives-edito","category-archives-lycee","tag-bac-2019","tag-controle-continu","tag-lycee"],"_links":{"self":[{"href":"https:\/\/snupden-fsu.fr\/index.php\/wp-json\/wp\/v2\/posts\/590","targetHints":{"allow":["GET"]}}],"collection":[{"href":"https:\/\/snupden-fsu.fr\/index.php\/wp-json\/wp\/v2\/posts"}],"about":[{"href":"https:\/\/snupden-fsu.fr\/index.php\/wp-json\/wp\/v2\/types\/post"}],"author":[{"embeddable":true,"href":"https:\/\/snupden-fsu.fr\/index.php\/wp-json\/wp\/v2\/users\/9"}],"replies":[{"embeddable":true,"href":"https:\/\/snupden-fsu.fr\/index.php\/wp-json\/wp\/v2\/comments?post=590"}],"version-history":[{"count":1,"href":"https:\/\/snupden-fsu.fr\/index.php\/wp-json\/wp\/v2\/posts\/590\/revisions"}],"predecessor-version":[{"id":591,"href":"https:\/\/snupden-fsu.fr\/index.php\/wp-json\/wp\/v2\/posts\/590\/revisions\/591"}],"wp:attachment":[{"href":"https:\/\/snupden-fsu.fr\/index.php\/wp-json\/wp\/v2\/media?parent=590"}],"wp:term":[{"taxonomy":"category","embeddable":true,"href":"https:\/\/snupden-fsu.fr\/index.php\/wp-json\/wp\/v2\/categories?post=590"},{"taxonomy":"post_tag","embeddable":true,"href":"https:\/\/snupden-fsu.fr\/index.php\/wp-json\/wp\/v2\/tags?post=590"}],"curies":[{"name":"wp","href":"https:\/\/api.w.org\/{rel}","templated":true}]}}