{"id":5575,"date":"2026-03-16T08:21:22","date_gmt":"2026-03-16T07:21:22","guid":{"rendered":"https:\/\/snupden-fsu.fr\/?p=5575"},"modified":"2026-03-18T10:08:09","modified_gmt":"2026-03-18T09:08:09","slug":"fsu-per-dir-pourquoi","status":"publish","type":"post","link":"https:\/\/snupden-fsu.fr\/index.php\/2026\/03\/16\/fsu-per-dir-pourquoi\/","title":{"rendered":"FSU Per Dir : pourquoi ?"},"content":{"rendered":"\n<p>Notre syndicat aura bient\u00f4t 25 ans. Il est n\u00e9 d\u2019une scission du SNPDEN et du refus de l\u2019 \u00e9volution du syndicat majoritaire vers\u00a0une culture de cogestion dans la\u00a0 participation aux politiques n\u00e9o-lib\u00e9rales, et d\u2019adh\u00e9sion aux mod\u00e8les dominants du priv\u00e9 et du monde de l\u2019entreprise.<\/p>\n\n\n\n<p>sn<strong><em>U.<\/em><\/strong>pden, le nom que nos premiers militants avaient choisi (ajoutant le <strong><em>U.<\/em><\/strong> des luttes unitaires de la FSU), entendait marquer cette diff\u00e9rence dans le rappel des engagements d\u2019origine.<\/p>\n\n\n\n<p>Aujourd\u2019hui, le paysage syndical a \u00e9volu\u00e9. Il s\u2019est diversifi\u00e9, sans toutefois rompre avec l\u2019h\u00e9g\u00e9monie d\u2019un discours de complaisance, impuissant \u00e0 contrer les transformations d\u00e9l\u00e9t\u00e8res de notre m\u00e9tier.<\/p>\n\n\n\n<p>Nous nous effor\u00e7ons de faire entendre une voix diff\u00e9rente. Elle m\u00e9rite d\u2019\u00eatre mieux identifi\u00e9e et plus audible.<\/p>\n\n\n\n<p>C\u2019est pourquoi nous faisons le choix de marquer plus encore notre attachement aux valeurs port\u00e9es par la FSU dans des perspectives de transformation sociale. La revendication de cette affiliation se fait dans l\u2019affirmation de notre identit\u00e9 et de notre singularit\u00e9. Car nous ne pensons pas que le statut de personnels d\u2019encadrement de l\u2019Education nationale soit synonyme de renoncements et de mod\u00e9ration des convictions militantes. La d\u00e9finition de nos missions et de nos statuts, la gestion et la r\u00e9mun\u00e9ration, les gestes professionnels qu\u2019implique notre m\u00e9tier, ne se r\u00e9sument pas \u00e0 des questions \u00ab\u00a0neutres\u00a0\u00bb et purement techniques comme le postulent les autres positionnements que le n\u00f4tre. Nous actons qu\u2019elles rev\u00eatent aussi et surtout une dimension politique, une vision de l\u2019Ecole et de la soci\u00e9t\u00e9, ce qui engage une responsabilit\u00e9 que nous ne craignons pas d\u2019assumer dans nos revendications et notre action.<\/p>\n\n\n\n<p>La perspective des \u00e9lections professionnelles rend n\u00e9cessaire de rendre plus visible un projet alternatif pour l\u2019Ecole. Mais plus encore, l\u2019horizon des pr\u00e9sidentielles de 2027, charg\u00e9 des menaces les plus sombres, rend plus imp\u00e9rieux que jamais le besoin d\u2019un syndicalisme de lutte et de r\u00e9sistance pour d\u00e9fendre le service public et emp\u00eacher la d\u00e9naturation de nos missions.<\/p>\n\n\n\n<p>FSU PerDir veut incarner cette volont\u00e9 pour les personnels de direction.<\/p>\n\n\n\n<p><\/p>\n","protected":false},"excerpt":{"rendered":"<div class=\"mh-excerpt\"><p>Notre syndicat aura bient\u00f4t 25 ans. Il est n\u00e9 d\u2019une scission du SNPDEN et du refus de l\u2019 \u00e9volution du syndicat majoritaire vers\u00a0une culture de cogestion dans la\u00a0 participation aux <a class=\"mh-excerpt-more\" href=\"https:\/\/snupden-fsu.fr\/index.php\/2026\/03\/16\/fsu-per-dir-pourquoi\/\" title=\"FSU Per Dir : pourquoi ?\">[&#8230;]<\/a><\/p>\n<\/div>","protected":false},"author":9,"featured_media":5567,"comment_status":"closed","ping_status":"closed","sticky":true,"template":"","format":"standard","meta":{"footnotes":""},"categories":[10,4,13,235],"tags":[],"class_list":["post-5575","post","type-post","status-publish","format-standard","has-post-thumbnail","hentry","category-actualites","category-edito","category-se-syndiquer","category-syndicalisation"],"_links":{"self":[{"href":"https:\/\/snupden-fsu.fr\/index.php\/wp-json\/wp\/v2\/posts\/5575","targetHints":{"allow":["GET"]}}],"collection":[{"href":"https:\/\/snupden-fsu.fr\/index.php\/wp-json\/wp\/v2\/posts"}],"about":[{"href":"https:\/\/snupden-fsu.fr\/index.php\/wp-json\/wp\/v2\/types\/post"}],"author":[{"embeddable":true,"href":"https:\/\/snupden-fsu.fr\/index.php\/wp-json\/wp\/v2\/users\/9"}],"replies":[{"embeddable":true,"href":"https:\/\/snupden-fsu.fr\/index.php\/wp-json\/wp\/v2\/comments?post=5575"}],"version-history":[{"count":4,"href":"https:\/\/snupden-fsu.fr\/index.php\/wp-json\/wp\/v2\/posts\/5575\/revisions"}],"predecessor-version":[{"id":5586,"href":"https:\/\/snupden-fsu.fr\/index.php\/wp-json\/wp\/v2\/posts\/5575\/revisions\/5586"}],"wp:featuredmedia":[{"embeddable":true,"href":"https:\/\/snupden-fsu.fr\/index.php\/wp-json\/wp\/v2\/media\/5567"}],"wp:attachment":[{"href":"https:\/\/snupden-fsu.fr\/index.php\/wp-json\/wp\/v2\/media?parent=5575"}],"wp:term":[{"taxonomy":"category","embeddable":true,"href":"https:\/\/snupden-fsu.fr\/index.php\/wp-json\/wp\/v2\/categories?post=5575"},{"taxonomy":"post_tag","embeddable":true,"href":"https:\/\/snupden-fsu.fr\/index.php\/wp-json\/wp\/v2\/tags?post=5575"}],"curies":[{"name":"wp","href":"https:\/\/api.w.org\/{rel}","templated":true}]}}