{"id":5359,"date":"2025-12-10T12:05:05","date_gmt":"2025-12-10T11:05:05","guid":{"rendered":"https:\/\/snupden-fsu.fr\/?p=5359"},"modified":"2025-12-10T12:06:17","modified_gmt":"2025-12-10T11:06:17","slug":"collectif-ne-es-ici-ou-venu-es-dailleurs-pour-une-france-de-liberte-degalite-et-de-solidarite-manifestations-le-18-decembre-2025-partout-en-france-et-a-paris","status":"publish","type":"post","link":"https:\/\/snupden-fsu.fr\/index.php\/2025\/12\/10\/collectif-ne-es-ici-ou-venu-es-dailleurs-pour-une-france-de-liberte-degalite-et-de-solidarite-manifestations-le-18-decembre-2025-partout-en-france-et-a-paris\/","title":{"rendered":"Collectif N\u00e9-es ici ou venu-es d\u2019ailleurs : pour une France de libert\u00e9, d\u2019\u00e9galit\u00e9 et de solidarit\u00e9 &#8211; Manifestations le 18 d\u00e9cembre 2025, partout en France et \u00e0 Paris"},"content":{"rendered":"\n<p>Restrictions drastiques des conditions d\u2019accueil pour les demandeurs d\u2019asile, refus de r\u00e9gularisation, refus de premier titre de s\u00e9jour, refus de renouvellement de titre de s\u00e9jour, remise en cause des APL pour les \u00e9tudiant-es \u00e9tranger-es, obligations de quitter le territoire fran\u00e7ais (OQTF) syst\u00e9matiques et g\u00e9n\u00e9ralis\u00e9es, placements en r\u00e9tention, cette politique migratoire, v\u00e9ritable fabrique de sans-papiers, attentatoire aux droits et \u00e0 la dignit\u00e9 des personnes \u00e9trang\u00e8res doit cesser.<\/p>\n\n\n\n<p>La loi immigration du 26 janvier 2024 et la circulaire Retailleau du 23 janvier 2025, ont des cons\u00e9quences humaines catastrophiques pour les personnes \u00e9trang\u00e8res qui souhaitent travailler, \u00e9tudier, se soigner, se marier, avoir une vie familiale en France. Tout est organis\u00e9 pour leur rendre la vie impossible, en les soumettant quotidiennement \u00e0 une violence sociale, administrative et institutionnelle incompatible avec la promesse d\u00e9mocratique de nos soci\u00e9t\u00e9s.<\/p>\n\n\n\n<p>Les r\u00e9gularisations permettant d\u2019obtenir un titre de s\u00e9jour par le travail ou en raison de la vie priv\u00e9e et familiale, ont \u00e9t\u00e9 r\u00e9duites \u00e0 un niveau tel qu\u2019elles sont en pratique inaccessibles. Des dizaines de milliers de personnes \u00e9trang\u00e8res, confront\u00e9es au blocage des pr\u00e9fectures et \u00e0 la lenteur du renouvellement de leurs titres, se retrouvent dans des situations dramatiques, rupture de contrats de travail, de droits sociaux, perte de logement, sous pr\u00e9texte de d\u00e9mat\u00e9rialisation, mais en r\u00e9alit\u00e9 en raison d\u2019une politique discriminatoire et x\u00e9nophobe.<\/p>\n\n\n\n<p>Le nombre d\u2019OQTF a encore augment\u00e9, g\u00e9n\u00e9rant angoisses, stigmatisation, pertes de droits, basculement dans la pr\u00e9carit\u00e9. La France d\u00e9tient le record du nombre d\u2019OQTF prononc\u00e9es en Europe, soit 120 000 \u00e0 130 000 OQTF en 2024, soit un quart des OQTF d\u00e9livr\u00e9es par les 27 \u00e9tats membres de l\u2019Union Europ\u00e9enne. Or, la plupart de ces OQTF sont inex\u00e9cutables. Celles mises en \u0153uvre brisent des vies, des liens familiaux, renvoient des exil\u00e9\u00b7es vers des enfers qu\u2019elles et ils ont fuis. Il s\u2019agit, de fait, d\u2019un outil de pression et de r\u00e9pression visant \u00e0 mettre les personnes exil\u00e9\u00b7es dans une situation de profonde vuln\u00e9rabilit\u00e9 administrative, sociale et \u00e9conomique, et de leur signifier qu\u2019elles seraient ind\u00e9sirables en France.<\/p>\n\n\n\n<p>Cette politique fait le jeu de l\u2019extr\u00eame droite, alimente le racisme et la surexploitation des travailleuses et des travailleurs migrant-es, avec ou sans papiers, faisant du traitement in\u00e9galitaire et stigmatisant des personnes \u00e9trang\u00e8res la norme. Tout ceci permet aux m\u00e9dias d\u00e9tenus notamment par le groupe Bollor\u00e9 de d\u00e9verser chaque jour leur haine et leurs affirmations mensong\u00e8res suscitant la peur et la division, pour se placer en protecteurs contre des dangers fictifs.<\/p>\n\n\n\n<p>Ce n\u2019est pas la France que nous souhaitons !<\/p>\n\n\n\n<p>Nous souhaitons une France de libert\u00e9 et d\u2019\u00e9galit\u00e9 ! Les droits \u00e0 l\u2019\u00e9ducation, aux protections sociales, \u00e0 la sant\u00e9, au travail, au logement, aux loisirs, \u00e0 la culture\u2026 doivent \u00eatre les m\u00eames pour toutes et tous afin de permettre \u00e0 chacune et chacun de construire librement son quotidien et son avenir.<\/p>\n\n\n\n<p>Nous souhaitons une France accueillante, inclusive et solidaire ! Les personnes \u00e9trang\u00e8res ne sont ni une menace ni une variable d\u2019ajustement \u00e9conomique et \u00e9lectoraliste mais une richesse pour notre soci\u00e9t\u00e9. La diversit\u00e9 qu\u2019ils et elles incarnent et leur contribution \u00e0 la vie collective sont des atouts pr\u00e9cieux.<\/p>\n\n\n\n<p>Nous souhaitons que les personnes \u00e9trang\u00e8res vivant en France, qui y ont des attaches familiales ou priv\u00e9es, y travaillent, \u00e9tudient, puissent avoir acc\u00e8s \u00e0 un titre de s\u00e9jour stable et protecteur, pour contribuer, en toute l\u00e9galit\u00e9 et en toute \u00e9galit\u00e9, \u00e0 la vie culturelle, sociale et \u00e9conomique de notre pays.<\/p>\n\n\n\n<p>Les organisations du collectif n\u00e9-es ici ou venu-es d\u2019ailleurs appellent \u00e0 une large mobilisation de la soci\u00e9t\u00e9 civile, dans toute sa diversit\u00e9, pour d\u00e9noncer cette nouvelle vague d\u2019attaques extr\u00eamement graves envers les personnes \u00e9trang\u00e8res en France et pour d\u00e9fendre un autre projet de soci\u00e9t\u00e9, humaniste, solidaire et \u00e9galitaire.<\/p>\n\n\n\n<p>Premiers signataires&nbsp;: Attac, CGT, La Cimade, Femmes Egalit\u00e9, FSU, LDH (Ligue des droits de l\u2019Homme), Oxfam France, Mrap, Union syndicale Solidaires, SOS Racisme, Unef.<\/p>\n\n\n\n<figure class=\"wp-block-embed is-type-wp-embed is-provider-ldh wp-block-embed-ldh\"><div class=\"wp-block-embed__wrapper\">\n<blockquote class=\"wp-embedded-content\" data-secret=\"YFg5DsCcxO\"><a href=\"https:\/\/www.ldh-france.org\/ne-es-ici-ou-venu-es-dailleurs-pour-une-france-de-liberte-degalite-et-solidarite\/\">N\u00e9-es ici ou venu-es d\u2019ailleurs : pour une France de libert\u00e9, d&rsquo;\u00e9galit\u00e9 et de solidarit\u00e9<\/a><\/blockquote><iframe loading=\"lazy\" class=\"wp-embedded-content\" sandbox=\"allow-scripts\" security=\"restricted\" style=\"position: absolute; visibility: hidden;\" title=\"\u00ab\u00a0N\u00e9-es ici ou venu-es d\u2019ailleurs : pour une France de libert\u00e9, d&rsquo;\u00e9galit\u00e9 et de solidarit\u00e9\u00a0\u00bb &#8212; LDH\" src=\"https:\/\/www.ldh-france.org\/ne-es-ici-ou-venu-es-dailleurs-pour-une-france-de-liberte-degalite-et-solidarite\/embed\/#?secret=FxdkkQdAUY#?secret=YFg5DsCcxO\" data-secret=\"YFg5DsCcxO\" width=\"500\" height=\"282\" frameborder=\"0\" marginwidth=\"0\" marginheight=\"0\" scrolling=\"no\"><\/iframe>\n<\/div><\/figure>\n\n\n\n<p><a href=\"https:\/\/umap.openstreetmap.fr\/fr\/map\/manifestations-pour-le-18-decembre-2025_1323686?scaleControl=false&amp;miniMap=false&amp;scrollWheelZoom=true&amp;zoomControl=true&amp;editMode=disabled&amp;moreControl=true&amp;searchControl=null&amp;tilelayersControl=null&amp;embedControl=null&amp;datalayersControl=true&amp;onLoadPanel=none&amp;captionBar=false&amp;captionMenus=true\" target=\"_blank\" rel=\"noreferrer noopener\">carte des rassemblements<\/a><br><\/p>\n","protected":false},"excerpt":{"rendered":"<div class=\"mh-excerpt\"><p>Restrictions drastiques des conditions d\u2019accueil pour les demandeurs d\u2019asile, refus de r\u00e9gularisation, refus de premier titre de s\u00e9jour, refus de renouvellement de titre de s\u00e9jour, remise en cause des APL <a class=\"mh-excerpt-more\" href=\"https:\/\/snupden-fsu.fr\/index.php\/2025\/12\/10\/collectif-ne-es-ici-ou-venu-es-dailleurs-pour-une-france-de-liberte-degalite-et-de-solidarite-manifestations-le-18-decembre-2025-partout-en-france-et-a-paris\/\" title=\"Collectif N\u00e9-es ici ou venu-es d\u2019ailleurs : pour une France de libert\u00e9, d\u2019\u00e9galit\u00e9 et de solidarit\u00e9 &#8211; Manifestations le 18 d\u00e9cembre 2025, partout en France et \u00e0 Paris\">[&#8230;]<\/a><\/p>\n<\/div>","protected":false},"author":9,"featured_media":5361,"comment_status":"closed","ping_status":"closed","sticky":true,"template":"","format":"standard","meta":{"_bbp_topic_count":0,"_bbp_reply_count":0,"_bbp_total_topic_count":0,"_bbp_total_reply_count":0,"_bbp_voice_count":0,"_bbp_anonymous_reply_count":0,"_bbp_topic_count_hidden":0,"_bbp_reply_count_hidden":0,"_bbp_forum_subforum_count":0,"_exactmetrics_skip_tracking":false,"_exactmetrics_sitenote_active":false,"_exactmetrics_sitenote_note":"","_exactmetrics_sitenote_category":0,"footnotes":""},"categories":[283,10],"tags":[333],"class_list":["post-5359","post","type-post","status-publish","format-standard","has-post-thumbnail","hentry","category-action","category-actualites","tag-collectif-ne-es-ici-ou-venu-es-dailleurs-18-decembre"],"yoast_head":"<!-- This site is optimized with the Yoast SEO plugin v18.5.1 - https:\/\/yoast.com\/wordpress\/plugins\/seo\/ -->\n<title>Collectif N\u00e9-es ici ou venu-es d\u2019ailleurs : pour une France de libert\u00e9, d\u2019\u00e9galit\u00e9 et de solidarit\u00e9 - Manifestations le 18 d\u00e9cembre 2025, partout en France et \u00e0 Paris -<\/title>\n<meta name=\"robots\" content=\"index, follow, max-snippet:-1, max-image-preview:large, max-video-preview:-1\" \/>\n<link rel=\"canonical\" href=\"https:\/\/snupden-fsu.fr\/index.php\/2025\/12\/10\/collectif-ne-es-ici-ou-venu-es-dailleurs-pour-une-france-de-liberte-degalite-et-de-solidarite-manifestations-le-18-decembre-2025-partout-en-france-et-a-paris\/\" \/>\n<meta property=\"og:locale\" content=\"fr_FR\" \/>\n<meta property=\"og:type\" content=\"article\" \/>\n<meta property=\"og:title\" content=\"Collectif N\u00e9-es ici ou venu-es d\u2019ailleurs : pour une France de libert\u00e9, d\u2019\u00e9galit\u00e9 et de solidarit\u00e9 - Manifestations le 18 d\u00e9cembre 2025, partout en France et \u00e0 Paris -\" \/>\n<meta property=\"og:description\" content=\"Restrictions drastiques des conditions d\u2019accueil pour les demandeurs d\u2019asile, refus de r\u00e9gularisation, refus de premier titre de s\u00e9jour, refus de renouvellement de titre de s\u00e9jour, remise en cause des APL [...]\" \/>\n<meta property=\"og:url\" content=\"https:\/\/snupden-fsu.fr\/index.php\/2025\/12\/10\/collectif-ne-es-ici-ou-venu-es-dailleurs-pour-une-france-de-liberte-degalite-et-de-solidarite-manifestations-le-18-decembre-2025-partout-en-france-et-a-paris\/\" \/>\n<meta property=\"article:published_time\" content=\"2025-12-10T11:05:05+00:00\" \/>\n<meta property=\"article:modified_time\" content=\"2025-12-10T11:06:17+00:00\" \/>\n<meta property=\"og:image\" content=\"http:\/\/snupden-fsu.fr\/wp-content\/uploads\/2025\/12\/4096-4096-max-scaled.jpg\" \/>\n\t<meta property=\"og:image:width\" content=\"2560\" \/>\n\t<meta property=\"og:image:height\" content=\"2560\" \/>\n\t<meta property=\"og:image:type\" content=\"image\/jpeg\" \/>\n<meta name=\"twitter:card\" content=\"summary_large_image\" \/>\n<meta name=\"twitter:label1\" content=\"\u00c9crit par\" \/>\n\t<meta name=\"twitter:data1\" content=\"Bureau national\" \/>\n\t<meta name=\"twitter:label2\" content=\"Dur\u00e9e de lecture estim\u00e9e\" \/>\n\t<meta name=\"twitter:data2\" content=\"3 minutes\" \/>\n<script type=\"application\/ld+json\" class=\"yoast-schema-graph\">{\"@context\":\"https:\/\/schema.org\",\"@graph\":[{\"@type\":\"Organization\",\"@id\":\"https:\/\/snupden-fsu.fr\/#organization\",\"name\":\"snU.Pden-FSU\",\"url\":\"https:\/\/snupden-fsu.fr\/\",\"sameAs\":[],\"logo\":{\"@type\":\"ImageObject\",\"@id\":\"https:\/\/snupden-fsu.fr\/#logo\",\"inLanguage\":\"fr-FR\",\"url\":\"http:\/\/snupden-fsu.fr\/wp-content\/uploads\/2018\/03\/logo_snupden-3.jpg\",\"contentUrl\":\"http:\/\/snupden-fsu.fr\/wp-content\/uploads\/2018\/03\/logo_snupden-3.jpg\",\"width\":612,\"height\":183,\"caption\":\"snU.Pden-FSU\"},\"image\":{\"@id\":\"https:\/\/snupden-fsu.fr\/#logo\"}},{\"@type\":\"WebSite\",\"@id\":\"https:\/\/snupden-fsu.fr\/#website\",\"url\":\"https:\/\/snupden-fsu.fr\/\",\"name\":\"snU.pden-FSU\",\"description\":\"Le snU.pden-FSU devient FSU Per Dir\",\"publisher\":{\"@id\":\"https:\/\/snupden-fsu.fr\/#organization\"},\"potentialAction\":[{\"@type\":\"SearchAction\",\"target\":{\"@type\":\"EntryPoint\",\"urlTemplate\":\"https:\/\/snupden-fsu.fr\/?s={search_term_string}\"},\"query-input\":\"required name=search_term_string\"}],\"inLanguage\":\"fr-FR\"},{\"@type\":\"ImageObject\",\"@id\":\"https:\/\/snupden-fsu.fr\/index.php\/2025\/12\/10\/collectif-ne-es-ici-ou-venu-es-dailleurs-pour-une-france-de-liberte-degalite-et-de-solidarite-manifestations-le-18-decembre-2025-partout-en-france-et-a-paris\/#primaryimage\",\"inLanguage\":\"fr-FR\",\"url\":\"https:\/\/snupden-fsu.fr\/wp-content\/uploads\/2025\/12\/4096-4096-max-scaled.jpg\",\"contentUrl\":\"https:\/\/snupden-fsu.fr\/wp-content\/uploads\/2025\/12\/4096-4096-max-scaled.jpg\",\"width\":2560,\"height\":2560},{\"@type\":\"WebPage\",\"@id\":\"https:\/\/snupden-fsu.fr\/index.php\/2025\/12\/10\/collectif-ne-es-ici-ou-venu-es-dailleurs-pour-une-france-de-liberte-degalite-et-de-solidarite-manifestations-le-18-decembre-2025-partout-en-france-et-a-paris\/#webpage\",\"url\":\"https:\/\/snupden-fsu.fr\/index.php\/2025\/12\/10\/collectif-ne-es-ici-ou-venu-es-dailleurs-pour-une-france-de-liberte-degalite-et-de-solidarite-manifestations-le-18-decembre-2025-partout-en-france-et-a-paris\/\",\"name\":\"Collectif N\u00e9-es ici ou venu-es d\u2019ailleurs : pour une France de libert\u00e9, d\u2019\u00e9galit\u00e9 et de solidarit\u00e9 - Manifestations le 18 d\u00e9cembre 2025, partout en France et \u00e0 Paris -\",\"isPartOf\":{\"@id\":\"https:\/\/snupden-fsu.fr\/#website\"},\"primaryImageOfPage\":{\"@id\":\"https:\/\/snupden-fsu.fr\/index.php\/2025\/12\/10\/collectif-ne-es-ici-ou-venu-es-dailleurs-pour-une-france-de-liberte-degalite-et-de-solidarite-manifestations-le-18-decembre-2025-partout-en-france-et-a-paris\/#primaryimage\"},\"datePublished\":\"2025-12-10T11:05:05+00:00\",\"dateModified\":\"2025-12-10T11:06:17+00:00\",\"breadcrumb\":{\"@id\":\"https:\/\/snupden-fsu.fr\/index.php\/2025\/12\/10\/collectif-ne-es-ici-ou-venu-es-dailleurs-pour-une-france-de-liberte-degalite-et-de-solidarite-manifestations-le-18-decembre-2025-partout-en-france-et-a-paris\/#breadcrumb\"},\"inLanguage\":\"fr-FR\",\"potentialAction\":[{\"@type\":\"ReadAction\",\"target\":[\"https:\/\/snupden-fsu.fr\/index.php\/2025\/12\/10\/collectif-ne-es-ici-ou-venu-es-dailleurs-pour-une-france-de-liberte-degalite-et-de-solidarite-manifestations-le-18-decembre-2025-partout-en-france-et-a-paris\/\"]}]},{\"@type\":\"BreadcrumbList\",\"@id\":\"https:\/\/snupden-fsu.fr\/index.php\/2025\/12\/10\/collectif-ne-es-ici-ou-venu-es-dailleurs-pour-une-france-de-liberte-degalite-et-de-solidarite-manifestations-le-18-decembre-2025-partout-en-france-et-a-paris\/#breadcrumb\",\"itemListElement\":[{\"@type\":\"ListItem\",\"position\":1,\"name\":\"Accueil\",\"item\":\"https:\/\/snupden-fsu.fr\/\"},{\"@type\":\"ListItem\",\"position\":2,\"name\":\"Collectif N\u00e9-es ici ou venu-es d\u2019ailleurs : pour une France de libert\u00e9, d\u2019\u00e9galit\u00e9 et de solidarit\u00e9 &#8211; Manifestations le 18 d\u00e9cembre 2025, partout en France et \u00e0 Paris\"}]},{\"@type\":\"Article\",\"@id\":\"https:\/\/snupden-fsu.fr\/index.php\/2025\/12\/10\/collectif-ne-es-ici-ou-venu-es-dailleurs-pour-une-france-de-liberte-degalite-et-de-solidarite-manifestations-le-18-decembre-2025-partout-en-france-et-a-paris\/#article\",\"isPartOf\":{\"@id\":\"https:\/\/snupden-fsu.fr\/index.php\/2025\/12\/10\/collectif-ne-es-ici-ou-venu-es-dailleurs-pour-une-france-de-liberte-degalite-et-de-solidarite-manifestations-le-18-decembre-2025-partout-en-france-et-a-paris\/#webpage\"},\"author\":{\"@id\":\"https:\/\/snupden-fsu.fr\/#\/schema\/person\/1edf71884cc9d0706bf4b4b380456f72\"},\"headline\":\"Collectif N\u00e9-es ici ou venu-es d\u2019ailleurs : pour une France de libert\u00e9, d\u2019\u00e9galit\u00e9 et de solidarit\u00e9 &#8211; Manifestations le 18 d\u00e9cembre 2025, partout en France et \u00e0 Paris\",\"datePublished\":\"2025-12-10T11:05:05+00:00\",\"dateModified\":\"2025-12-10T11:06:17+00:00\",\"mainEntityOfPage\":{\"@id\":\"https:\/\/snupden-fsu.fr\/index.php\/2025\/12\/10\/collectif-ne-es-ici-ou-venu-es-dailleurs-pour-une-france-de-liberte-degalite-et-de-solidarite-manifestations-le-18-decembre-2025-partout-en-france-et-a-paris\/#webpage\"},\"wordCount\":727,\"publisher\":{\"@id\":\"https:\/\/snupden-fsu.fr\/#organization\"},\"image\":{\"@id\":\"https:\/\/snupden-fsu.fr\/index.php\/2025\/12\/10\/collectif-ne-es-ici-ou-venu-es-dailleurs-pour-une-france-de-liberte-degalite-et-de-solidarite-manifestations-le-18-decembre-2025-partout-en-france-et-a-paris\/#primaryimage\"},\"thumbnailUrl\":\"https:\/\/snupden-fsu.fr\/wp-content\/uploads\/2025\/12\/4096-4096-max-scaled.jpg\",\"keywords\":[\"Collectif N\u00e9-es ici ou venu-es d'ailleurs 18 d\u00e9cembre\"],\"articleSection\":[\"Action\",\"Actualit\u00e9s\"],\"inLanguage\":\"fr-FR\"},{\"@type\":\"Person\",\"@id\":\"https:\/\/snupden-fsu.fr\/#\/schema\/person\/1edf71884cc9d0706bf4b4b380456f72\",\"name\":\"Bureau national\",\"image\":{\"@type\":\"ImageObject\",\"@id\":\"https:\/\/snupden-fsu.fr\/#personlogo\",\"inLanguage\":\"fr-FR\",\"url\":\"https:\/\/secure.gravatar.com\/avatar\/a5ca06c32142c6dde84bb9bd5e7908779d6b092fef2b54818fd5a687421141d9?s=96&d=mm&r=g\",\"contentUrl\":\"https:\/\/secure.gravatar.com\/avatar\/a5ca06c32142c6dde84bb9bd5e7908779d6b092fef2b54818fd5a687421141d9?s=96&d=mm&r=g\",\"caption\":\"Bureau national\"},\"url\":\"https:\/\/snupden-fsu.fr\/index.php\/author\/bureau-national\/\"}]}<\/script>\n<!-- \/ Yoast SEO plugin. -->","yoast_head_json":{"title":"Collectif N\u00e9-es ici ou venu-es d\u2019ailleurs : pour une France de libert\u00e9, d\u2019\u00e9galit\u00e9 et de solidarit\u00e9 - Manifestations le 18 d\u00e9cembre 2025, partout en France et \u00e0 Paris -","robots":{"index":"index","follow":"follow","max-snippet":"max-snippet:-1","max-image-preview":"max-image-preview:large","max-video-preview":"max-video-preview:-1"},"canonical":"https:\/\/snupden-fsu.fr\/index.php\/2025\/12\/10\/collectif-ne-es-ici-ou-venu-es-dailleurs-pour-une-france-de-liberte-degalite-et-de-solidarite-manifestations-le-18-decembre-2025-partout-en-france-et-a-paris\/","og_locale":"fr_FR","og_type":"article","og_title":"Collectif N\u00e9-es ici ou venu-es d\u2019ailleurs : pour une France de libert\u00e9, d\u2019\u00e9galit\u00e9 et de solidarit\u00e9 - Manifestations le 18 d\u00e9cembre 2025, partout en France et \u00e0 Paris -","og_description":"Restrictions drastiques des conditions d\u2019accueil pour les demandeurs d\u2019asile, refus de r\u00e9gularisation, refus de premier titre de s\u00e9jour, refus de renouvellement de titre de s\u00e9jour, remise en cause des APL [...]","og_url":"https:\/\/snupden-fsu.fr\/index.php\/2025\/12\/10\/collectif-ne-es-ici-ou-venu-es-dailleurs-pour-une-france-de-liberte-degalite-et-de-solidarite-manifestations-le-18-decembre-2025-partout-en-france-et-a-paris\/","article_published_time":"2025-12-10T11:05:05+00:00","article_modified_time":"2025-12-10T11:06:17+00:00","og_image":[{"width":2560,"height":2560,"url":"http:\/\/snupden-fsu.fr\/wp-content\/uploads\/2025\/12\/4096-4096-max-scaled.jpg","type":"image\/jpeg"}],"twitter_card":"summary_large_image","twitter_misc":{"\u00c9crit par":"Bureau national","Dur\u00e9e de lecture estim\u00e9e":"3 minutes"},"schema":{"@context":"https:\/\/schema.org","@graph":[{"@type":"Organization","@id":"https:\/\/snupden-fsu.fr\/#organization","name":"snU.Pden-FSU","url":"https:\/\/snupden-fsu.fr\/","sameAs":[],"logo":{"@type":"ImageObject","@id":"https:\/\/snupden-fsu.fr\/#logo","inLanguage":"fr-FR","url":"http:\/\/snupden-fsu.fr\/wp-content\/uploads\/2018\/03\/logo_snupden-3.jpg","contentUrl":"http:\/\/snupden-fsu.fr\/wp-content\/uploads\/2018\/03\/logo_snupden-3.jpg","width":612,"height":183,"caption":"snU.Pden-FSU"},"image":{"@id":"https:\/\/snupden-fsu.fr\/#logo"}},{"@type":"WebSite","@id":"https:\/\/snupden-fsu.fr\/#website","url":"https:\/\/snupden-fsu.fr\/","name":"snU.pden-FSU","description":"Le snU.pden-FSU devient FSU Per Dir","publisher":{"@id":"https:\/\/snupden-fsu.fr\/#organization"},"potentialAction":[{"@type":"SearchAction","target":{"@type":"EntryPoint","urlTemplate":"https:\/\/snupden-fsu.fr\/?s={search_term_string}"},"query-input":"required name=search_term_string"}],"inLanguage":"fr-FR"},{"@type":"ImageObject","@id":"https:\/\/snupden-fsu.fr\/index.php\/2025\/12\/10\/collectif-ne-es-ici-ou-venu-es-dailleurs-pour-une-france-de-liberte-degalite-et-de-solidarite-manifestations-le-18-decembre-2025-partout-en-france-et-a-paris\/#primaryimage","inLanguage":"fr-FR","url":"https:\/\/snupden-fsu.fr\/wp-content\/uploads\/2025\/12\/4096-4096-max-scaled.jpg","contentUrl":"https:\/\/snupden-fsu.fr\/wp-content\/uploads\/2025\/12\/4096-4096-max-scaled.jpg","width":2560,"height":2560},{"@type":"WebPage","@id":"https:\/\/snupden-fsu.fr\/index.php\/2025\/12\/10\/collectif-ne-es-ici-ou-venu-es-dailleurs-pour-une-france-de-liberte-degalite-et-de-solidarite-manifestations-le-18-decembre-2025-partout-en-france-et-a-paris\/#webpage","url":"https:\/\/snupden-fsu.fr\/index.php\/2025\/12\/10\/collectif-ne-es-ici-ou-venu-es-dailleurs-pour-une-france-de-liberte-degalite-et-de-solidarite-manifestations-le-18-decembre-2025-partout-en-france-et-a-paris\/","name":"Collectif N\u00e9-es ici ou venu-es d\u2019ailleurs : pour une France de libert\u00e9, d\u2019\u00e9galit\u00e9 et de solidarit\u00e9 - Manifestations le 18 d\u00e9cembre 2025, partout en France et \u00e0 Paris -","isPartOf":{"@id":"https:\/\/snupden-fsu.fr\/#website"},"primaryImageOfPage":{"@id":"https:\/\/snupden-fsu.fr\/index.php\/2025\/12\/10\/collectif-ne-es-ici-ou-venu-es-dailleurs-pour-une-france-de-liberte-degalite-et-de-solidarite-manifestations-le-18-decembre-2025-partout-en-france-et-a-paris\/#primaryimage"},"datePublished":"2025-12-10T11:05:05+00:00","dateModified":"2025-12-10T11:06:17+00:00","breadcrumb":{"@id":"https:\/\/snupden-fsu.fr\/index.php\/2025\/12\/10\/collectif-ne-es-ici-ou-venu-es-dailleurs-pour-une-france-de-liberte-degalite-et-de-solidarite-manifestations-le-18-decembre-2025-partout-en-france-et-a-paris\/#breadcrumb"},"inLanguage":"fr-FR","potentialAction":[{"@type":"ReadAction","target":["https:\/\/snupden-fsu.fr\/index.php\/2025\/12\/10\/collectif-ne-es-ici-ou-venu-es-dailleurs-pour-une-france-de-liberte-degalite-et-de-solidarite-manifestations-le-18-decembre-2025-partout-en-france-et-a-paris\/"]}]},{"@type":"BreadcrumbList","@id":"https:\/\/snupden-fsu.fr\/index.php\/2025\/12\/10\/collectif-ne-es-ici-ou-venu-es-dailleurs-pour-une-france-de-liberte-degalite-et-de-solidarite-manifestations-le-18-decembre-2025-partout-en-france-et-a-paris\/#breadcrumb","itemListElement":[{"@type":"ListItem","position":1,"name":"Accueil","item":"https:\/\/snupden-fsu.fr\/"},{"@type":"ListItem","position":2,"name":"Collectif N\u00e9-es ici ou venu-es d\u2019ailleurs : pour une France de libert\u00e9, d\u2019\u00e9galit\u00e9 et de solidarit\u00e9 &#8211; Manifestations le 18 d\u00e9cembre 2025, partout en France et \u00e0 Paris"}]},{"@type":"Article","@id":"https:\/\/snupden-fsu.fr\/index.php\/2025\/12\/10\/collectif-ne-es-ici-ou-venu-es-dailleurs-pour-une-france-de-liberte-degalite-et-de-solidarite-manifestations-le-18-decembre-2025-partout-en-france-et-a-paris\/#article","isPartOf":{"@id":"https:\/\/snupden-fsu.fr\/index.php\/2025\/12\/10\/collectif-ne-es-ici-ou-venu-es-dailleurs-pour-une-france-de-liberte-degalite-et-de-solidarite-manifestations-le-18-decembre-2025-partout-en-france-et-a-paris\/#webpage"},"author":{"@id":"https:\/\/snupden-fsu.fr\/#\/schema\/person\/1edf71884cc9d0706bf4b4b380456f72"},"headline":"Collectif N\u00e9-es ici ou venu-es d\u2019ailleurs : pour une France de libert\u00e9, d\u2019\u00e9galit\u00e9 et de solidarit\u00e9 &#8211; Manifestations le 18 d\u00e9cembre 2025, partout en France et \u00e0 Paris","datePublished":"2025-12-10T11:05:05+00:00","dateModified":"2025-12-10T11:06:17+00:00","mainEntityOfPage":{"@id":"https:\/\/snupden-fsu.fr\/index.php\/2025\/12\/10\/collectif-ne-es-ici-ou-venu-es-dailleurs-pour-une-france-de-liberte-degalite-et-de-solidarite-manifestations-le-18-decembre-2025-partout-en-france-et-a-paris\/#webpage"},"wordCount":727,"publisher":{"@id":"https:\/\/snupden-fsu.fr\/#organization"},"image":{"@id":"https:\/\/snupden-fsu.fr\/index.php\/2025\/12\/10\/collectif-ne-es-ici-ou-venu-es-dailleurs-pour-une-france-de-liberte-degalite-et-de-solidarite-manifestations-le-18-decembre-2025-partout-en-france-et-a-paris\/#primaryimage"},"thumbnailUrl":"https:\/\/snupden-fsu.fr\/wp-content\/uploads\/2025\/12\/4096-4096-max-scaled.jpg","keywords":["Collectif N\u00e9-es ici ou venu-es d'ailleurs 18 d\u00e9cembre"],"articleSection":["Action","Actualit\u00e9s"],"inLanguage":"fr-FR"},{"@type":"Person","@id":"https:\/\/snupden-fsu.fr\/#\/schema\/person\/1edf71884cc9d0706bf4b4b380456f72","name":"Bureau national","image":{"@type":"ImageObject","@id":"https:\/\/snupden-fsu.fr\/#personlogo","inLanguage":"fr-FR","url":"https:\/\/secure.gravatar.com\/avatar\/a5ca06c32142c6dde84bb9bd5e7908779d6b092fef2b54818fd5a687421141d9?s=96&d=mm&r=g","contentUrl":"https:\/\/secure.gravatar.com\/avatar\/a5ca06c32142c6dde84bb9bd5e7908779d6b092fef2b54818fd5a687421141d9?s=96&d=mm&r=g","caption":"Bureau national"},"url":"https:\/\/snupden-fsu.fr\/index.php\/author\/bureau-national\/"}]}},"_links":{"self":[{"href":"https:\/\/snupden-fsu.fr\/index.php\/wp-json\/wp\/v2\/posts\/5359","targetHints":{"allow":["GET"]}}],"collection":[{"href":"https:\/\/snupden-fsu.fr\/index.php\/wp-json\/wp\/v2\/posts"}],"about":[{"href":"https:\/\/snupden-fsu.fr\/index.php\/wp-json\/wp\/v2\/types\/post"}],"author":[{"embeddable":true,"href":"https:\/\/snupden-fsu.fr\/index.php\/wp-json\/wp\/v2\/users\/9"}],"replies":[{"embeddable":true,"href":"https:\/\/snupden-fsu.fr\/index.php\/wp-json\/wp\/v2\/comments?post=5359"}],"version-history":[{"count":1,"href":"https:\/\/snupden-fsu.fr\/index.php\/wp-json\/wp\/v2\/posts\/5359\/revisions"}],"predecessor-version":[{"id":5362,"href":"https:\/\/snupden-fsu.fr\/index.php\/wp-json\/wp\/v2\/posts\/5359\/revisions\/5362"}],"wp:featuredmedia":[{"embeddable":true,"href":"https:\/\/snupden-fsu.fr\/index.php\/wp-json\/wp\/v2\/media\/5361"}],"wp:attachment":[{"href":"https:\/\/snupden-fsu.fr\/index.php\/wp-json\/wp\/v2\/media?parent=5359"}],"wp:term":[{"taxonomy":"category","embeddable":true,"href":"https:\/\/snupden-fsu.fr\/index.php\/wp-json\/wp\/v2\/categories?post=5359"},{"taxonomy":"post_tag","embeddable":true,"href":"https:\/\/snupden-fsu.fr\/index.php\/wp-json\/wp\/v2\/tags?post=5359"}],"curies":[{"name":"wp","href":"https:\/\/api.w.org\/{rel}","templated":true}]}}