{"id":5349,"date":"2025-12-09T14:22:15","date_gmt":"2025-12-09T13:22:15","guid":{"rendered":"https:\/\/snupden-fsu.fr\/?p=5349"},"modified":"2026-03-04T09:42:03","modified_gmt":"2026-03-04T08:42:03","slug":"quand-la-verite-offense-la-solidarite-simpose-communique-de-solidarite-avec-sophie-binet-secretaire-generale-de-la-cgt","status":"publish","type":"post","link":"https:\/\/snupden-fsu.fr\/index.php\/2025\/12\/09\/quand-la-verite-offense-la-solidarite-simpose-communique-de-solidarite-avec-sophie-binet-secretaire-generale-de-la-cgt\/","title":{"rendered":"Quand la v\u00e9rit\u00e9 offense, la solidarit\u00e9 s&rsquo;impose &#8211; Communiqu\u00e9 de solidarit\u00e9 avec Sophie Binet, Secr\u00e9taire G\u00e9n\u00e9rale de la CGT"},"content":{"rendered":"\n<p>Nous, secr\u00e9taires g\u00e9n\u00e9raux, pr\u00e9sidents, et responsables d\u2019organisations syndicales,<br>apprenons que Sophie Binet, Secr\u00e9taire G\u00e9n\u00e9rale de la CGT, est inqui\u00e9t\u00e9e par la justice<br>pour avoir us\u00e9 d\u2019un dicton imag\u00e9 et bien ancr\u00e9 dans la sagesse populaire face \u00e0 l&rsquo;attitude<br>de certains dirigeants \u00e9conomiques.<br>Nous refusons l&rsquo;hypocrisie. Nous refusons que le d\u00e9bat social se tranche dans les<br>pr\u00e9toires.<br>\u00c0 l\u2019attention de ces chefs d\u2019entreprises qui s&rsquo;offusquent des mots tout en m\u00e9prisant les<br>actes : n&rsquo;est-il pas violent de menacer de quitter le \u00ab vaisseau France \u00bb apr\u00e8s avoir<br>accumul\u00e9 des fortunes gr\u00e2ce aux aides publiques, aux infrastructures et au syst\u00e8me<br>\u00e9ducatif de notre pays ?<br>Consid\u00e9rant que les v\u00e9ritables h\u00e9ros de notre \u00e9conomie sont les \u00ab marins \u00bb \u2014 les<br>travailleurs et travailleuses \u2014 qui s\u2019activent avec constance pour faire avancer le navire,<br>m\u00eame dans la temp\u00eate ;<br>Consid\u00e9rant que menacer de l&rsquo;abandonner au moindre coup de vent budg\u00e9taire rel\u00e8ve<br>d&rsquo;une ingratitude civique profonde ;<br>Nous l\u2019affirmons, \u00ab Les rats quittent le navire \u00bb, n&rsquo;est pas une injure, mais le constat amer<br>d&rsquo;un comportement irresponsable. Elle illustre une r\u00e9alit\u00e9 : celle de la fuite des capitaux<br>et des responsabilit\u00e9s face \u00e0 l&rsquo;effort collectif.<br>Si qualifier ainsi la d\u00e9loyaut\u00e9 envers la Nation est un d\u00e9lit, alors nous sommes toutes et<br>tous coupables de clairvoyance.<br>C\u2019est sereinement et solidairement que nous attendons la r\u00e9action des esprits chagrins,<br>dont la pr\u00e9occupation devrait \u00eatre de rendre des comptes \u00e0 la collectivit\u00e9 plut\u00f4t que de<br>b\u00e2illonner la parole syndicale.<br>Nous faisons n\u00f4tre cette libert\u00e9 de ton.<br>Marylise L\u00e9on (secr\u00e9taire g\u00e9n\u00e9rale de la CFDT)<br>Fr\u00e9d\u00e9ric Souillot (secr\u00e9taire g\u00e9n\u00e9ral de FO)<br>Fran\u00e7ois Hommeril (pr\u00e9sident de la CFE CGC)<br>Laurent Escure (secr\u00e9taire g\u00e9n\u00e9ral de l\u2019UNSA)<br>Murielle Guilbert (co-d\u00e9l\u00e9gu\u00e9e g\u00e9n\u00e9rale Solidaires)<br>Julie Ferrua (co-d\u00e9l\u00e9gu\u00e9e g\u00e9n\u00e9rale Solidaires)<br>Caroline Chev\u00e9 (secr\u00e9taire g\u00e9n\u00e9rale de la FSU)<\/p>\n\n\n\n<div data-wp-interactive=\"core\/file\" class=\"wp-block-file\"><object data-wp-bind--hidden=\"!state.hasPdfPreview\" hidden class=\"wp-block-file__embed\" data=\"https:\/\/snupden-fsu.fr\/wp-content\/uploads\/2025\/12\/Declaration.pdf\" type=\"application\/pdf\" style=\"width:100%;height:600px\" aria-label=\"Contenu embarqu\u00e9 De\u0301claration.\"><\/object><a id=\"wp-block-file--media-098514c2-77b4-4a58-be54-4197ca67c85d\" href=\"https:\/\/snupden-fsu.fr\/wp-content\/uploads\/2025\/12\/Declaration.pdf\">De\u0301claration<\/a><a href=\"https:\/\/snupden-fsu.fr\/wp-content\/uploads\/2025\/12\/Declaration.pdf\" class=\"wp-block-file__button wp-element-button\" download aria-describedby=\"wp-block-file--media-098514c2-77b4-4a58-be54-4197ca67c85d\">T\u00e9l\u00e9charger<\/a><\/div>\n","protected":false},"excerpt":{"rendered":"<div class=\"mh-excerpt\"><p>Nous, secr\u00e9taires g\u00e9n\u00e9raux, pr\u00e9sidents, et responsables d\u2019organisations syndicales,apprenons que Sophie Binet, Secr\u00e9taire G\u00e9n\u00e9rale de la CGT, est inqui\u00e9t\u00e9e par la justicepour avoir us\u00e9 d\u2019un dicton imag\u00e9 et bien ancr\u00e9 dans <a class=\"mh-excerpt-more\" href=\"https:\/\/snupden-fsu.fr\/index.php\/2025\/12\/09\/quand-la-verite-offense-la-solidarite-simpose-communique-de-solidarite-avec-sophie-binet-secretaire-generale-de-la-cgt\/\" title=\"Quand la v\u00e9rit\u00e9 offense, la solidarit\u00e9 s&rsquo;impose &#8211; Communiqu\u00e9 de solidarit\u00e9 avec Sophie Binet, Secr\u00e9taire G\u00e9n\u00e9rale de la CGT\">[&#8230;]<\/a><\/p>\n<\/div>","protected":false},"author":9,"featured_media":5351,"comment_status":"closed","ping_status":"closed","sticky":false,"template":"","format":"standard","meta":{"_bbp_topic_count":0,"_bbp_reply_count":0,"_bbp_total_topic_count":0,"_bbp_total_reply_count":0,"_bbp_voice_count":0,"_bbp_anonymous_reply_count":0,"_bbp_topic_count_hidden":0,"_bbp_reply_count_hidden":0,"_bbp_forum_subforum_count":0,"_exactmetrics_skip_tracking":false,"_exactmetrics_sitenote_active":false,"_exactmetrics_sitenote_note":"","_exactmetrics_sitenote_category":0,"footnotes":""},"categories":[10,101],"tags":[],"class_list":["post-5349","post","type-post","status-publish","format-standard","has-post-thumbnail","hentry","category-actualites","category-communique"],"yoast_head":"<!-- This site is optimized with the Yoast SEO plugin v18.5.1 - https:\/\/yoast.com\/wordpress\/plugins\/seo\/ -->\n<title>Quand la v\u00e9rit\u00e9 offense, la solidarit\u00e9 s&#039;impose - Communiqu\u00e9 de solidarit\u00e9 avec Sophie Binet, Secr\u00e9taire G\u00e9n\u00e9rale de la CGT -<\/title>\n<meta name=\"robots\" content=\"index, follow, max-snippet:-1, max-image-preview:large, max-video-preview:-1\" \/>\n<link rel=\"canonical\" href=\"https:\/\/snupden-fsu.fr\/index.php\/2025\/12\/09\/quand-la-verite-offense-la-solidarite-simpose-communique-de-solidarite-avec-sophie-binet-secretaire-generale-de-la-cgt\/\" \/>\n<meta property=\"og:locale\" content=\"fr_FR\" \/>\n<meta property=\"og:type\" content=\"article\" \/>\n<meta property=\"og:title\" content=\"Quand la v\u00e9rit\u00e9 offense, la solidarit\u00e9 s&#039;impose - Communiqu\u00e9 de solidarit\u00e9 avec Sophie Binet, Secr\u00e9taire G\u00e9n\u00e9rale de la CGT -\" \/>\n<meta property=\"og:description\" content=\"Nous, secr\u00e9taires g\u00e9n\u00e9raux, pr\u00e9sidents, et responsables d\u2019organisations syndicales,apprenons que Sophie Binet, Secr\u00e9taire G\u00e9n\u00e9rale de la CGT, est inqui\u00e9t\u00e9e par la justicepour avoir us\u00e9 d\u2019un dicton imag\u00e9 et bien ancr\u00e9 dans [...]\" \/>\n<meta property=\"og:url\" content=\"https:\/\/snupden-fsu.fr\/index.php\/2025\/12\/09\/quand-la-verite-offense-la-solidarite-simpose-communique-de-solidarite-avec-sophie-binet-secretaire-generale-de-la-cgt\/\" \/>\n<meta property=\"article:published_time\" content=\"2025-12-09T13:22:15+00:00\" \/>\n<meta property=\"article:modified_time\" content=\"2026-03-04T08:42:03+00:00\" \/>\n<meta property=\"og:image\" content=\"http:\/\/snupden-fsu.fr\/wp-content\/uploads\/2025\/12\/logo_CGT.png\" \/>\n\t<meta property=\"og:image:width\" content=\"1936\" \/>\n\t<meta property=\"og:image:height\" content=\"1100\" \/>\n\t<meta property=\"og:image:type\" content=\"image\/png\" \/>\n<meta name=\"twitter:card\" content=\"summary_large_image\" \/>\n<meta name=\"twitter:label1\" content=\"\u00c9crit par\" \/>\n\t<meta name=\"twitter:data1\" content=\"Bureau national\" \/>\n\t<meta name=\"twitter:label2\" content=\"Dur\u00e9e de lecture estim\u00e9e\" \/>\n\t<meta name=\"twitter:data2\" content=\"2 minutes\" \/>\n<script type=\"application\/ld+json\" class=\"yoast-schema-graph\">{\"@context\":\"https:\/\/schema.org\",\"@graph\":[{\"@type\":\"Organization\",\"@id\":\"https:\/\/snupden-fsu.fr\/#organization\",\"name\":\"snU.Pden-FSU\",\"url\":\"https:\/\/snupden-fsu.fr\/\",\"sameAs\":[],\"logo\":{\"@type\":\"ImageObject\",\"@id\":\"https:\/\/snupden-fsu.fr\/#logo\",\"inLanguage\":\"fr-FR\",\"url\":\"http:\/\/snupden-fsu.fr\/wp-content\/uploads\/2018\/03\/logo_snupden-3.jpg\",\"contentUrl\":\"http:\/\/snupden-fsu.fr\/wp-content\/uploads\/2018\/03\/logo_snupden-3.jpg\",\"width\":612,\"height\":183,\"caption\":\"snU.Pden-FSU\"},\"image\":{\"@id\":\"https:\/\/snupden-fsu.fr\/#logo\"}},{\"@type\":\"WebSite\",\"@id\":\"https:\/\/snupden-fsu.fr\/#website\",\"url\":\"https:\/\/snupden-fsu.fr\/\",\"name\":\"snU.pden-FSU\",\"description\":\"Le snU.pden-FSU devient FSU Per Dir\",\"publisher\":{\"@id\":\"https:\/\/snupden-fsu.fr\/#organization\"},\"potentialAction\":[{\"@type\":\"SearchAction\",\"target\":{\"@type\":\"EntryPoint\",\"urlTemplate\":\"https:\/\/snupden-fsu.fr\/?s={search_term_string}\"},\"query-input\":\"required name=search_term_string\"}],\"inLanguage\":\"fr-FR\"},{\"@type\":\"ImageObject\",\"@id\":\"https:\/\/snupden-fsu.fr\/index.php\/2025\/12\/09\/quand-la-verite-offense-la-solidarite-simpose-communique-de-solidarite-avec-sophie-binet-secretaire-generale-de-la-cgt\/#primaryimage\",\"inLanguage\":\"fr-FR\",\"url\":\"https:\/\/snupden-fsu.fr\/wp-content\/uploads\/2025\/12\/logo_CGT.png\",\"contentUrl\":\"https:\/\/snupden-fsu.fr\/wp-content\/uploads\/2025\/12\/logo_CGT.png\",\"width\":1936,\"height\":1100},{\"@type\":\"WebPage\",\"@id\":\"https:\/\/snupden-fsu.fr\/index.php\/2025\/12\/09\/quand-la-verite-offense-la-solidarite-simpose-communique-de-solidarite-avec-sophie-binet-secretaire-generale-de-la-cgt\/#webpage\",\"url\":\"https:\/\/snupden-fsu.fr\/index.php\/2025\/12\/09\/quand-la-verite-offense-la-solidarite-simpose-communique-de-solidarite-avec-sophie-binet-secretaire-generale-de-la-cgt\/\",\"name\":\"Quand la v\u00e9rit\u00e9 offense, la solidarit\u00e9 s'impose - Communiqu\u00e9 de solidarit\u00e9 avec Sophie Binet, Secr\u00e9taire G\u00e9n\u00e9rale de la CGT -\",\"isPartOf\":{\"@id\":\"https:\/\/snupden-fsu.fr\/#website\"},\"primaryImageOfPage\":{\"@id\":\"https:\/\/snupden-fsu.fr\/index.php\/2025\/12\/09\/quand-la-verite-offense-la-solidarite-simpose-communique-de-solidarite-avec-sophie-binet-secretaire-generale-de-la-cgt\/#primaryimage\"},\"datePublished\":\"2025-12-09T13:22:15+00:00\",\"dateModified\":\"2026-03-04T08:42:03+00:00\",\"breadcrumb\":{\"@id\":\"https:\/\/snupden-fsu.fr\/index.php\/2025\/12\/09\/quand-la-verite-offense-la-solidarite-simpose-communique-de-solidarite-avec-sophie-binet-secretaire-generale-de-la-cgt\/#breadcrumb\"},\"inLanguage\":\"fr-FR\",\"potentialAction\":[{\"@type\":\"ReadAction\",\"target\":[\"https:\/\/snupden-fsu.fr\/index.php\/2025\/12\/09\/quand-la-verite-offense-la-solidarite-simpose-communique-de-solidarite-avec-sophie-binet-secretaire-generale-de-la-cgt\/\"]}]},{\"@type\":\"BreadcrumbList\",\"@id\":\"https:\/\/snupden-fsu.fr\/index.php\/2025\/12\/09\/quand-la-verite-offense-la-solidarite-simpose-communique-de-solidarite-avec-sophie-binet-secretaire-generale-de-la-cgt\/#breadcrumb\",\"itemListElement\":[{\"@type\":\"ListItem\",\"position\":1,\"name\":\"Accueil\",\"item\":\"https:\/\/snupden-fsu.fr\/\"},{\"@type\":\"ListItem\",\"position\":2,\"name\":\"Quand la v\u00e9rit\u00e9 offense, la solidarit\u00e9 s&rsquo;impose &#8211; Communiqu\u00e9 de solidarit\u00e9 avec Sophie Binet, Secr\u00e9taire G\u00e9n\u00e9rale de la CGT\"}]},{\"@type\":\"Article\",\"@id\":\"https:\/\/snupden-fsu.fr\/index.php\/2025\/12\/09\/quand-la-verite-offense-la-solidarite-simpose-communique-de-solidarite-avec-sophie-binet-secretaire-generale-de-la-cgt\/#article\",\"isPartOf\":{\"@id\":\"https:\/\/snupden-fsu.fr\/index.php\/2025\/12\/09\/quand-la-verite-offense-la-solidarite-simpose-communique-de-solidarite-avec-sophie-binet-secretaire-generale-de-la-cgt\/#webpage\"},\"author\":{\"@id\":\"https:\/\/snupden-fsu.fr\/#\/schema\/person\/1edf71884cc9d0706bf4b4b380456f72\"},\"headline\":\"Quand la v\u00e9rit\u00e9 offense, la solidarit\u00e9 s&rsquo;impose &#8211; Communiqu\u00e9 de solidarit\u00e9 avec Sophie Binet, Secr\u00e9taire G\u00e9n\u00e9rale de la CGT\",\"datePublished\":\"2025-12-09T13:22:15+00:00\",\"dateModified\":\"2026-03-04T08:42:03+00:00\",\"mainEntityOfPage\":{\"@id\":\"https:\/\/snupden-fsu.fr\/index.php\/2025\/12\/09\/quand-la-verite-offense-la-solidarite-simpose-communique-de-solidarite-avec-sophie-binet-secretaire-generale-de-la-cgt\/#webpage\"},\"wordCount\":358,\"publisher\":{\"@id\":\"https:\/\/snupden-fsu.fr\/#organization\"},\"image\":{\"@id\":\"https:\/\/snupden-fsu.fr\/index.php\/2025\/12\/09\/quand-la-verite-offense-la-solidarite-simpose-communique-de-solidarite-avec-sophie-binet-secretaire-generale-de-la-cgt\/#primaryimage\"},\"thumbnailUrl\":\"https:\/\/snupden-fsu.fr\/wp-content\/uploads\/2025\/12\/logo_CGT.png\",\"articleSection\":[\"Actualit\u00e9s\",\"Communiqu\u00e9s\"],\"inLanguage\":\"fr-FR\"},{\"@type\":\"Person\",\"@id\":\"https:\/\/snupden-fsu.fr\/#\/schema\/person\/1edf71884cc9d0706bf4b4b380456f72\",\"name\":\"Bureau national\",\"image\":{\"@type\":\"ImageObject\",\"@id\":\"https:\/\/snupden-fsu.fr\/#personlogo\",\"inLanguage\":\"fr-FR\",\"url\":\"https:\/\/secure.gravatar.com\/avatar\/a5ca06c32142c6dde84bb9bd5e7908779d6b092fef2b54818fd5a687421141d9?s=96&d=mm&r=g\",\"contentUrl\":\"https:\/\/secure.gravatar.com\/avatar\/a5ca06c32142c6dde84bb9bd5e7908779d6b092fef2b54818fd5a687421141d9?s=96&d=mm&r=g\",\"caption\":\"Bureau national\"},\"url\":\"https:\/\/snupden-fsu.fr\/index.php\/author\/bureau-national\/\"}]}<\/script>\n<!-- \/ Yoast SEO plugin. -->","yoast_head_json":{"title":"Quand la v\u00e9rit\u00e9 offense, la solidarit\u00e9 s'impose - Communiqu\u00e9 de solidarit\u00e9 avec Sophie Binet, Secr\u00e9taire G\u00e9n\u00e9rale de la CGT -","robots":{"index":"index","follow":"follow","max-snippet":"max-snippet:-1","max-image-preview":"max-image-preview:large","max-video-preview":"max-video-preview:-1"},"canonical":"https:\/\/snupden-fsu.fr\/index.php\/2025\/12\/09\/quand-la-verite-offense-la-solidarite-simpose-communique-de-solidarite-avec-sophie-binet-secretaire-generale-de-la-cgt\/","og_locale":"fr_FR","og_type":"article","og_title":"Quand la v\u00e9rit\u00e9 offense, la solidarit\u00e9 s'impose - Communiqu\u00e9 de solidarit\u00e9 avec Sophie Binet, Secr\u00e9taire G\u00e9n\u00e9rale de la CGT -","og_description":"Nous, secr\u00e9taires g\u00e9n\u00e9raux, pr\u00e9sidents, et responsables d\u2019organisations syndicales,apprenons que Sophie Binet, Secr\u00e9taire G\u00e9n\u00e9rale de la CGT, est inqui\u00e9t\u00e9e par la justicepour avoir us\u00e9 d\u2019un dicton imag\u00e9 et bien ancr\u00e9 dans [...]","og_url":"https:\/\/snupden-fsu.fr\/index.php\/2025\/12\/09\/quand-la-verite-offense-la-solidarite-simpose-communique-de-solidarite-avec-sophie-binet-secretaire-generale-de-la-cgt\/","article_published_time":"2025-12-09T13:22:15+00:00","article_modified_time":"2026-03-04T08:42:03+00:00","og_image":[{"width":1936,"height":1100,"url":"http:\/\/snupden-fsu.fr\/wp-content\/uploads\/2025\/12\/logo_CGT.png","type":"image\/png"}],"twitter_card":"summary_large_image","twitter_misc":{"\u00c9crit par":"Bureau national","Dur\u00e9e de lecture estim\u00e9e":"2 minutes"},"schema":{"@context":"https:\/\/schema.org","@graph":[{"@type":"Organization","@id":"https:\/\/snupden-fsu.fr\/#organization","name":"snU.Pden-FSU","url":"https:\/\/snupden-fsu.fr\/","sameAs":[],"logo":{"@type":"ImageObject","@id":"https:\/\/snupden-fsu.fr\/#logo","inLanguage":"fr-FR","url":"http:\/\/snupden-fsu.fr\/wp-content\/uploads\/2018\/03\/logo_snupden-3.jpg","contentUrl":"http:\/\/snupden-fsu.fr\/wp-content\/uploads\/2018\/03\/logo_snupden-3.jpg","width":612,"height":183,"caption":"snU.Pden-FSU"},"image":{"@id":"https:\/\/snupden-fsu.fr\/#logo"}},{"@type":"WebSite","@id":"https:\/\/snupden-fsu.fr\/#website","url":"https:\/\/snupden-fsu.fr\/","name":"snU.pden-FSU","description":"Le snU.pden-FSU devient FSU Per Dir","publisher":{"@id":"https:\/\/snupden-fsu.fr\/#organization"},"potentialAction":[{"@type":"SearchAction","target":{"@type":"EntryPoint","urlTemplate":"https:\/\/snupden-fsu.fr\/?s={search_term_string}"},"query-input":"required name=search_term_string"}],"inLanguage":"fr-FR"},{"@type":"ImageObject","@id":"https:\/\/snupden-fsu.fr\/index.php\/2025\/12\/09\/quand-la-verite-offense-la-solidarite-simpose-communique-de-solidarite-avec-sophie-binet-secretaire-generale-de-la-cgt\/#primaryimage","inLanguage":"fr-FR","url":"https:\/\/snupden-fsu.fr\/wp-content\/uploads\/2025\/12\/logo_CGT.png","contentUrl":"https:\/\/snupden-fsu.fr\/wp-content\/uploads\/2025\/12\/logo_CGT.png","width":1936,"height":1100},{"@type":"WebPage","@id":"https:\/\/snupden-fsu.fr\/index.php\/2025\/12\/09\/quand-la-verite-offense-la-solidarite-simpose-communique-de-solidarite-avec-sophie-binet-secretaire-generale-de-la-cgt\/#webpage","url":"https:\/\/snupden-fsu.fr\/index.php\/2025\/12\/09\/quand-la-verite-offense-la-solidarite-simpose-communique-de-solidarite-avec-sophie-binet-secretaire-generale-de-la-cgt\/","name":"Quand la v\u00e9rit\u00e9 offense, la solidarit\u00e9 s'impose - Communiqu\u00e9 de solidarit\u00e9 avec Sophie Binet, Secr\u00e9taire G\u00e9n\u00e9rale de la CGT -","isPartOf":{"@id":"https:\/\/snupden-fsu.fr\/#website"},"primaryImageOfPage":{"@id":"https:\/\/snupden-fsu.fr\/index.php\/2025\/12\/09\/quand-la-verite-offense-la-solidarite-simpose-communique-de-solidarite-avec-sophie-binet-secretaire-generale-de-la-cgt\/#primaryimage"},"datePublished":"2025-12-09T13:22:15+00:00","dateModified":"2026-03-04T08:42:03+00:00","breadcrumb":{"@id":"https:\/\/snupden-fsu.fr\/index.php\/2025\/12\/09\/quand-la-verite-offense-la-solidarite-simpose-communique-de-solidarite-avec-sophie-binet-secretaire-generale-de-la-cgt\/#breadcrumb"},"inLanguage":"fr-FR","potentialAction":[{"@type":"ReadAction","target":["https:\/\/snupden-fsu.fr\/index.php\/2025\/12\/09\/quand-la-verite-offense-la-solidarite-simpose-communique-de-solidarite-avec-sophie-binet-secretaire-generale-de-la-cgt\/"]}]},{"@type":"BreadcrumbList","@id":"https:\/\/snupden-fsu.fr\/index.php\/2025\/12\/09\/quand-la-verite-offense-la-solidarite-simpose-communique-de-solidarite-avec-sophie-binet-secretaire-generale-de-la-cgt\/#breadcrumb","itemListElement":[{"@type":"ListItem","position":1,"name":"Accueil","item":"https:\/\/snupden-fsu.fr\/"},{"@type":"ListItem","position":2,"name":"Quand la v\u00e9rit\u00e9 offense, la solidarit\u00e9 s&rsquo;impose &#8211; Communiqu\u00e9 de solidarit\u00e9 avec Sophie Binet, Secr\u00e9taire G\u00e9n\u00e9rale de la CGT"}]},{"@type":"Article","@id":"https:\/\/snupden-fsu.fr\/index.php\/2025\/12\/09\/quand-la-verite-offense-la-solidarite-simpose-communique-de-solidarite-avec-sophie-binet-secretaire-generale-de-la-cgt\/#article","isPartOf":{"@id":"https:\/\/snupden-fsu.fr\/index.php\/2025\/12\/09\/quand-la-verite-offense-la-solidarite-simpose-communique-de-solidarite-avec-sophie-binet-secretaire-generale-de-la-cgt\/#webpage"},"author":{"@id":"https:\/\/snupden-fsu.fr\/#\/schema\/person\/1edf71884cc9d0706bf4b4b380456f72"},"headline":"Quand la v\u00e9rit\u00e9 offense, la solidarit\u00e9 s&rsquo;impose &#8211; Communiqu\u00e9 de solidarit\u00e9 avec Sophie Binet, Secr\u00e9taire G\u00e9n\u00e9rale de la CGT","datePublished":"2025-12-09T13:22:15+00:00","dateModified":"2026-03-04T08:42:03+00:00","mainEntityOfPage":{"@id":"https:\/\/snupden-fsu.fr\/index.php\/2025\/12\/09\/quand-la-verite-offense-la-solidarite-simpose-communique-de-solidarite-avec-sophie-binet-secretaire-generale-de-la-cgt\/#webpage"},"wordCount":358,"publisher":{"@id":"https:\/\/snupden-fsu.fr\/#organization"},"image":{"@id":"https:\/\/snupden-fsu.fr\/index.php\/2025\/12\/09\/quand-la-verite-offense-la-solidarite-simpose-communique-de-solidarite-avec-sophie-binet-secretaire-generale-de-la-cgt\/#primaryimage"},"thumbnailUrl":"https:\/\/snupden-fsu.fr\/wp-content\/uploads\/2025\/12\/logo_CGT.png","articleSection":["Actualit\u00e9s","Communiqu\u00e9s"],"inLanguage":"fr-FR"},{"@type":"Person","@id":"https:\/\/snupden-fsu.fr\/#\/schema\/person\/1edf71884cc9d0706bf4b4b380456f72","name":"Bureau national","image":{"@type":"ImageObject","@id":"https:\/\/snupden-fsu.fr\/#personlogo","inLanguage":"fr-FR","url":"https:\/\/secure.gravatar.com\/avatar\/a5ca06c32142c6dde84bb9bd5e7908779d6b092fef2b54818fd5a687421141d9?s=96&d=mm&r=g","contentUrl":"https:\/\/secure.gravatar.com\/avatar\/a5ca06c32142c6dde84bb9bd5e7908779d6b092fef2b54818fd5a687421141d9?s=96&d=mm&r=g","caption":"Bureau national"},"url":"https:\/\/snupden-fsu.fr\/index.php\/author\/bureau-national\/"}]}},"_links":{"self":[{"href":"https:\/\/snupden-fsu.fr\/index.php\/wp-json\/wp\/v2\/posts\/5349","targetHints":{"allow":["GET"]}}],"collection":[{"href":"https:\/\/snupden-fsu.fr\/index.php\/wp-json\/wp\/v2\/posts"}],"about":[{"href":"https:\/\/snupden-fsu.fr\/index.php\/wp-json\/wp\/v2\/types\/post"}],"author":[{"embeddable":true,"href":"https:\/\/snupden-fsu.fr\/index.php\/wp-json\/wp\/v2\/users\/9"}],"replies":[{"embeddable":true,"href":"https:\/\/snupden-fsu.fr\/index.php\/wp-json\/wp\/v2\/comments?post=5349"}],"version-history":[{"count":1,"href":"https:\/\/snupden-fsu.fr\/index.php\/wp-json\/wp\/v2\/posts\/5349\/revisions"}],"predecessor-version":[{"id":5352,"href":"https:\/\/snupden-fsu.fr\/index.php\/wp-json\/wp\/v2\/posts\/5349\/revisions\/5352"}],"wp:featuredmedia":[{"embeddable":true,"href":"https:\/\/snupden-fsu.fr\/index.php\/wp-json\/wp\/v2\/media\/5351"}],"wp:attachment":[{"href":"https:\/\/snupden-fsu.fr\/index.php\/wp-json\/wp\/v2\/media?parent=5349"}],"wp:term":[{"taxonomy":"category","embeddable":true,"href":"https:\/\/snupden-fsu.fr\/index.php\/wp-json\/wp\/v2\/categories?post=5349"},{"taxonomy":"post_tag","embeddable":true,"href":"https:\/\/snupden-fsu.fr\/index.php\/wp-json\/wp\/v2\/tags?post=5349"}],"curies":[{"name":"wp","href":"https:\/\/api.w.org\/{rel}","templated":true}]}}