{"id":5275,"date":"2025-10-20T13:58:39","date_gmt":"2025-10-20T11:58:39","guid":{"rendered":"https:\/\/snupden-fsu.fr\/?p=5275"},"modified":"2025-11-18T17:28:09","modified_gmt":"2025-11-18T16:28:09","slug":"communique-intersyndical-retraites-un-premier-pas-qui-en-appellera-dautres-20-octobre-2025","status":"publish","type":"post","link":"https:\/\/snupden-fsu.fr\/index.php\/2025\/10\/20\/communique-intersyndical-retraites-un-premier-pas-qui-en-appellera-dautres-20-octobre-2025\/","title":{"rendered":"Communiqu\u00e9 intersyndical &#8211; Retraites : un premier pas qui en appellera d\u2019autres &#8211; 20 octobre 2025"},"content":{"rendered":"\n<figure class=\"wp-block-image size-full\"><img loading=\"lazy\" decoding=\"async\" width=\"1100\" height=\"150\" src=\"https:\/\/snupden-fsu.fr\/wp-content\/uploads\/2025\/10\/logo-intersyndicale-8.webp\" alt=\"\" class=\"wp-image-5276\"\/><\/figure>\n\n\n\n<p>Lors de son discours de politique g\u00e9n\u00e9rale, le Premier ministre a annonc\u00e9 la suspension de la r\u00e9forme des retraites jusqu\u2019aux prochaines \u00e9lections pr\u00e9sidentielles. Cela signifie que les g\u00e9n\u00e9rations n\u00e9es en 1964 et en 1965 pourraient partir quelques mois plus t\u00f4t que pr\u00e9vu, \u00e0 62 ans et 9 mois et avec 170 trimestres de cotisations.<\/p>\n\n\n\n<p>Nos organisations saluent cette premi\u00e8re avanc\u00e9e apr\u00e8s de longs mois de mobilisations dans l\u2019unit\u00e9, et alors que les gouvernements successifs cherchaient \u00e0 refermer le dossier en continuant \u00e0 mener leur politique hostile au monde du travail.<\/p>\n\n\n\n<p>C\u2019est \u00e0 mettre \u00e0 l\u2019actif de la mobilisation des millions de fran\u00e7aises et de fran\u00e7ais qui depuis 2023, par des voies multiples et sans jamais renoncer, ont exprim\u00e9 leur rejet de cette injustice et de cette atteinte \u00e0 la d\u00e9mocratie sociale. Des centaines de milliers de travailleuses et de travailleurs pourraient en b\u00e9n\u00e9ficier.<\/p>\n\n\n\n<p>Les modalit\u00e9s techniques de mise en \u0153uvre de cette suspension doivent encore \u00eatre pr\u00e9cis\u00e9es tout comme elles doivent \u00eatre adopt\u00e9es par le Parlement.<\/p>\n\n\n\n<p>Pour nos organisations syndicales, la suspension ne peut qu\u2019\u00eatre un pr\u00e9alable \u00e0 l\u2019abandon de la r\u00e9forme in fine.<\/p>\n\n\n\n<p>Le budget pr\u00e9sent\u00e9 par le gouvernement fait encore porter l\u2019essentiel des efforts sur le monde du travail. C\u2019est \u00e0 nouveau un budget d\u2019aust\u00e9rit\u00e9 avec des mesures inacceptables pour la population. Nos organisations continuent d\u2019alerter sur la profondeur de la col\u00e8re sociale.<\/p>\n\n\n\n<p>Avec l\u2019abandon du 49-3, l\u2019adoption de l\u2019ensemble de ces mesures va reposer sur les parlementaires. L\u2019intersyndicale leur demande de supprimer les mesures d\u2019aust\u00e9rit\u00e9 annonc\u00e9es et d\u2019\u00e9laborer un budget de justice sociale et fiscale garantissant un haut niveau de protection sociale, des services publics renforc\u00e9s et des investissements vers une transition \u00e9cologique et industrielle juste et de haut niveau.<\/p>\n\n\n\n<p>Nos organisations appellent les travailleuses et travailleurs et leurs syndicats \u00e0 maintenir la pression et leurs revendications par des actions dans les entreprises, les services et administrations, par diff\u00e9rentes initiatives, organisations de r\u00e9unions d\u2019information, assembl\u00e9es g\u00e9n\u00e9rales du personnel\u2026 Elles conviennent d\u2019ores et d\u00e9j\u00e0 de se revoir tr\u00e8s rapidement.<\/p>\n\n\n\n<div data-wp-interactive=\"core\/file\" class=\"wp-block-file\"><object data-wp-bind--hidden=\"!state.hasPdfPreview\" hidden class=\"wp-block-file__embed\" data=\"https:\/\/snupden-fsu.fr\/wp-content\/uploads\/2025\/10\/cp_intersyndical_20_oct_25.pdf\" type=\"application\/pdf\" style=\"width:100%;height:600px\" aria-label=\"Contenu embarqu\u00e9 cp_intersyndical_20_oct_25.\"><\/object><a id=\"wp-block-file--media-11ea4506-0517-4114-8b72-b3cdf3a7a756\" href=\"https:\/\/snupden-fsu.fr\/wp-content\/uploads\/2025\/10\/cp_intersyndical_20_oct_25.pdf\">cp_intersyndical_20_oct_25<\/a><a href=\"https:\/\/snupden-fsu.fr\/wp-content\/uploads\/2025\/10\/cp_intersyndical_20_oct_25.pdf\" class=\"wp-block-file__button wp-element-button\" download aria-describedby=\"wp-block-file--media-11ea4506-0517-4114-8b72-b3cdf3a7a756\">T\u00e9l\u00e9charger<\/a><\/div>\n","protected":false},"excerpt":{"rendered":"<div class=\"mh-excerpt\"><p>Lors de son discours de politique g\u00e9n\u00e9rale, le Premier ministre a annonc\u00e9 la suspension de la r\u00e9forme des retraites jusqu\u2019aux prochaines \u00e9lections pr\u00e9sidentielles. Cela signifie que les g\u00e9n\u00e9rations n\u00e9es en <a class=\"mh-excerpt-more\" href=\"https:\/\/snupden-fsu.fr\/index.php\/2025\/10\/20\/communique-intersyndical-retraites-un-premier-pas-qui-en-appellera-dautres-20-octobre-2025\/\" title=\"Communiqu\u00e9 intersyndical &#8211; Retraites : un premier pas qui en appellera d\u2019autres &#8211; 20 octobre 2025\">[&#8230;]<\/a><\/p>\n<\/div>","protected":false},"author":9,"featured_media":5309,"comment_status":"closed","ping_status":"closed","sticky":false,"template":"","format":"standard","meta":{"footnotes":""},"categories":[283,10,101],"tags":[],"class_list":["post-5275","post","type-post","status-publish","format-standard","has-post-thumbnail","hentry","category-action","category-actualites","category-communique"],"_links":{"self":[{"href":"https:\/\/snupden-fsu.fr\/index.php\/wp-json\/wp\/v2\/posts\/5275","targetHints":{"allow":["GET"]}}],"collection":[{"href":"https:\/\/snupden-fsu.fr\/index.php\/wp-json\/wp\/v2\/posts"}],"about":[{"href":"https:\/\/snupden-fsu.fr\/index.php\/wp-json\/wp\/v2\/types\/post"}],"author":[{"embeddable":true,"href":"https:\/\/snupden-fsu.fr\/index.php\/wp-json\/wp\/v2\/users\/9"}],"replies":[{"embeddable":true,"href":"https:\/\/snupden-fsu.fr\/index.php\/wp-json\/wp\/v2\/comments?post=5275"}],"version-history":[{"count":2,"href":"https:\/\/snupden-fsu.fr\/index.php\/wp-json\/wp\/v2\/posts\/5275\/revisions"}],"predecessor-version":[{"id":5279,"href":"https:\/\/snupden-fsu.fr\/index.php\/wp-json\/wp\/v2\/posts\/5275\/revisions\/5279"}],"wp:featuredmedia":[{"embeddable":true,"href":"https:\/\/snupden-fsu.fr\/index.php\/wp-json\/wp\/v2\/media\/5309"}],"wp:attachment":[{"href":"https:\/\/snupden-fsu.fr\/index.php\/wp-json\/wp\/v2\/media?parent=5275"}],"wp:term":[{"taxonomy":"category","embeddable":true,"href":"https:\/\/snupden-fsu.fr\/index.php\/wp-json\/wp\/v2\/categories?post=5275"},{"taxonomy":"post_tag","embeddable":true,"href":"https:\/\/snupden-fsu.fr\/index.php\/wp-json\/wp\/v2\/tags?post=5275"}],"curies":[{"name":"wp","href":"https:\/\/api.w.org\/{rel}","templated":true}]}}