{"id":5184,"date":"2025-09-03T15:22:52","date_gmt":"2025-09-03T13:22:52","guid":{"rendered":"https:\/\/snupden-fsu.fr\/?p=5184"},"modified":"2025-11-17T19:30:20","modified_gmt":"2025-11-17T18:30:20","slug":"qui-pour-nous-faire-rever-apres-elisabeth-borne","status":"publish","type":"post","link":"https:\/\/snupden-fsu.fr\/index.php\/2025\/09\/03\/qui-pour-nous-faire-rever-apres-elisabeth-borne\/","title":{"rendered":"Qui pour nous faire r\u00eaver apr\u00e8s Elisabeth Borne\u00a0?"},"content":{"rendered":"\n<p>On a bien compris la chanson : Fran\u00e7ois Bayrou nous r\u00e9veille de notre torpeur d\u2019accros \u00e0 la dette et tire le rideau des largesses d\u2019un Etat social dont il va falloir \u00e0 pr\u00e9sent payer l\u2019addition. La sant\u00e9, l\u2019\u00e9cole, les services publics, il est grand temps que nous comprenions que ce sont avant tout des co\u00fbts, et qui p\u00e8sent bien trop lourd pour la soci\u00e9t\u00e9 alors que le march\u00e9 est en souffrance et attend de prendre le relais. Mais si la f\u00eate est finie, Elisabeth Borne nous appelle pour autant \u00e0 ne pas nous attrister&nbsp;pour ce gouffre qu\u2019est notre syst\u00e8me \u00e9ducatif : ce sont 16 milliards d\u2019euros suppl\u00e9mentaires dont l\u2019Education nationale a b\u00e9n\u00e9fici\u00e9 depuis 2017.<\/p>\n\n\n\n<p>Quelque chose nous aurait-il \u00e9chapp\u00e9&nbsp;? La ministre oublie de nous dire que ces d\u00e9penses sont pour l\u2019essentiel l\u2019effet m\u00e9canique de la hausse des salaires li\u00e9e \u00e0 l\u2019anciennet\u00e9, et n\u2019ont rien \u00e0 voir avec de nouveaux investissements pour les moyens de l\u2019\u00e9cole. Et avec 65 milliards d\u2019euros, l\u2019\u00e9ducation reste toujours loin derri\u00e8re ce premier poste du budget de l\u2019Etat que sont les 211 milliards d\u2019aide aux entreprises.<\/p>\n\n\n\n<p>Pour autant, \u00e0 l\u2019en croire, ce n\u2019est pas la volont\u00e9 qui manque, m\u00eame si un certain nombre des effets de \u00ab&nbsp;choc&nbsp;\u00bb de Gabriel Attal sont mis au panier (l\u2019obligation du brevet pour l\u2019entr\u00e9e en seconde, l\u2019extension des \u00ab groupes de besoins \u00bb aux \u00e9l\u00e8ves de 4e et 3e, la mise en place g\u00e9n\u00e9ralis\u00e9e des classes \u00ab Pr\u00e9pa seconde \u00bb\u2026). Madame Borne en reste aux fondamentaux du blanqu\u00e9risme, ce cap toujours pr\u00e9sent\u00e9 comme oblig\u00e9 pour sauver l\u2019Ecole&nbsp;: m\u00eame si tous ses r\u00e9sultats le d\u00e9montrent contre-productif, on suppose que l\u2019ent\u00eatement finira bien par payer\u2026 Mais avec une nouvelle panoplie de protocoles, des prescriptions toujours plus nombreuses, des missions en inflation avec des moyens (IMP, HSE, Pactes) toujours plus r\u00e9duits, nous avons droit \u00e0 un pilotage \u00ab&nbsp;renforc\u00e9&nbsp;\u00bb.<\/p>\n\n\n\n<p>Il faut bien remarquer \u00e9galement une coloration particuli\u00e8re dans la strat\u00e9gie de communication du minist\u00e8re Borne, qui se construit en deux axes.<\/p>\n\n\n\n<p>D\u2019abord un axe protecteur avec les ritournelles de la promotion de la sant\u00e9 mentale et d\u2019une \u00e9cole s\u00fbre et protectrice, ainsi que d\u2019un concept de co-\u00e9ducation tourn\u00e9 en relation-client, qui ouvre la voie \u00e0 une configuration marchande de l\u2019inclusion et \u00e0 l\u2019amplification d\u2019un ph\u00e9nom\u00e8ne d\u2019instrumentalisation du harc\u00e8lement.<\/p>\n\n\n\n<p>Et ensuite un axe m\u00e9ritocratico-r\u00e9publicanisant, qui tient un difficile \u00e9quilibre entre deux pr\u00e9tentions&nbsp;: la r\u00e9duction \u00ab&nbsp;des in\u00e9galit\u00e9s de destin&nbsp;\u00bb dans le processus d\u2019orientation et le \u00ab&nbsp;redressement du niveau&nbsp;\u00bb, accommodation bricol\u00e9e d\u2019un \u00ab&nbsp;en m\u00eame temps&nbsp;\u00bb des discours \u00e9mancipateur de gauche et conservateur de droite. Il y a d\u2019ailleurs de quoi surprendre dans ce nouvel int\u00e9r\u00eat pour le pauvre, qui est plut\u00f4t la cible ordinaire de cette politique. Mais ce discours sert surtout \u00e0 habiller un activisme \u00e0 moyens r\u00e9duits, avec un basculement des missions des psy-EN vers les professeurs principaux et de l\u2019Etat vers les r\u00e9gions.<\/p>\n\n\n\n<p>Il faut reconna\u00eetre que tout cela est bien peu entra\u00eenant pour nos missions de direction, plus que jamais corset\u00e9es pour un syst\u00e8me \u00e9ducatif align\u00e9 sur une politique devenue captation de l\u2019attention.<\/p>\n\n\n\n<p>S\u2019il faut maintenant nous tourner vers un \u00e9ventuel apr\u00e8s-Bayrou, deux perspectives y semblent probables&nbsp;:<\/p>\n\n\n\n<ul class=\"wp-block-list\">\n<li>le \u00ab\u00a0besoin de stabilit\u00e9\u00a0\u00bb am\u00e8ne \u00e0 conserver le cap et, pourquoi pas,\u00a0la disruption dans la continuit\u00e9 : Elisabeth Borne et Caroline Pascal \u00e0 la Dgesco pourraient bien reprendre leur propre succession ;<\/li>\n<\/ul>\n\n\n\n<ul class=\"wp-block-list\">\n<li>le retour de la propagande \u00e9lectorale pour la restauration de l\u2019ordre et de l\u2019autorit\u00e9 \u00e0 l\u2019\u00e9cole.<\/li>\n<\/ul>\n\n\n\n<p>Soit&nbsp;: les mornes plaines du n\u00e9olib\u00e9ralisme technocratique ou le cauchemar du n\u00e9oconservatisme fascisant. Mais on peut toujours se prendre \u00e0 r\u00eaver&#8230;<\/p>\n","protected":false},"excerpt":{"rendered":"<div class=\"mh-excerpt\"><p>On a bien compris la chanson : Fran\u00e7ois Bayrou nous r\u00e9veille de notre torpeur d\u2019accros \u00e0 la dette et tire le rideau des largesses d\u2019un Etat social dont il va <a class=\"mh-excerpt-more\" href=\"https:\/\/snupden-fsu.fr\/index.php\/2025\/09\/03\/qui-pour-nous-faire-rever-apres-elisabeth-borne\/\" title=\"Qui pour nous faire r\u00eaver apr\u00e8s Elisabeth Borne\u00a0?\">[&#8230;]<\/a><\/p>\n<\/div>","protected":false},"author":9,"featured_media":0,"comment_status":"closed","ping_status":"closed","sticky":false,"template":"","format":"standard","meta":{"footnotes":""},"categories":[10],"tags":[],"class_list":["post-5184","post","type-post","status-publish","format-standard","hentry","category-actualites"],"_links":{"self":[{"href":"https:\/\/snupden-fsu.fr\/index.php\/wp-json\/wp\/v2\/posts\/5184","targetHints":{"allow":["GET"]}}],"collection":[{"href":"https:\/\/snupden-fsu.fr\/index.php\/wp-json\/wp\/v2\/posts"}],"about":[{"href":"https:\/\/snupden-fsu.fr\/index.php\/wp-json\/wp\/v2\/types\/post"}],"author":[{"embeddable":true,"href":"https:\/\/snupden-fsu.fr\/index.php\/wp-json\/wp\/v2\/users\/9"}],"replies":[{"embeddable":true,"href":"https:\/\/snupden-fsu.fr\/index.php\/wp-json\/wp\/v2\/comments?post=5184"}],"version-history":[{"count":1,"href":"https:\/\/snupden-fsu.fr\/index.php\/wp-json\/wp\/v2\/posts\/5184\/revisions"}],"predecessor-version":[{"id":5185,"href":"https:\/\/snupden-fsu.fr\/index.php\/wp-json\/wp\/v2\/posts\/5184\/revisions\/5185"}],"wp:attachment":[{"href":"https:\/\/snupden-fsu.fr\/index.php\/wp-json\/wp\/v2\/media?parent=5184"}],"wp:term":[{"taxonomy":"category","embeddable":true,"href":"https:\/\/snupden-fsu.fr\/index.php\/wp-json\/wp\/v2\/categories?post=5184"},{"taxonomy":"post_tag","embeddable":true,"href":"https:\/\/snupden-fsu.fr\/index.php\/wp-json\/wp\/v2\/tags?post=5184"}],"curies":[{"name":"wp","href":"https:\/\/api.w.org\/{rel}","templated":true}]}}