{"id":5182,"date":"2025-09-03T15:19:03","date_gmt":"2025-09-03T13:19:03","guid":{"rendered":"https:\/\/snupden-fsu.fr\/?p=5182"},"modified":"2025-11-18T15:03:37","modified_gmt":"2025-11-18T14:03:37","slug":"la-fin-des-volontaires-en-service-civique-dans-les-etablissements-scolaires-ou-des-moyens-pour-lecole-comme-peau-de-chagrin","status":"publish","type":"post","link":"https:\/\/snupden-fsu.fr\/index.php\/2025\/09\/03\/la-fin-des-volontaires-en-service-civique-dans-les-etablissements-scolaires-ou-des-moyens-pour-lecole-comme-peau-de-chagrin\/","title":{"rendered":"La fin des volontaires en service civique dans les \u00e9tablissements scolaires ou des moyens pour l\u2019Ecole comme peau de chagrin"},"content":{"rendered":"\n<p>Il serait honn\u00eate de commencer par dire que nous avons longtemps manifest\u00e9 au minimum un scepticisme \u2013 si ce n\u2019est une m\u00e9fiance \u2013 \u00e0 l\u2019\u00e9gard des services civiques. Ce dispositif, qui constitue non pas un contrat de travail mais un engagement volontaire pour les jeunes entre 16 et 25 ans, a accompagn\u00e9 depuis le d\u00e9but des ann\u00e9es 2010 une pr\u00e9carisation des moyens et des statuts avec une indemnit\u00e9 d\u2019environ 850 euros par mois pour une moyenne de 30 heures par semaine.<\/p>\n\n\n\n<p>Les volontaires en service civique ont toutefois su progressivement s\u2019imposer comme des acteurs \u00e0 part enti\u00e8re au sein des \u00e9tablissements scolaires \u00e0 travers de nombreuses missions allant de l\u2019accompagnement des \u00e9l\u00e8ves au soutien dans le cadre de Devoirs faits&nbsp;: au d\u00e9but des ann\u00e9es 2020, \u00e0 l\u2019issue de la crise sanitaire et dans un contexte de restriction budg\u00e9taire, leur nombre s\u2019est consid\u00e9rablement accru avec plus de 20&nbsp;000 jeunes affect\u00e9s dans les EPLE (chiffres du Minist\u00e8re de l\u2019Education nationale). Une telle \u00e9volution illustre non seulement toutes les qualit\u00e9s de nombreux jeunes pour qui ont su rendre cette exp\u00e9rience positive mais aussi du pragmatisme et des capacit\u00e9s d\u2019adaptation des personnels de direction et des CPE.<\/p>\n\n\n\n<p>D\u00e9j\u00e0 en sursis cet hiver avec une premi\u00e8re suspension en f\u00e9vrier 2025 par l\u2019Agence du Service Civique, l\u2019annonce le 29 juillet 2025 de l\u2019arr\u00eat des missions des volontaires en service civique dans les coll\u00e8ges et les lyc\u00e9es sonne le glas d\u2019un dispositif \u00e0 la fois symbole de pr\u00e9carit\u00e9 et pourtant ayant de plus en plus de sens dans les EPLE. En ces temps difficiles, selon l\u2019expression consacr\u00e9e, nous apprenons au c\u0153ur de l\u2019\u00e9t\u00e9 une nouvelle r\u00e9duction de nos moyens. Le calendrier de cette annonce et la nature m\u00eame du dispositif expliquent peut-\u00eatre le peu de r\u00e9actions\u2026<\/p>\n\n\n\n<p>Jusqu\u2019ici tout va bien.<\/p>\n","protected":false},"excerpt":{"rendered":"<div class=\"mh-excerpt\"><p>Il serait honn\u00eate de commencer par dire que nous avons longtemps manifest\u00e9 au minimum un scepticisme \u2013 si ce n\u2019est une m\u00e9fiance \u2013 \u00e0 l\u2019\u00e9gard des services civiques. Ce dispositif, <a class=\"mh-excerpt-more\" href=\"https:\/\/snupden-fsu.fr\/index.php\/2025\/09\/03\/la-fin-des-volontaires-en-service-civique-dans-les-etablissements-scolaires-ou-des-moyens-pour-lecole-comme-peau-de-chagrin\/\" title=\"La fin des volontaires en service civique dans les \u00e9tablissements scolaires ou des moyens pour l\u2019Ecole comme peau de chagrin\">[&#8230;]<\/a><\/p>\n<\/div>","protected":false},"author":9,"featured_media":0,"comment_status":"closed","ping_status":"closed","sticky":false,"template":"","format":"standard","meta":{"footnotes":""},"categories":[10],"tags":[],"class_list":["post-5182","post","type-post","status-publish","format-standard","hentry","category-actualites"],"_links":{"self":[{"href":"https:\/\/snupden-fsu.fr\/index.php\/wp-json\/wp\/v2\/posts\/5182","targetHints":{"allow":["GET"]}}],"collection":[{"href":"https:\/\/snupden-fsu.fr\/index.php\/wp-json\/wp\/v2\/posts"}],"about":[{"href":"https:\/\/snupden-fsu.fr\/index.php\/wp-json\/wp\/v2\/types\/post"}],"author":[{"embeddable":true,"href":"https:\/\/snupden-fsu.fr\/index.php\/wp-json\/wp\/v2\/users\/9"}],"replies":[{"embeddable":true,"href":"https:\/\/snupden-fsu.fr\/index.php\/wp-json\/wp\/v2\/comments?post=5182"}],"version-history":[{"count":1,"href":"https:\/\/snupden-fsu.fr\/index.php\/wp-json\/wp\/v2\/posts\/5182\/revisions"}],"predecessor-version":[{"id":5183,"href":"https:\/\/snupden-fsu.fr\/index.php\/wp-json\/wp\/v2\/posts\/5182\/revisions\/5183"}],"wp:attachment":[{"href":"https:\/\/snupden-fsu.fr\/index.php\/wp-json\/wp\/v2\/media?parent=5182"}],"wp:term":[{"taxonomy":"category","embeddable":true,"href":"https:\/\/snupden-fsu.fr\/index.php\/wp-json\/wp\/v2\/categories?post=5182"},{"taxonomy":"post_tag","embeddable":true,"href":"https:\/\/snupden-fsu.fr\/index.php\/wp-json\/wp\/v2\/tags?post=5182"}],"curies":[{"name":"wp","href":"https:\/\/api.w.org\/{rel}","templated":true}]}}