{"id":5180,"date":"2025-09-03T15:17:07","date_gmt":"2025-09-03T13:17:07","guid":{"rendered":"https:\/\/snupden-fsu.fr\/?p=5180"},"modified":"2025-11-18T15:03:37","modified_gmt":"2025-11-18T14:03:37","slug":"pour-que-les-armes-se-taisent","status":"publish","type":"post","link":"https:\/\/snupden-fsu.fr\/index.php\/2025\/09\/03\/pour-que-les-armes-se-taisent\/","title":{"rendered":"Pour que les armes se taisent\u00a0"},"content":{"rendered":"\n<p>Alors que depuis des mois, deux conflits arm\u00e9s se d\u00e9roulent l\u2019un en Europe et l\u2019autre au Moyen Orient, les deux ne sont pas document\u00e9s de la m\u00eame fa\u00e7on.<\/p>\n\n\n\n<p>La guerre en Ukraine est trait\u00e9e r\u00e9guli\u00e8rement par les m\u00e9dias fran\u00e7ais alors que celle men\u00e9e par Isra\u00ebl dans les territoires palestiniens ne l\u2019est que lorsqu\u2019il n\u2019est plus possible de taire l\u2019horreur quotidienne, les massacres tant de la population que de ceux charg\u00e9s de nous informer&nbsp;: les journalistes palestiniens. Ces derniers ont pay\u00e9 un lourd tribut pour faire seulement leur m\u00e9tier&nbsp;: d\u00e9crire l\u2019horreur v\u00e9cue par leur peuple depuis de nombreuses ann\u00e9es. Ils sont les seuls \u00e0 pouvoir t\u00e9moigner du terrain quand des journalistes fran\u00e7ais partent en reportage sur les lieux d\u2019op\u00e9rations en Ukraine. Faudrait-il croire que les populations victimes de la guerre n\u2019ont pas toutes la m\u00eame valeur&nbsp;?<br>Le droit d\u2019informer n\u2019est pas reconnu par Isra\u00ebl qui interdit l\u2019entr\u00e9e de tous les journalistes dans la bande de Gaza ou en Cisjordanie. Des voix s\u2019\u00e9l\u00e8vent enfin pour que la r\u00e9alit\u00e9 soit port\u00e9e \u00e0 la connaissance de tous&nbsp;: tirs d\u00e9lib\u00e9r\u00e9s des militaires, distribution d\u2019aide humanitaire insuffisante pour une population qui manque de tout, qui parfois tourne au guet-apens, plus d\u2019acc\u00e8s aux soins, des enfants priv\u00e9s d\u2019\u00e9cole depuis des mois\u2026<br>Maintenant que nous savons, nous devons tout faire pour que ce conflit cesse le plus vite possible. La reconnaissance de l\u2019\u00e9tat de Palestine annonc\u00e9e par le pr\u00e9sident de la R\u00e9publique est une s\u00e9rieuse avanc\u00e9e mais elle ne suffira pas.<br>Il faut&nbsp;:<\/p>\n\n\n\n<ul class=\"wp-block-list\">\n<li>permettre au peuple palestinien de d\u00e9cider de son avenir,<\/li>\n\n\n\n<li>laisser entrer l\u2019aide humanitaire en quantit\u00e9 suffisante chaque jour et en toute s\u00e9curit\u00e9,<\/li>\n\n\n\n<li>obtenir la conclusion d\u2019un cessez-le-feu imm\u00e9diat et durable \u00e0 Gaza, l\u2019arr\u00eat imm\u00e9diat des bombardements,<\/li>\n\n\n\n<li>mettre fin \u00e0 l\u2019occupation ill\u00e9gale de la bande de Gaza, \u00e0 la colonisation en Cisjordanie,<\/li>\n\n\n\n<li>exiger l\u2019arr\u00eat de la livraison d\u2019armes de la part de plusieurs pays dont des pays europ\u00e9ens et le n\u00f4tre en particulier,<\/li>\n\n\n\n<li>faire appliquer les d\u00e9cisions de la CPI dont le mandat d\u2019arr\u00eat du 24 novembre 2024 \u00e0 l\u2019\u00e9gard du Premier ministre isra\u00e9lien.<\/li>\n<\/ul>\n\n\n\n<p>Le sn<strong><em>U.<\/em><\/strong>pden-FSU exige la fin des conflits o\u00f9 qu\u2019ils se d\u00e9roulent et appelle \u00e0 participer aux rassemblements qui auront lieu du 5 septembre au 7 septembre dans notre pays pour un cessez-le-feu imm\u00e9diat \u00e0 Gaza.<\/p>\n\n\n\n<p><br><a href=\"https:\/\/fsu.fr\/palestine-ouvrez-gaza-cessez-le-feu-immediat\/\">https:\/\/fsu.fr\/palestine-ouvrez-gaza-cessez-le-feu-immediat\/<\/a><\/p>\n","protected":false},"excerpt":{"rendered":"<div class=\"mh-excerpt\"><p>Alors que depuis des mois, deux conflits arm\u00e9s se d\u00e9roulent l\u2019un en Europe et l\u2019autre au Moyen Orient, les deux ne sont pas document\u00e9s de la m\u00eame fa\u00e7on. La guerre <a class=\"mh-excerpt-more\" href=\"https:\/\/snupden-fsu.fr\/index.php\/2025\/09\/03\/pour-que-les-armes-se-taisent\/\" title=\"Pour que les armes se taisent\u00a0\">[&#8230;]<\/a><\/p>\n<\/div>","protected":false},"author":9,"featured_media":0,"comment_status":"closed","ping_status":"closed","sticky":false,"template":"","format":"standard","meta":{"footnotes":""},"categories":[10],"tags":[],"class_list":["post-5180","post","type-post","status-publish","format-standard","hentry","category-actualites"],"_links":{"self":[{"href":"https:\/\/snupden-fsu.fr\/index.php\/wp-json\/wp\/v2\/posts\/5180","targetHints":{"allow":["GET"]}}],"collection":[{"href":"https:\/\/snupden-fsu.fr\/index.php\/wp-json\/wp\/v2\/posts"}],"about":[{"href":"https:\/\/snupden-fsu.fr\/index.php\/wp-json\/wp\/v2\/types\/post"}],"author":[{"embeddable":true,"href":"https:\/\/snupden-fsu.fr\/index.php\/wp-json\/wp\/v2\/users\/9"}],"replies":[{"embeddable":true,"href":"https:\/\/snupden-fsu.fr\/index.php\/wp-json\/wp\/v2\/comments?post=5180"}],"version-history":[{"count":2,"href":"https:\/\/snupden-fsu.fr\/index.php\/wp-json\/wp\/v2\/posts\/5180\/revisions"}],"predecessor-version":[{"id":5188,"href":"https:\/\/snupden-fsu.fr\/index.php\/wp-json\/wp\/v2\/posts\/5180\/revisions\/5188"}],"wp:attachment":[{"href":"https:\/\/snupden-fsu.fr\/index.php\/wp-json\/wp\/v2\/media?parent=5180"}],"wp:term":[{"taxonomy":"category","embeddable":true,"href":"https:\/\/snupden-fsu.fr\/index.php\/wp-json\/wp\/v2\/categories?post=5180"},{"taxonomy":"post_tag","embeddable":true,"href":"https:\/\/snupden-fsu.fr\/index.php\/wp-json\/wp\/v2\/tags?post=5180"}],"curies":[{"name":"wp","href":"https:\/\/api.w.org\/{rel}","templated":true}]}}