{"id":5177,"date":"2025-08-31T11:10:10","date_gmt":"2025-08-31T09:10:10","guid":{"rendered":"https:\/\/snupden-fsu.fr\/?p=5177"},"modified":"2025-11-17T19:30:42","modified_gmt":"2025-11-17T18:30:42","slug":"mobilise-es-pour-un-tout-autre-budget-pour-la-redistribution-des-richesses-pour-les-droits-sociaux-pour-la-fonction-publique-et-les-services-publics-communique-de-la-fsu","status":"publish","type":"post","link":"https:\/\/snupden-fsu.fr\/index.php\/2025\/08\/31\/mobilise-es-pour-un-tout-autre-budget-pour-la-redistribution-des-richesses-pour-les-droits-sociaux-pour-la-fonction-publique-et-les-services-publics-communique-de-la-fsu\/","title":{"rendered":"Mobilis\u00e9.es pour un tout autre budget, pour la redistribution des richesses, pour les droits sociaux, pour la Fonction publique et les services publics &#8211; Communiqu\u00e9 de la FSU"},"content":{"rendered":"\n<figure class=\"wp-block-image size-large is-resized\"><img loading=\"lazy\" decoding=\"async\" width=\"1024\" height=\"582\" src=\"http:\/\/snupden-fsu.fr\/wp-content\/uploads\/2025\/08\/visuel-petition-budget-2025-1024x582.png\" alt=\"\" class=\"wp-image-5165\" style=\"width:745px;height:auto\" srcset=\"https:\/\/snupden-fsu.fr\/wp-content\/uploads\/2025\/08\/visuel-petition-budget-2025-1024x582.png 1024w, https:\/\/snupden-fsu.fr\/wp-content\/uploads\/2025\/08\/visuel-petition-budget-2025-300x170.png 300w, https:\/\/snupden-fsu.fr\/wp-content\/uploads\/2025\/08\/visuel-petition-budget-2025-768x436.png 768w, https:\/\/snupden-fsu.fr\/wp-content\/uploads\/2025\/08\/visuel-petition-budget-2025-1536x873.png 1536w, https:\/\/snupden-fsu.fr\/wp-content\/uploads\/2025\/08\/visuel-petition-budget-2025.png 1936w\" sizes=\"auto, (max-width: 1024px) 100vw, 1024px\" \/><\/figure>\n\n\n\n<p>Alors que la pauvret\u00e9 et les in\u00e9galit\u00e9s explosent en France, les orientations du gouvernement actuel pour le budget 2026 attaquent violemment tous les leviers de la redistribution des richesses et cherchent \u00e0 faire payer aux travailleur.ses du public comme du priv\u00e9, aux retrait\u00e9.es, aux ch\u00f4meur.ses, aux malades le d\u00e9ficit cr\u00e9\u00e9 par une politique de l\u2019offre faite de cadeaux aux plus riches, aux grandes entreprises et \u00e0 leurs actionnaires.<\/p>\n\n\n\n<p>Les agent.es de la Fonction publique et les services publics sont en premi\u00e8re ligne avec les projets de suppression de 3000 postes en 2026, de non-renouvellement d\u2019un agent.e partant \u00e0 la retraite sur trois et de gel des r\u00e9mun\u00e9rations.<\/p>\n\n\n\n<p>La FSU appelle \u00e0 se mobiliser massivement, sur la dur\u00e9e, pour emp\u00eacher la mise en \u0153uvre de tout budget qui serait inspir\u00e9 par les m\u00eames orientations et pour obtenir des mesures, notamment par une autre politique fiscale, permettant d\u2019augmenter les ressources de l\u2019\u00c9tat et des collectivit\u00e9s territoriales.<\/p>\n\n\n\n<p>Elle a d\u00e9pos\u00e9 un pr\u00e9avis de gr\u00e8ve couvrant le mois de septembre, portant sur les revendications des personnels sur le budget 2026 et sur les moyens des services publics.<\/p>\n\n\n\n<p>Elle appelle les personnels \u00e0 s\u2019en saisir d\u00e8s maintenant pour faire valoir leurs revendications li\u00e9es aux enjeux locaux.<\/p>\n\n\n\n<p><strong>Les appels \u00e0 mobilisation pour la journ\u00e9e du 10 septembre t\u00e9moignent de la profonde col\u00e8re de la population. Partout o\u00f9 c\u2019est possible, la FSU appelle \u00e0 participer en intersyndicale aux mobilisations (rassemblements, manifestations, gr\u00e8ves) pour s\u2019opposer au budget pr\u00e9sent\u00e9 par le gouvernement, \u00e0 tout budget sous-tendu par les m\u00eames orientations aust\u00e9ritaires et injustes, et pour exiger d\u2019autres choix pour les services publics, pour l\u2019environnement, pour la justice sociale et pour une tout autre fiscalit\u00e9.<\/strong><\/p>\n\n\n\n<p><strong>La FSU appelle les agent.es de la Fonction publique :<\/strong><\/p>\n\n\n\n<ul class=\"wp-block-list\">\n<li>\u00e0 signer et \u00e0 faire signer massivement la p\u00e9tition de l\u2019intersyndicale\u00a0:\u00a0<a href=\"https:\/\/www.change.org\/p\/budget-les-sacrifices-pour-le-monde-du-travail-%C3%A7a-suffit\">https:\/\/www.change.org\/p\/budget-les-sacrifices-pour-le-monde-du-travail-\u00e7a-suffit<\/a><\/li>\n\n\n\n<li>\u00e0 participer aux r\u00e9unions syndicales et aux initiatives de d\u00e9cryptage des cons\u00e9quences du budget et \u00e0 faire conna\u00eetre largement la plateforme STOPBayrou.fr<\/li>\n\n\n\n<li>\u00e0 se r\u00e9unir partout sur les lieux de travail pour mettre en d\u00e9bat et construire les modalit\u00e9s d\u2019action qui rassembleront le plus largement<\/li>\n\n\n\n<li>\u00e0 s\u2019engager avec la FSU dans la construction de la gr\u00e8ve dans le cadre de la journ\u00e9e de mobilisation et de gr\u00e8ve intersyndicales du 18 septembre<\/li>\n<\/ul>\n\n\n\n<p class=\"has-text-align-right\">Bagnolet, le 29 ao\u00fbt 2025<\/p>\n\n\n\n<div data-wp-interactive=\"core\/file\" class=\"wp-block-file\"><object data-wp-bind--hidden=\"!state.hasPdfPreview\" hidden class=\"wp-block-file__embed\" data=\"https:\/\/snupden-fsu.fr\/wp-content\/uploads\/2025\/08\/Communique-de-presse-FSU-18-septembre-2025.pdf\" type=\"application\/pdf\" style=\"width:100%;height:600px\" aria-label=\"Contenu embarqu\u00e9 Communique-de-presse-FSU-18-septembre-2025.\"><\/object><a id=\"wp-block-file--media-c3c12a37-79b5-41f3-b120-d9eac21e37bf\" href=\"https:\/\/snupden-fsu.fr\/wp-content\/uploads\/2025\/08\/Communique-de-presse-FSU-18-septembre-2025.pdf\">Communique-de-presse-FSU-18-septembre-2025<\/a><a href=\"https:\/\/snupden-fsu.fr\/wp-content\/uploads\/2025\/08\/Communique-de-presse-FSU-18-septembre-2025.pdf\" class=\"wp-block-file__button wp-element-button\" download aria-describedby=\"wp-block-file--media-c3c12a37-79b5-41f3-b120-d9eac21e37bf\">T\u00e9l\u00e9charger<\/a><\/div>\n","protected":false},"excerpt":{"rendered":"<div class=\"mh-excerpt\"><p>Alors que la pauvret\u00e9 et les in\u00e9galit\u00e9s explosent en France, les orientations du gouvernement actuel pour le budget 2026 attaquent violemment tous les leviers de la redistribution des richesses et <a class=\"mh-excerpt-more\" href=\"https:\/\/snupden-fsu.fr\/index.php\/2025\/08\/31\/mobilise-es-pour-un-tout-autre-budget-pour-la-redistribution-des-richesses-pour-les-droits-sociaux-pour-la-fonction-publique-et-les-services-publics-communique-de-la-fsu\/\" title=\"Mobilis\u00e9.es pour un tout autre budget, pour la redistribution des richesses, pour les droits sociaux, pour la Fonction publique et les services publics &#8211; Communiqu\u00e9 de la FSU\">[&#8230;]<\/a><\/p>\n<\/div>","protected":false},"author":9,"featured_media":0,"comment_status":"closed","ping_status":"closed","sticky":false,"template":"","format":"standard","meta":{"footnotes":""},"categories":[283,10,101],"tags":[],"class_list":["post-5177","post","type-post","status-publish","format-standard","hentry","category-action","category-actualites","category-communique"],"_links":{"self":[{"href":"https:\/\/snupden-fsu.fr\/index.php\/wp-json\/wp\/v2\/posts\/5177","targetHints":{"allow":["GET"]}}],"collection":[{"href":"https:\/\/snupden-fsu.fr\/index.php\/wp-json\/wp\/v2\/posts"}],"about":[{"href":"https:\/\/snupden-fsu.fr\/index.php\/wp-json\/wp\/v2\/types\/post"}],"author":[{"embeddable":true,"href":"https:\/\/snupden-fsu.fr\/index.php\/wp-json\/wp\/v2\/users\/9"}],"replies":[{"embeddable":true,"href":"https:\/\/snupden-fsu.fr\/index.php\/wp-json\/wp\/v2\/comments?post=5177"}],"version-history":[{"count":1,"href":"https:\/\/snupden-fsu.fr\/index.php\/wp-json\/wp\/v2\/posts\/5177\/revisions"}],"predecessor-version":[{"id":5179,"href":"https:\/\/snupden-fsu.fr\/index.php\/wp-json\/wp\/v2\/posts\/5177\/revisions\/5179"}],"wp:attachment":[{"href":"https:\/\/snupden-fsu.fr\/index.php\/wp-json\/wp\/v2\/media?parent=5177"}],"wp:term":[{"taxonomy":"category","embeddable":true,"href":"https:\/\/snupden-fsu.fr\/index.php\/wp-json\/wp\/v2\/categories?post=5177"},{"taxonomy":"post_tag","embeddable":true,"href":"https:\/\/snupden-fsu.fr\/index.php\/wp-json\/wp\/v2\/tags?post=5177"}],"curies":[{"name":"wp","href":"https:\/\/api.w.org\/{rel}","templated":true}]}}