{"id":516,"date":"2019-03-16T14:50:30","date_gmt":"2019-03-16T13:50:30","guid":{"rendered":"http:\/\/snupden-fsu.fr\/?p=516"},"modified":"2020-09-27T11:55:50","modified_gmt":"2020-09-27T09:55:50","slug":"sauvegarde-du-service-public-de-leducation-nationale-et-de-la-fonction-publique","status":"publish","type":"post","link":"https:\/\/snupden-fsu.fr\/index.php\/2019\/03\/16\/sauvegarde-du-service-public-de-leducation-nationale-et-de-la-fonction-publique\/","title":{"rendered":"SAUVEGARDE DU SERVICE PUBLIC DE L&rsquo;EDUCATION NATIONALE ET DE  LA FONCTION PUBLIQUE :"},"content":{"rendered":"\n<h3 class=\"wp-block-heading\">TOUS DANS L&rsquo;ACTION MARDI 19 FEVRIER<\/h3>\n\n\n\n<p>Le m\u00e9contentement social\ns\u2019exprime depuis plusieurs mois dans le pays, le mouvement des gilets jaunes en\n\u00e9tant l\u2019expression la plus marquante. <\/p>\n\n\n\n<p>La FSU et d\u2019autres organisations\nsyndicales et associatives participent de cette volont\u00e9 de convergence pour\nrappeler haut et fort l\u2019exigence de justice sociale et fiscale. A cette\nexigence contribuent largement la Fonction Publique, telle qu\u2019elle fut mise en\nplace \u00e0 la Lib\u00e9ration, et le Service Public d\u2019Education. <\/p>\n\n\n\n<p>Aujourd\u2019hui, AVEC LES LOIS BLANQUER ET DUSSOPT,&nbsp; le gouvernement veut d\u00e9truire \u00e0 marche\nforc\u00e9e, explosant tout&nbsp;: <\/p>\n\n\n\n<ul class=\"wp-block-list\"><li>le dialogue social, <\/li><li>nos m\u00e9tiers, <\/li><li>les statuts, <\/li><li>les droits des personnels <\/li><li>et l\u2019esprit m\u00eame de service public&nbsp; garant de l\u2019\u00e9galit\u00e9 des citoyens.<\/li><\/ul>\n\n\n\n<p>La <strong>LOI BLANQUER<\/strong>\n(adopt\u00e9e en premi\u00e8re lecture \u00e0 l\u2019Assembl\u00e9e)&nbsp;\nmarie autoritarisme (\u00ab&nbsp;devoir d\u2019exemplarit\u00e9&nbsp;\u00bb, art. 1) et\n\u00e9clatement du service public (\u00c9tablissements locaux des savoirs fondamentaux,\nd\u00e9rogations \u00e0 tous les \u00e9tages \u2026). Il en est de m\u00eame avec la r\u00e9forme du lyc\u00e9e\nqui organise in\u00e9galit\u00e9 et opacit\u00e9.<\/p>\n\n\n\n<p>La <strong>LOI DUSSOPT<\/strong>, r\u00e9forme de la Fonction Publique, g\u00e9n\u00e9ralise le recrutement de contractuels et affaiblit les Commissions paritaires, met en cause le statut des fonctionnaires. Cette loi sera soumise en conseil des ministres le 27 mars prochain.<\/p>\n\n\n\n<p>Seule une action massive permettra d&#8217;emp\u00eacher que ces\nmesures ne se traduisent par : <\/p>\n\n\n\n<p>la&nbsp; CASSE DU SERVICE\nPUBLIC dont celui de l&rsquo;EDUCATION NATIONALE <\/p>\n\n\n\n<p>une PROFONDE DEGRATION de nos CONDITIONS DE TRAVAIL <\/p>\n\n\n\n<p>Le\nsn<strong><em>U<\/em><\/strong>.pden.FSU\nappelle les personnels de direction \u00e0 participer \u00e0 la journ\u00e9e d&rsquo;action\ninterprofessionnelle &nbsp;:<\/p>\n\n\n\n<p><strong>MARDI 19 MARS 2019<\/strong><\/p>\n","protected":false},"excerpt":{"rendered":"<div class=\"mh-excerpt\"><p>TOUS DANS L&rsquo;ACTION MARDI 19 FEVRIER Le m\u00e9contentement social s\u2019exprime depuis plusieurs mois dans le pays, le mouvement des gilets jaunes en \u00e9tant l\u2019expression la plus marquante. La FSU et <a class=\"mh-excerpt-more\" href=\"https:\/\/snupden-fsu.fr\/index.php\/2019\/03\/16\/sauvegarde-du-service-public-de-leducation-nationale-et-de-la-fonction-publique\/\" title=\"SAUVEGARDE DU SERVICE PUBLIC DE L&rsquo;EDUCATION NATIONALE ET DE  LA FONCTION PUBLIQUE :\">[&#8230;]<\/a><\/p>\n<\/div>","protected":false},"author":9,"featured_media":0,"comment_status":"closed","ping_status":"closed","sticky":false,"template":"","format":"standard","meta":{"footnotes":""},"categories":[198],"tags":[30],"class_list":["post-516","post","type-post","status-publish","format-standard","hentry","category-archives","tag-greve-du-19-mars"],"_links":{"self":[{"href":"https:\/\/snupden-fsu.fr\/index.php\/wp-json\/wp\/v2\/posts\/516","targetHints":{"allow":["GET"]}}],"collection":[{"href":"https:\/\/snupden-fsu.fr\/index.php\/wp-json\/wp\/v2\/posts"}],"about":[{"href":"https:\/\/snupden-fsu.fr\/index.php\/wp-json\/wp\/v2\/types\/post"}],"author":[{"embeddable":true,"href":"https:\/\/snupden-fsu.fr\/index.php\/wp-json\/wp\/v2\/users\/9"}],"replies":[{"embeddable":true,"href":"https:\/\/snupden-fsu.fr\/index.php\/wp-json\/wp\/v2\/comments?post=516"}],"version-history":[{"count":2,"href":"https:\/\/snupden-fsu.fr\/index.php\/wp-json\/wp\/v2\/posts\/516\/revisions"}],"predecessor-version":[{"id":523,"href":"https:\/\/snupden-fsu.fr\/index.php\/wp-json\/wp\/v2\/posts\/516\/revisions\/523"}],"wp:attachment":[{"href":"https:\/\/snupden-fsu.fr\/index.php\/wp-json\/wp\/v2\/media?parent=516"}],"wp:term":[{"taxonomy":"category","embeddable":true,"href":"https:\/\/snupden-fsu.fr\/index.php\/wp-json\/wp\/v2\/categories?post=516"},{"taxonomy":"post_tag","embeddable":true,"href":"https:\/\/snupden-fsu.fr\/index.php\/wp-json\/wp\/v2\/tags?post=516"}],"curies":[{"name":"wp","href":"https:\/\/api.w.org\/{rel}","templated":true}]}}