{"id":5064,"date":"2025-04-28T21:16:15","date_gmt":"2025-04-28T19:16:15","guid":{"rendered":"http:\/\/snupden-fsu.fr\/?p=5064"},"modified":"2025-11-18T15:04:11","modified_gmt":"2025-11-18T14:04:11","slug":"la-philosophie-du-portique","status":"publish","type":"post","link":"https:\/\/snupden-fsu.fr\/index.php\/2025\/04\/28\/la-philosophie-du-portique\/","title":{"rendered":"La philosophie du Portique"},"content":{"rendered":"\n<p>Apr\u00e8s le drame survenu \u00e0 Nantes, Bruno Retailleau s&rsquo;est empress\u00e9 d&rsquo;endosser la panoplie du restaurateur d\u2019ordre et de la compl\u00e9ter avec les bons accessoires&nbsp;: fouilles \u00e0 l\u2019entr\u00e9e des \u00e9tablissements scolaires, fantasme d\u2019un policier derri\u00e8re chaque \u00e9l\u00e8ve et portiques de s\u00e9curit\u00e9.<\/p>\n\n\n\n<p>Il ne fallait surtout pas manquer l\u2019occasion de vendre la rengaine s\u00e9curitaire : reconstruire l&rsquo;autorit\u00e9, refaire les hi\u00e9rarchies, r\u00e9apprendre l&rsquo;ordre. L\u2019institution scolaire serait min\u00e9e par le laxisme, la d\u00e9construction des interdits, le tout bien s\u00fbr sur fond d\u2019\u00ab ensauvagement de la jeunesse \u00bb.<\/p>\n\n\n\n<p>Elisabeth Borne et Fran\u00e7ois Bayrou saisissent eux aussi l\u2019opportunit\u00e9 pour annoncer un renforcement des \u00ab contr\u00f4les al\u00e9atoires \u00bb. Et le th\u00e8me des portiques fait son entr\u00e9e dans le marketing politique, puisque l\u2019heure est \u00e0 l\u2019inspiration carc\u00e9rale. On voit bien la r\u00e9ussite de nos prisons&nbsp;: beau mod\u00e8le \u00e0 imiter en effet pour inspirer le respect de l\u2019autorit\u00e9.<\/p>\n\n\n\n<p>On sent bien cependant une pointe de regret. Car la carte de la \u00ab radicalisation \u00bb et de la stigmatisation des quartiers populaires n&rsquo;a pas pu \u00eatre jou\u00e9e, compte tenu du profil de l\u2019\u00e9tablissement \u2014 un lyc\u00e9e catholique priv\u00e9 sous contrat \u2014 et de l\u2019identit\u00e9 de l\u2019agresseur. De fait, ce drame r\u00e9siste aux tentatives de le faire servir \u00e0 fabriquer les boucs-\u00e9missaires de la soci\u00e9t\u00e9. Il affirme la r\u00e9alit\u00e9 d\u2019autres effets : l\u2019\u00e9cole subit le contrecoup d\u2019un climat social et politique qui exacerbe les violences, et sur lequel les politiques en place ont leur part de responsabilit\u00e9.<\/p>\n\n\n\n<p>Reste qu\u2019il faut s&rsquo;interroger : l&rsquo;installation d&rsquo;un portique constitue-t-elle en soi un acte d&rsquo;autorit\u00e9 ? Ceux qui confondent autorit\u00e9 \u00e9ducative et dispositif de s\u00e9curit\u00e9 montrent surtout qu&rsquo;ils ne comprennent ni l&rsquo;une ni l&rsquo;autre. L&rsquo;autorit\u00e9 v\u00e9ritable repose sur la constance, l&rsquo;exemplarit\u00e9 et la capacit\u00e9 \u00e0 donner sens aux r\u00e8gles ; pas sur l\u2019illusion technique d\u2019un portique brandi comme un talisman. Et si le besoin d\u2019\u00eatre en s\u00e9curit\u00e9 est essentiel \u00e0 l\u2019\u00e9cole, en s\u00e9curit\u00e9 affective, en s\u00e9curit\u00e9 dans leurs apprentissages, en s\u00e9curit\u00e9 physique \u00e9galement, cela passe par d\u2019autres r\u00e9ponses que par la baguette magique de la s\u00e9curisation technologique.<\/p>\n\n\n\n<p>Loin de conforter ces discours, le drame manifeste l\u2019inanit\u00e9 des mesures simplificatrices et r\u00e9ductrices qu&rsquo;ils promeuvent. La trag\u00e9die r\u00e9v\u00e8le cruellement que le probl\u00e8me ne se r\u00e9sout ni \u00e0 coups de portiques ni par multiplication de contr\u00f4les al\u00e9atoires.<\/p>\n\n\n\n<p>\u00c0 force de traiter les \u00e9l\u00e8ves comme des suspects et les chefs d\u2019\u00e9tablissement comme des agents n\u00e9gligents qu\u2019il s\u2019agit de recadrer \u00e0 coups de protocoles impos\u00e9s, l\u2019\u00e9cole se militarise sans devenir plus s\u00fbre. Un portique ne fait pas autorit\u00e9. Un protocole r\u00e9dig\u00e9 sous la pression d\u2019une injonction descendante \u00e0 des fins de propagande ne b\u00e2tit pas une culture de respect.<\/p>\n\n\n\n<p>Il est singulier que le Portique, qui symbolisait dans l\u2019Antiquit\u00e9 un lieu de sagesse et de r\u00e9flexion, soit devenu dispositif de contr\u00f4le, d\u00e9sormais \u00e0 la porte des \u00e9tablissements scolaires, tourn\u00e9 vers l\u2019ext\u00e9rieur plut\u00f4t que vers l\u2019introspection. Au lieu de ressasser ce cantique des portiques, nos ministres feraient peut-\u00eatre bien mieux de se convertir \u00e0 d\u2019autres sources. Cela leur \u00e9viterait, \u00e0 force de gouverner par l\u2019apparence, de courir inlassablement apr\u00e8s l\u2019ombre de leurs propres effets d\u2019annonce.<\/p>\n\n\n\n<p>Bobigny, 28 avril 2025<\/p>\n","protected":false},"excerpt":{"rendered":"<div class=\"mh-excerpt\"><p>Apr\u00e8s le drame survenu \u00e0 Nantes, Bruno Retailleau s&rsquo;est empress\u00e9 d&rsquo;endosser la panoplie du restaurateur d\u2019ordre et de la compl\u00e9ter avec les bons accessoires&nbsp;: fouilles \u00e0 l\u2019entr\u00e9e des \u00e9tablissements scolaires, <a class=\"mh-excerpt-more\" href=\"https:\/\/snupden-fsu.fr\/index.php\/2025\/04\/28\/la-philosophie-du-portique\/\" title=\"La philosophie du Portique\">[&#8230;]<\/a><\/p>\n<\/div>","protected":false},"author":9,"featured_media":0,"comment_status":"closed","ping_status":"closed","sticky":false,"template":"","format":"standard","meta":{"footnotes":""},"categories":[10,4],"tags":[],"class_list":["post-5064","post","type-post","status-publish","format-standard","hentry","category-actualites","category-edito"],"_links":{"self":[{"href":"https:\/\/snupden-fsu.fr\/index.php\/wp-json\/wp\/v2\/posts\/5064","targetHints":{"allow":["GET"]}}],"collection":[{"href":"https:\/\/snupden-fsu.fr\/index.php\/wp-json\/wp\/v2\/posts"}],"about":[{"href":"https:\/\/snupden-fsu.fr\/index.php\/wp-json\/wp\/v2\/types\/post"}],"author":[{"embeddable":true,"href":"https:\/\/snupden-fsu.fr\/index.php\/wp-json\/wp\/v2\/users\/9"}],"replies":[{"embeddable":true,"href":"https:\/\/snupden-fsu.fr\/index.php\/wp-json\/wp\/v2\/comments?post=5064"}],"version-history":[{"count":3,"href":"https:\/\/snupden-fsu.fr\/index.php\/wp-json\/wp\/v2\/posts\/5064\/revisions"}],"predecessor-version":[{"id":5067,"href":"https:\/\/snupden-fsu.fr\/index.php\/wp-json\/wp\/v2\/posts\/5064\/revisions\/5067"}],"wp:attachment":[{"href":"https:\/\/snupden-fsu.fr\/index.php\/wp-json\/wp\/v2\/media?parent=5064"}],"wp:term":[{"taxonomy":"category","embeddable":true,"href":"https:\/\/snupden-fsu.fr\/index.php\/wp-json\/wp\/v2\/categories?post=5064"},{"taxonomy":"post_tag","embeddable":true,"href":"https:\/\/snupden-fsu.fr\/index.php\/wp-json\/wp\/v2\/tags?post=5064"}],"curies":[{"name":"wp","href":"https:\/\/api.w.org\/{rel}","templated":true}]}}