{"id":5004,"date":"2025-04-04T12:15:41","date_gmt":"2025-04-04T10:15:41","guid":{"rendered":"https:\/\/snupden-fsu.fr\/?p=5004"},"modified":"2025-11-18T15:04:11","modified_gmt":"2025-11-18T14:04:11","slug":"defendre-letat-de-droit-proteger-la-democratie-proteger-les-institutions-de-la-republique-proteger-notre-ecole","status":"publish","type":"post","link":"https:\/\/snupden-fsu.fr\/index.php\/2025\/04\/04\/defendre-letat-de-droit-proteger-la-democratie-proteger-les-institutions-de-la-republique-proteger-notre-ecole\/","title":{"rendered":"D\u00e9fendre l\u2019\u00e9tat de droit, prot\u00e9ger la d\u00e9mocratie, prot\u00e9ger les institutions de la R\u00e9publique, prot\u00e9ger notre \u00c9cole"},"content":{"rendered":"\n<p>Les condamnations du tribunal judiciaire de Paris rendu le 31 mars dans l\u2019affaire des emplois fictifs des assistants parlementaires du Front national suscite de nombreuses remises en cause de l\u2019autorit\u00e9 judiciaire, des attaques et menaces personnelles contre les magistrat\u00b7es qui ont rendu la d\u00e9cision, dans le respect du droit, en coll\u00e9gialit\u00e9.<\/p>\n\n\n\n<p>Le sn<strong><em>U<\/em><\/strong>.pden-FSU apporte son soutien aux magistrat\u00b7es qui sont la cible de ces menaces et qui doivent d\u00e9sormais vivre sous protection. C\u2019est un signal r\u00e9v\u00e9lateur inqui\u00e9tant de l\u2019\u00e9tat de notre d\u00e9mocratie.<\/p>\n\n\n\n<p>Ces discours s\u2019inscrivent dans une entreprise r\u00e9fl\u00e9chie d\u2019attaques contre l\u2019\u00e9tat de droit et donc contre la d\u00e9mocratie, en particulier de la part de l\u2019extr\u00eame droite. A l\u2019instar de ce qui se passe dans d\u2019autres pays, ces propagandes prennent de plus en plus d\u2019ampleur ces derniers mois en France.<\/p>\n\n\n\n<p>Ces attaques constituent la premi\u00e8re offensive contre les institutions de la R\u00e9publique. Elles les fragilisent. L\u2019\u00c9ducation Nationale subira les contre coups de ces man\u0153uvres de d\u00e9stabilisation. Comment affirmer la pr\u00e9valence des programmes scolaires, comment affirmer la saine autorit\u00e9 des personnels, de nos r\u00e8glements, de l\u2019impartialit\u00e9 de nos \u00e9valuations si une institution telle que la justice, si l\u2019int\u00e9grit\u00e9 de ceux qui la servent, sont remises en cause ?<\/p>\n\n\n\n<p>Les attaques contre l\u2019institution judiciaire et ses personnels contribuent \u00e0 affaiblir l\u2019autorit\u00e9 de l\u2019ensemble des institutions r\u00e9publicaines, dont l\u2019\u00c9ducation Nationale.<\/p>\n\n\n\n<p>Dans le contexte actuel, o\u00f9 des forces r\u00e9actionnaires et conservatrices fragilisent la d\u00e9mocratie et la coh\u00e9sion sociale, le sn<strong><em>U<\/em><\/strong>.pden-FSU consid\u00e8re qu\u2019il est de la responsabilit\u00e9 du gouvernement et du Pr\u00e9sident de la R\u00e9publique de faire preuve d\u2019une parole claire et forte sur le respect de l\u2019autorit\u00e9 judiciaire, de l\u2019int\u00e9grit\u00e9 professionnelle des magistrat\u00b7es. Ils contribueront ainsi \u00e0 renforcer l\u2019autorit\u00e9 de l\u2019ensemble des institutions de la R\u00e9publique dont celle de l\u2019\u00c9ducation Nationale et de ses personnels.<\/p>\n\n\n\n<p><\/p>\n","protected":false},"excerpt":{"rendered":"<div class=\"mh-excerpt\"><p>Les condamnations du tribunal judiciaire de Paris rendu le 31 mars dans l\u2019affaire des emplois fictifs des assistants parlementaires du Front national suscite de nombreuses remises en cause de l\u2019autorit\u00e9 <a class=\"mh-excerpt-more\" href=\"https:\/\/snupden-fsu.fr\/index.php\/2025\/04\/04\/defendre-letat-de-droit-proteger-la-democratie-proteger-les-institutions-de-la-republique-proteger-notre-ecole\/\" title=\"D\u00e9fendre l\u2019\u00e9tat de droit, prot\u00e9ger la d\u00e9mocratie, prot\u00e9ger les institutions de la R\u00e9publique, prot\u00e9ger notre \u00c9cole\">[&#8230;]<\/a><\/p>\n<\/div>","protected":false},"author":9,"featured_media":0,"comment_status":"closed","ping_status":"closed","sticky":false,"template":"","format":"standard","meta":{"footnotes":""},"categories":[10,4],"tags":[],"class_list":["post-5004","post","type-post","status-publish","format-standard","hentry","category-actualites","category-edito"],"_links":{"self":[{"href":"https:\/\/snupden-fsu.fr\/index.php\/wp-json\/wp\/v2\/posts\/5004","targetHints":{"allow":["GET"]}}],"collection":[{"href":"https:\/\/snupden-fsu.fr\/index.php\/wp-json\/wp\/v2\/posts"}],"about":[{"href":"https:\/\/snupden-fsu.fr\/index.php\/wp-json\/wp\/v2\/types\/post"}],"author":[{"embeddable":true,"href":"https:\/\/snupden-fsu.fr\/index.php\/wp-json\/wp\/v2\/users\/9"}],"replies":[{"embeddable":true,"href":"https:\/\/snupden-fsu.fr\/index.php\/wp-json\/wp\/v2\/comments?post=5004"}],"version-history":[{"count":6,"href":"https:\/\/snupden-fsu.fr\/index.php\/wp-json\/wp\/v2\/posts\/5004\/revisions"}],"predecessor-version":[{"id":5015,"href":"https:\/\/snupden-fsu.fr\/index.php\/wp-json\/wp\/v2\/posts\/5004\/revisions\/5015"}],"wp:attachment":[{"href":"https:\/\/snupden-fsu.fr\/index.php\/wp-json\/wp\/v2\/media?parent=5004"}],"wp:term":[{"taxonomy":"category","embeddable":true,"href":"https:\/\/snupden-fsu.fr\/index.php\/wp-json\/wp\/v2\/categories?post=5004"},{"taxonomy":"post_tag","embeddable":true,"href":"https:\/\/snupden-fsu.fr\/index.php\/wp-json\/wp\/v2\/tags?post=5004"}],"curies":[{"name":"wp","href":"https:\/\/api.w.org\/{rel}","templated":true}]}}