{"id":492,"date":"2019-02-14T10:04:08","date_gmt":"2019-02-14T09:04:08","guid":{"rendered":"http:\/\/snupden-fsu.fr\/?p=492"},"modified":"2020-09-27T11:57:17","modified_gmt":"2020-09-27T09:57:17","slug":"abandon-de-la-fusion-des-academies","status":"publish","type":"post","link":"https:\/\/snupden-fsu.fr\/index.php\/2019\/02\/14\/abandon-de-la-fusion-des-academies\/","title":{"rendered":"Abandon de la fusion des acad\u00e9mies :"},"content":{"rendered":"\n<h3 class=\"wp-block-heading\">on garde tous les recteurs, mais on mutualise l\u00e0 o\u00f9 c&rsquo;est possible<\/h3>\n\n\n\n<p>Le Ministre de l\u2019Education Nationale a d\u00e9clar\u00e9, le 31 janvier, devant la Commission des Affaires Culturelles et de l\u2019Education de l\u2019Assembl\u00e9e, qu\u2019il avait <strong>\u00ab\u00a0pris la d\u00e9cision de ne pas fusionner les rectorats\u00a0\u00bb<\/strong>\u00a0 apr\u00e8s avoir <strong>\u00ab\u00a0\u00e9cout\u00e9 les acteurs et \u00eatre all\u00e9 sur le terrain\u00bb<\/strong>\u00a0; le gouvernement a d\u00e9cid\u00e9 de <strong>\u00ab\u00a0maintenir tous les rectorats, et donc tous les recteurs en France\u00a0\u00bb<\/strong>\u00a0: <strong>\u00ab\u00a0nous avons besoin de ce haut encadrement\u00a0\u00bb<\/strong> (<a href=\"https:\/\/www.aefinfo.fr\/depeche\/600270\">AEF info<\/a>). En pleine crise des gilets jaunes, qui revendiquent le maintien des services publics, la fusion des acad\u00e9mies faisait figure d\u2019\u00e9pouvantail. La r\u00e9ponse du Ministre de l\u2019Education Nationale constitue un \u00e9l\u00e9ment de r\u00e9ponse \u00e0 la contestation sociale actuelle.<\/p>\n\n\n\n<p>Ceci dit, une interrogation demeure encore sur la fusion des acad\u00e9mies\nde Caen et de Rouen, pr\u00e9sent\u00e9es d\u00e8s 2017 comme pilotes dans cette dynamique de\nfusion&nbsp;: un seul recteur demeure pour les deux acad\u00e9mies. A l\u2019annonce du\nMinistre, nombreux \u00e9taient les personnels caennais et rouennais perplexes sur\nle pilotage d\u2019un dossier qui rel\u00e8ve d\u00e9sormais de la haute voltige. <\/p>\n\n\n\n<p>D\u2019ailleurs, la machine Education Nationale est lanc\u00e9e, les rapports de l\u2019Inspection g\u00e9n\u00e9rale \u00e9tablis. Ainsi, pr\u00e9cise Jean-Michel Blanquer <strong>\u00ab&nbsp;chaque fois que ce sera pertinent, les services au sein des rectorats pourront avoir une \u00e9chelle r\u00e9gionale&nbsp;\u00bb<\/strong>, avec <strong>\u00ab&nbsp;un travail plus pouss\u00e9&nbsp;\u00bb<\/strong> entre les Rectorats. Que peut-on donc r\u00e9ellement comprendre dans ces d\u00e9clarations, qui ne sont pas en contradiction avec les recommandations du <a href=\"http:\/\/cache.media.education.gouv.fr\/file\/2018\/40\/8\/IGAENR-2018-029-Reorganisation-territoriale-services-deconcentres-EN-ESRI_944408.pdf\">rapport Weil<\/a>&nbsp;? Hormis la certitude que les rectorats vont rester implant\u00e9s, la politique \u00e0 l\u2019\u0153uvre dans les services va-t-elle r\u00e9ellement changer sur le fond&nbsp;? Les rectorats vont <strong>\u00ab&nbsp;d\u00e9sormais travailler sur les fonctions qui restent \u00e0 l\u2019\u00e9chelle de chaque rectorat et celles qu\u2019ils veulent mutualiser. (\u2026) Je pense,&nbsp;\u00bb<\/strong> ajoute le ministre <strong>\u00ab&nbsp;aux services informatiques qui peuvent \u00eatre mutualis\u00e9s et gagner en masse critique sans pour autant que les rectorats ne fusionnent.&nbsp;\u00bb<\/strong> Autrement dit, m\u00eame si le tempo est diff\u00e9rent, la musique reste identique. Pour l\u2019heure, on m\u00e9nage les symboles que sont les implantations g\u00e9ographiques rectorales, tout en continuant la r\u00e9organisation des services et en faisant les \u00e9conomies pr\u00e9vues. A l\u2019exception pr\u00e8s des cr\u00e9ations de postes de \u00ab&nbsp;vice-chancelier&nbsp;\u00bb dont on ne conna\u00eet pas encore le mode de financement.<\/p>\n\n\n\n<p style=\"text-align:right\"><strong>Le bureau national,<\/strong><\/p>\n\n\n\n<p style=\"text-align:right\"><strong>Paris, le 13 f\u00e9vrier 2019<\/strong><\/p>\n","protected":false},"excerpt":{"rendered":"<div class=\"mh-excerpt\"><p>on garde tous les recteurs, mais on mutualise l\u00e0 o\u00f9 c&rsquo;est possible Le Ministre de l\u2019Education Nationale a d\u00e9clar\u00e9, le 31 janvier, devant la Commission des Affaires Culturelles et de <a class=\"mh-excerpt-more\" href=\"https:\/\/snupden-fsu.fr\/index.php\/2019\/02\/14\/abandon-de-la-fusion-des-academies\/\" title=\"Abandon de la fusion des acad\u00e9mies :\">[&#8230;]<\/a><\/p>\n<\/div>","protected":false},"author":9,"featured_media":0,"comment_status":"closed","ping_status":"closed","sticky":false,"template":"","format":"standard","meta":{"footnotes":""},"categories":[198,202],"tags":[],"class_list":["post-492","post","type-post","status-publish","format-standard","hentry","category-archives","category-archives-regions"],"_links":{"self":[{"href":"https:\/\/snupden-fsu.fr\/index.php\/wp-json\/wp\/v2\/posts\/492","targetHints":{"allow":["GET"]}}],"collection":[{"href":"https:\/\/snupden-fsu.fr\/index.php\/wp-json\/wp\/v2\/posts"}],"about":[{"href":"https:\/\/snupden-fsu.fr\/index.php\/wp-json\/wp\/v2\/types\/post"}],"author":[{"embeddable":true,"href":"https:\/\/snupden-fsu.fr\/index.php\/wp-json\/wp\/v2\/users\/9"}],"replies":[{"embeddable":true,"href":"https:\/\/snupden-fsu.fr\/index.php\/wp-json\/wp\/v2\/comments?post=492"}],"version-history":[{"count":3,"href":"https:\/\/snupden-fsu.fr\/index.php\/wp-json\/wp\/v2\/posts\/492\/revisions"}],"predecessor-version":[{"id":508,"href":"https:\/\/snupden-fsu.fr\/index.php\/wp-json\/wp\/v2\/posts\/492\/revisions\/508"}],"wp:attachment":[{"href":"https:\/\/snupden-fsu.fr\/index.php\/wp-json\/wp\/v2\/media?parent=492"}],"wp:term":[{"taxonomy":"category","embeddable":true,"href":"https:\/\/snupden-fsu.fr\/index.php\/wp-json\/wp\/v2\/categories?post=492"},{"taxonomy":"post_tag","embeddable":true,"href":"https:\/\/snupden-fsu.fr\/index.php\/wp-json\/wp\/v2\/tags?post=492"}],"curies":[{"name":"wp","href":"https:\/\/api.w.org\/{rel}","templated":true}]}}