{"id":4877,"date":"2024-12-24T19:17:40","date_gmt":"2024-12-24T18:17:40","guid":{"rendered":"http:\/\/snupden-fsu.fr\/?p=4877"},"modified":"2025-11-18T15:06:48","modified_gmt":"2025-11-18T14:06:48","slug":"nouveau-gouvernement-memes-revendications-communique-de-la-fsu","status":"publish","type":"post","link":"https:\/\/snupden-fsu.fr\/index.php\/2024\/12\/24\/nouveau-gouvernement-memes-revendications-communique-de-la-fsu\/","title":{"rendered":"Nouveau gouvernement, m\u00eames revendications &#8211; Communiqu\u00e9 de presse de la FSU"},"content":{"rendered":"\n<p>Le gouvernement propos\u00e9 par le Premier ministre Fran\u00e7ois Bayrou a \u00e9t\u00e9 officialis\u00e9 ce soir. Sans en attendre grand-chose, la FSU n\u2019y voit rien qui puisse sortir le pays des crises sociales, d\u00e9mocratiques, politiques et environnementales qui le secouent depuis quelques ann\u00e9es et de mani\u00e8re inqui\u00e9tante depuis le d\u00e9but de l\u2019\u00e9t\u00e9.<\/p>\n\n\n\n<p>La&nbsp;crise politique&nbsp;actuelle, conjugu\u00e9e \u00e0 la d\u00e9sesp\u00e9rance sociale suscit\u00e9e par les politiques men\u00e9es presque exclusivement dans l\u2019int\u00e9r\u00eat des plus riches, font&nbsp;le miel d\u2019une extr\u00eame droite r\u00e9actionnaire et raciste. Comme le gouvernement Barnier,&nbsp;celui de&nbsp;Bayrou donne des gages et se met d\u2019embl\u00e9e sous tutelle du RN&nbsp;en plus d\u2019assumer une continuit\u00e9 des politiques \u00e9conomiques.&nbsp;Or, pour la FSU, il y a urgence \u00e0 cesser de c\u00e9der aux obsessions r\u00e9actionnaires&nbsp;ou lib\u00e9rales pour la d\u00e9termination des politiques publiques.<\/p>\n\n\n\n<p>La FSU souligne&nbsp;l\u2019urgence qu\u2019il y a \u00e0 r\u00e9soudre les difficult\u00e9s dans lesquelles&nbsp;les services publics et leurs personnels ont \u00e9t\u00e9 jet\u00e9s par des ann\u00e9es de politiques insens\u00e9es, vert\u00e9br\u00e9es par l\u2019aust\u00e9rit\u00e9 et les lubies manag\u00e9riales. La mobilisation massive des agent\u22c5es publics, \u00e0 l\u2019appel d\u2019une large intersyndicale le 5 d\u00e9cembre dernier, l\u2019a rappel\u00e9e&nbsp;avec force. La pr\u00e9sence d\u2019un minist\u00e8re de plein exercice charg\u00e9 de la Fonction publique&nbsp;ne suffira pas. Une&nbsp;toute autre&nbsp;politique&nbsp;doit \u00eatre men\u00e9e&nbsp;\u00e0 l\u2019oppos\u00e9 de la courte mais d\u00e9l\u00e9t\u00e8re pratique de Guillaume Kasbarian qui avait, lui, c\u00e9d\u00e9 \u00e0 tous les poncifs anti-agent\u22c5es publics.<\/p>\n\n\n\n<p>Pour inverser cette logique, la FSU revendique dans l\u2019imm\u00e9diat l\u2019abandon des mesures iniques et brutalisantes&nbsp;du projet de budget pr\u00e9c\u00e9dent, la revalorisation des r\u00e9mun\u00e9rations et des carri\u00e8res de toutes et tous, des cr\u00e9ations d\u2019emplois de fonctionnaires&nbsp;et une hausse des dotations&nbsp;pour r\u00e9pondre aux n\u00e9cessit\u00e9s des missions de service public et la mise en \u0153uvre d\u2019un plan de titularisation pour r\u00e9sorber l\u2019emploi contractuel\u2026&nbsp;Sans oublier&nbsp;l\u2019abrogation de la r\u00e9forme des retraites, pour l\u2019ensemble des travailleuses et travailleurs du public comme du priv\u00e9.<\/p>\n\n\n\n<p>C\u2019est sans rel\u00e2che que la FSU se battra&nbsp;et se mobilisera&nbsp;pour faire gagner ces revendications.<\/p>\n\n\n\n<p>Bagnolet,<\/p>\n\n\n\n<p>Le 23 d\u00e9cembre 2024<\/p>\n\n\n\n<div data-wp-interactive=\"core\/file\" class=\"wp-block-file\"><object data-wp-bind--hidden=\"!state.hasPdfPreview\" hidden class=\"wp-block-file__embed\" data=\"http:\/\/snupden-fsu.fr\/wp-content\/uploads\/2024\/12\/CP-FSU-nouveau-gouvernement-decembre-2024.pdf\" type=\"application\/pdf\" style=\"width:100%;height:600px\" aria-label=\"Contenu embarqu\u00e9 CP-FSU-nouveau-gouvernement-decembre-2024.\"><\/object><a id=\"wp-block-file--media-76d29879-2478-4bca-b5e3-bda2e9033ee1\" href=\"http:\/\/snupden-fsu.fr\/wp-content\/uploads\/2024\/12\/CP-FSU-nouveau-gouvernement-decembre-2024.pdf\">CP-FSU-nouveau-gouvernement-decembre-2024<\/a><a href=\"http:\/\/snupden-fsu.fr\/wp-content\/uploads\/2024\/12\/CP-FSU-nouveau-gouvernement-decembre-2024.pdf\" class=\"wp-block-file__button wp-element-button\" download aria-describedby=\"wp-block-file--media-76d29879-2478-4bca-b5e3-bda2e9033ee1\">T\u00e9l\u00e9charger<\/a><\/div>\n","protected":false},"excerpt":{"rendered":"<div class=\"mh-excerpt\"><p>Le gouvernement propos\u00e9 par le Premier ministre Fran\u00e7ois Bayrou a \u00e9t\u00e9 officialis\u00e9 ce soir. Sans en attendre grand-chose, la FSU n\u2019y voit rien qui puisse sortir le pays des crises <a class=\"mh-excerpt-more\" href=\"https:\/\/snupden-fsu.fr\/index.php\/2024\/12\/24\/nouveau-gouvernement-memes-revendications-communique-de-la-fsu\/\" title=\"Nouveau gouvernement, m\u00eames revendications &#8211; Communiqu\u00e9 de presse de la FSU\">[&#8230;]<\/a><\/p>\n<\/div>","protected":false},"author":9,"featured_media":0,"comment_status":"closed","ping_status":"closed","sticky":false,"template":"","format":"standard","meta":{"footnotes":""},"categories":[10,101],"tags":[],"class_list":["post-4877","post","type-post","status-publish","format-standard","hentry","category-actualites","category-communique"],"_links":{"self":[{"href":"https:\/\/snupden-fsu.fr\/index.php\/wp-json\/wp\/v2\/posts\/4877","targetHints":{"allow":["GET"]}}],"collection":[{"href":"https:\/\/snupden-fsu.fr\/index.php\/wp-json\/wp\/v2\/posts"}],"about":[{"href":"https:\/\/snupden-fsu.fr\/index.php\/wp-json\/wp\/v2\/types\/post"}],"author":[{"embeddable":true,"href":"https:\/\/snupden-fsu.fr\/index.php\/wp-json\/wp\/v2\/users\/9"}],"replies":[{"embeddable":true,"href":"https:\/\/snupden-fsu.fr\/index.php\/wp-json\/wp\/v2\/comments?post=4877"}],"version-history":[{"count":2,"href":"https:\/\/snupden-fsu.fr\/index.php\/wp-json\/wp\/v2\/posts\/4877\/revisions"}],"predecessor-version":[{"id":4880,"href":"https:\/\/snupden-fsu.fr\/index.php\/wp-json\/wp\/v2\/posts\/4877\/revisions\/4880"}],"wp:attachment":[{"href":"https:\/\/snupden-fsu.fr\/index.php\/wp-json\/wp\/v2\/media?parent=4877"}],"wp:term":[{"taxonomy":"category","embeddable":true,"href":"https:\/\/snupden-fsu.fr\/index.php\/wp-json\/wp\/v2\/categories?post=4877"},{"taxonomy":"post_tag","embeddable":true,"href":"https:\/\/snupden-fsu.fr\/index.php\/wp-json\/wp\/v2\/tags?post=4877"}],"curies":[{"name":"wp","href":"https:\/\/api.w.org\/{rel}","templated":true}]}}