{"id":4859,"date":"2024-12-17T09:45:31","date_gmt":"2024-12-17T08:45:31","guid":{"rendered":"http:\/\/snupden-fsu.fr\/?p=4859"},"modified":"2025-11-18T15:06:09","modified_gmt":"2025-11-18T14:06:09","slug":"souvenirs-souvenirs-de-quelques-faveurs-faites-au-prive","status":"publish","type":"post","link":"https:\/\/snupden-fsu.fr\/index.php\/2024\/12\/17\/souvenirs-souvenirs-de-quelques-faveurs-faites-au-prive\/","title":{"rendered":"Souvenirs, souvenirs\u2026 de quelques faveurs faites au priv\u00e9"},"content":{"rendered":"\n<p>Il y a exactement 31 ans, alors que Fran\u00e7ois Bayrou \u00e9tait ministre de l\u2019\u00c9ducation Nationale, la loi Bourg-Broc, visant \u00e0 permettre le financement des investissements des \u00e9tablissements priv\u00e9s d\u2019enseignement&nbsp;par les collectivit\u00e9s territoriales, \u00e9tait adopt\u00e9e en s\u00e9ance de nuit\u2026.<br>La r\u00e9plique fut imm\u00e9diate&nbsp;: une gr\u00e8ve des personnels de l\u2019\u00c9ducation nationale et surtout une grande manifestation le 16 janvier 1994. Celle-ci fut une grande r\u00e9ussite et pr\u00e8s d\u2019un million de personnes ont envahi les rues de Paris.<br>Saisi par des s\u00e9nateurs et d\u00e9put\u00e9s de gauche, le Conseil Constitutionnel annula une grande partie de la loi dont le financement par les collectivit\u00e9s territoriales. Il mettait en avant, entre autres, \u00ab&nbsp;<strong>l\u2019existence de garanties n\u00e9cessaires pour pr\u00e9munir les \u00e9tablissements d\u2019enseignement public contre des ruptures d\u2019\u00e9galit\u00e9 \u00e0 leur d\u00e9triment au regard des obligations particuli\u00e8res que ces \u00e9tablissements assument&nbsp;\u00bb.<\/strong><\/p>\n\n\n\n<p>Ces \u00e9v\u00e9nements ont aujourd\u2019hui un \u00e9cho singulier avec la d\u00e9signation de Bayrou \u00e0 la t\u00eate du gouvernement.<\/p>\n\n\n\n<p>Rappelons quelques faits.<\/p>\n\n\n\n<p>Les \u00e9tablissements priv\u00e9s sous contrat repr\u00e9sentent 7 500 \u00e9tablissements dont 96 % sont catholiques, et sont financ\u00e9s depuis la loi Debr\u00e9 de 1959 par de l\u2019argent public qui couvre plus de 75 % de leurs frais de fonctionnement.<\/p>\n\n\n\n<p>Suite aux prises de positions en faveur du priv\u00e9 par l\u2019\u00e9ph\u00e9m\u00e8re ministre, A. Oud\u00e9a-Cast\u00e9ra, le financement de celui-ci par des collectivit\u00e9s territoriales a \u00e9t\u00e9 mis en \u00e9vidence. Ainsi en est-il des bonus accord\u00e9s par les R\u00e9gions aux lyc\u00e9es priv\u00e9s sous contrat (pour rappel 1,2\u00a0milliard de subventions entre 2016 et 2023, en plus des 3\u00a0milliards auxquels la loi les oblige). La r\u00e9gion \u00cele de France consacre d\u2019importantes sommes \u00e0 l\u2019enseignement priv\u00e9 au d\u00e9triment de l\u2019enseignement public alors que des \u00e9tablissements de Seine-Saint-Denis attendent d\u2019\u00eatre r\u00e9nov\u00e9s depuis plusieurs ann\u00e9es.<\/p>\n\n\n\n<p>La place que l\u2019Etat accorde au priv\u00e9 aujourd\u2019hui n\u2019est pas sans poser probl\u00e8me, au regard d\u2019un constat de s\u00e9gr\u00e9gation sociale qui se trouve particuli\u00e8rement renforc\u00e9e par l\u2019enseignement priv\u00e9 sous contrat. La diff\u00e9rence sociologique entre les familles d\u2019\u00e9l\u00e8ves dans le public et dans le priv\u00e9 sous contrat n\u2019a cess\u00e9 de cro\u00eetre. Plus que jamais, le priv\u00e9 sous contrat scolarise les \u00e9l\u00e8ves les plus socialement favoris\u00e9s.<\/p>\n\n\n\n<p>Ce sont d\u2019autre part les \u00ab accommodements \u00bb avec les programmes nationaux et les directives minist\u00e9rielles qui ont \u00e9t\u00e9 point\u00e9s par la Cour des Comptes et le rapport parlementaire Vannier-Weissberg. &nbsp;Le d\u00e9ficit du contr\u00f4le sur l\u2019enseignement priv\u00e9 sous contrat est d\u2019ailleurs pleinement assum\u00e9 par la Dgesco (les droits d\u2019exception que s\u2019octroie le Coll\u00e8ge Stanislas&nbsp;: \u00ab&nbsp;cela ne nous regarde pas&nbsp;\u00bb).<\/p>\n\n\n\n<p>Enfin, et ce n\u2019est pas qu\u2019une parenth\u00e8se, on a touch\u00e9 le fond du b\u00e9nitier avec la nomination par le gouvernement Barnier au poste de \u00ab&nbsp;ministre d\u00e9l\u00e9gu\u00e9 charg\u00e9 de la r\u00e9ussite scolaire et de l&rsquo;enseignement professionnel&nbsp;\u00bb&nbsp;du tr\u00e8s pieux Alexandre Portier, ardent d\u00e9fenseur des vertus du priv\u00e9, et qui affiche sur X ses intentions de pri\u00e8re \u00e0 Notre-Dame-de-Fourvi\u00e8re.<\/p>\n\n\n\n<p>De plus en plus, la la\u00efcit\u00e9 est r\u00e9cup\u00e9r\u00e9e par ses ennemis, d\u00e9tourn\u00e9e de son sens et invoqu\u00e9e dans un sens identitaire comme la protection des pr\u00e9tendues valeurs traditionnelles de la soci\u00e9t\u00e9 fran\u00e7aise.<\/p>\n\n\n\n<p>La d\u00e9signation de Fran\u00e7ois Bayrou ouvrira-t-elle dans ce contexte la perspective de nouveaux privil\u00e8ges pour le priv\u00e9&nbsp;? L\u2019h\u00e9ritage d\u2019Henri IV, le h\u00e9ros proclam\u00e9 du nouveau Premier ministre, n\u2019est pas seulement celui de la poule au pot du dimanche. Mais ce n\u2019est pas non plus celui du ralliement \u00e0 une religion dominante par souci de paix sociale. Nous saurons le rappeler.<\/p>\n","protected":false},"excerpt":{"rendered":"<div class=\"mh-excerpt\"><p>Il y a exactement 31 ans, alors que Fran\u00e7ois Bayrou \u00e9tait ministre de l\u2019\u00c9ducation Nationale, la loi Bourg-Broc, visant \u00e0 permettre le financement des investissements des \u00e9tablissements priv\u00e9s d\u2019enseignement&nbsp;par les <a class=\"mh-excerpt-more\" href=\"https:\/\/snupden-fsu.fr\/index.php\/2024\/12\/17\/souvenirs-souvenirs-de-quelques-faveurs-faites-au-prive\/\" title=\"Souvenirs, souvenirs\u2026 de quelques faveurs faites au priv\u00e9\">[&#8230;]<\/a><\/p>\n<\/div>","protected":false},"author":9,"featured_media":0,"comment_status":"closed","ping_status":"closed","sticky":false,"template":"","format":"standard","meta":{"footnotes":""},"categories":[10],"tags":[],"class_list":["post-4859","post","type-post","status-publish","format-standard","hentry","category-actualites"],"_links":{"self":[{"href":"https:\/\/snupden-fsu.fr\/index.php\/wp-json\/wp\/v2\/posts\/4859","targetHints":{"allow":["GET"]}}],"collection":[{"href":"https:\/\/snupden-fsu.fr\/index.php\/wp-json\/wp\/v2\/posts"}],"about":[{"href":"https:\/\/snupden-fsu.fr\/index.php\/wp-json\/wp\/v2\/types\/post"}],"author":[{"embeddable":true,"href":"https:\/\/snupden-fsu.fr\/index.php\/wp-json\/wp\/v2\/users\/9"}],"replies":[{"embeddable":true,"href":"https:\/\/snupden-fsu.fr\/index.php\/wp-json\/wp\/v2\/comments?post=4859"}],"version-history":[{"count":3,"href":"https:\/\/snupden-fsu.fr\/index.php\/wp-json\/wp\/v2\/posts\/4859\/revisions"}],"predecessor-version":[{"id":4870,"href":"https:\/\/snupden-fsu.fr\/index.php\/wp-json\/wp\/v2\/posts\/4859\/revisions\/4870"}],"wp:attachment":[{"href":"https:\/\/snupden-fsu.fr\/index.php\/wp-json\/wp\/v2\/media?parent=4859"}],"wp:term":[{"taxonomy":"category","embeddable":true,"href":"https:\/\/snupden-fsu.fr\/index.php\/wp-json\/wp\/v2\/categories?post=4859"},{"taxonomy":"post_tag","embeddable":true,"href":"https:\/\/snupden-fsu.fr\/index.php\/wp-json\/wp\/v2\/tags?post=4859"}],"curies":[{"name":"wp","href":"https:\/\/api.w.org\/{rel}","templated":true}]}}