{"id":4551,"date":"2024-05-07T09:32:13","date_gmt":"2024-05-07T07:32:13","guid":{"rendered":"https:\/\/snupden-fsu.fr\/?p=4551"},"modified":"2025-11-18T15:05:25","modified_gmt":"2025-11-18T14:05:25","slug":"lintersyndicale-de-lacademie-dorleans-tours-alerte-sur-la-situation-de-frustration-et-de-grande-colere-de-ses-collegues-personnels-de-direction","status":"publish","type":"post","link":"https:\/\/snupden-fsu.fr\/index.php\/2024\/05\/07\/lintersyndicale-de-lacademie-dorleans-tours-alerte-sur-la-situation-de-frustration-et-de-grande-colere-de-ses-collegues-personnels-de-direction\/","title":{"rendered":"L\u2019intersyndicale de l\u2019acad\u00e9mie d\u2019Orl\u00e9ans-Tours alerte sur la situation de frustration et de grande col\u00e8re de ses coll\u00e8gues personnels de direction.\u00a0"},"content":{"rendered":"\n<p class=\"has-contrast-color has-text-color has-link-color wp-elements-f9ceb23b1fc31b9e1eb03ce26b2d6a40\">Cliquez sur &#8211;&gt; <a href=\"http:\/\/snupden-fsu.fr\/wp-content\/uploads\/2024\/05\/Intersyndicale-6-mai-2024.pdf\"><mark style=\"background-color:rgba(0, 0, 0, 0)\" class=\"has-inline-color has-accent-color\">Communiqu\u00e9 de l&rsquo;intersyndicale de l&rsquo;acad\u00e9mie d&rsquo;Orl\u00e9ans-Tours, le 6 mai 2024<\/mark> <\/a>pour en  lire le contenu<\/p>\n\n\n\n\n\n<p><\/p>\n","protected":false},"excerpt":{"rendered":"<div class=\"mh-excerpt\"><p>Cliquez sur &#8211;&gt; Communiqu\u00e9 de l&rsquo;intersyndicale de l&rsquo;acad\u00e9mie d&rsquo;Orl\u00e9ans-Tours, le 6 mai 2024 pour en lire le contenu<\/p>\n<\/div>","protected":false},"author":10,"featured_media":0,"comment_status":"closed","ping_status":"closed","sticky":false,"template":"","format":"standard","meta":{"_bbp_topic_count":0,"_bbp_reply_count":0,"_bbp_total_topic_count":0,"_bbp_total_reply_count":0,"_bbp_voice_count":0,"_bbp_anonymous_reply_count":0,"_bbp_topic_count_hidden":0,"_bbp_reply_count_hidden":0,"_bbp_forum_subforum_count":0,"_exactmetrics_skip_tracking":false,"_exactmetrics_sitenote_active":false,"_exactmetrics_sitenote_note":"","_exactmetrics_sitenote_category":0,"footnotes":""},"categories":[283,10,292],"tags":[],"class_list":["post-4551","post","type-post","status-publish","format-standard","hentry","category-action","category-actualites","category-orleans-tours"],"yoast_head":"<!-- This site is optimized with the Yoast SEO plugin v18.5.1 - https:\/\/yoast.com\/wordpress\/plugins\/seo\/ -->\n<title>L\u2019intersyndicale de l\u2019acad\u00e9mie d\u2019Orl\u00e9ans-Tours alerte sur la situation de frustration et de grande col\u00e8re de ses coll\u00e8gues personnels de direction.\u00a0 -<\/title>\n<meta name=\"robots\" content=\"index, follow, max-snippet:-1, max-image-preview:large, max-video-preview:-1\" \/>\n<link rel=\"canonical\" href=\"https:\/\/snupden-fsu.fr\/index.php\/2024\/05\/07\/lintersyndicale-de-lacademie-dorleans-tours-alerte-sur-la-situation-de-frustration-et-de-grande-colere-de-ses-collegues-personnels-de-direction\/\" \/>\n<meta property=\"og:locale\" content=\"fr_FR\" \/>\n<meta property=\"og:type\" content=\"article\" \/>\n<meta property=\"og:title\" content=\"L\u2019intersyndicale de l\u2019acad\u00e9mie d\u2019Orl\u00e9ans-Tours alerte sur la situation de frustration et de grande col\u00e8re de ses coll\u00e8gues personnels de direction.\u00a0 -\" \/>\n<meta property=\"og:description\" content=\"Cliquez sur &#8211;&gt; Communiqu\u00e9 de l&rsquo;intersyndicale de l&rsquo;acad\u00e9mie d&rsquo;Orl\u00e9ans-Tours, le 6 mai 2024 pour en lire le contenu\" \/>\n<meta property=\"og:url\" content=\"https:\/\/snupden-fsu.fr\/index.php\/2024\/05\/07\/lintersyndicale-de-lacademie-dorleans-tours-alerte-sur-la-situation-de-frustration-et-de-grande-colere-de-ses-collegues-personnels-de-direction\/\" \/>\n<meta property=\"article:published_time\" content=\"2024-05-07T07:32:13+00:00\" \/>\n<meta property=\"article:modified_time\" content=\"2025-11-18T14:05:25+00:00\" \/>\n<meta name=\"twitter:card\" content=\"summary_large_image\" \/>\n<meta name=\"twitter:label1\" content=\"\u00c9crit par\" \/>\n\t<meta name=\"twitter:data1\" content=\"jean klein\" \/>\n<script type=\"application\/ld+json\" class=\"yoast-schema-graph\">{\"@context\":\"https:\/\/schema.org\",\"@graph\":[{\"@type\":\"Organization\",\"@id\":\"https:\/\/snupden-fsu.fr\/#organization\",\"name\":\"snU.Pden-FSU\",\"url\":\"https:\/\/snupden-fsu.fr\/\",\"sameAs\":[],\"logo\":{\"@type\":\"ImageObject\",\"@id\":\"https:\/\/snupden-fsu.fr\/#logo\",\"inLanguage\":\"fr-FR\",\"url\":\"http:\/\/snupden-fsu.fr\/wp-content\/uploads\/2018\/03\/logo_snupden-3.jpg\",\"contentUrl\":\"http:\/\/snupden-fsu.fr\/wp-content\/uploads\/2018\/03\/logo_snupden-3.jpg\",\"width\":612,\"height\":183,\"caption\":\"snU.Pden-FSU\"},\"image\":{\"@id\":\"https:\/\/snupden-fsu.fr\/#logo\"}},{\"@type\":\"WebSite\",\"@id\":\"https:\/\/snupden-fsu.fr\/#website\",\"url\":\"https:\/\/snupden-fsu.fr\/\",\"name\":\"snU.pden-FSU\",\"description\":\"Le snU.pden-FSU devient FSU Per Dir\",\"publisher\":{\"@id\":\"https:\/\/snupden-fsu.fr\/#organization\"},\"potentialAction\":[{\"@type\":\"SearchAction\",\"target\":{\"@type\":\"EntryPoint\",\"urlTemplate\":\"https:\/\/snupden-fsu.fr\/?s={search_term_string}\"},\"query-input\":\"required name=search_term_string\"}],\"inLanguage\":\"fr-FR\"},{\"@type\":\"WebPage\",\"@id\":\"https:\/\/snupden-fsu.fr\/index.php\/2024\/05\/07\/lintersyndicale-de-lacademie-dorleans-tours-alerte-sur-la-situation-de-frustration-et-de-grande-colere-de-ses-collegues-personnels-de-direction\/#webpage\",\"url\":\"https:\/\/snupden-fsu.fr\/index.php\/2024\/05\/07\/lintersyndicale-de-lacademie-dorleans-tours-alerte-sur-la-situation-de-frustration-et-de-grande-colere-de-ses-collegues-personnels-de-direction\/\",\"name\":\"L\u2019intersyndicale de l\u2019acad\u00e9mie d\u2019Orl\u00e9ans-Tours alerte sur la situation de frustration et de grande col\u00e8re de ses coll\u00e8gues personnels de direction.\u00a0 -\",\"isPartOf\":{\"@id\":\"https:\/\/snupden-fsu.fr\/#website\"},\"datePublished\":\"2024-05-07T07:32:13+00:00\",\"dateModified\":\"2025-11-18T14:05:25+00:00\",\"breadcrumb\":{\"@id\":\"https:\/\/snupden-fsu.fr\/index.php\/2024\/05\/07\/lintersyndicale-de-lacademie-dorleans-tours-alerte-sur-la-situation-de-frustration-et-de-grande-colere-de-ses-collegues-personnels-de-direction\/#breadcrumb\"},\"inLanguage\":\"fr-FR\",\"potentialAction\":[{\"@type\":\"ReadAction\",\"target\":[\"https:\/\/snupden-fsu.fr\/index.php\/2024\/05\/07\/lintersyndicale-de-lacademie-dorleans-tours-alerte-sur-la-situation-de-frustration-et-de-grande-colere-de-ses-collegues-personnels-de-direction\/\"]}]},{\"@type\":\"BreadcrumbList\",\"@id\":\"https:\/\/snupden-fsu.fr\/index.php\/2024\/05\/07\/lintersyndicale-de-lacademie-dorleans-tours-alerte-sur-la-situation-de-frustration-et-de-grande-colere-de-ses-collegues-personnels-de-direction\/#breadcrumb\",\"itemListElement\":[{\"@type\":\"ListItem\",\"position\":1,\"name\":\"Accueil\",\"item\":\"https:\/\/snupden-fsu.fr\/\"},{\"@type\":\"ListItem\",\"position\":2,\"name\":\"L\u2019intersyndicale de l\u2019acad\u00e9mie d\u2019Orl\u00e9ans-Tours alerte sur la situation de frustration et de grande col\u00e8re de ses coll\u00e8gues personnels de direction.\u00a0\"}]},{\"@type\":\"Article\",\"@id\":\"https:\/\/snupden-fsu.fr\/index.php\/2024\/05\/07\/lintersyndicale-de-lacademie-dorleans-tours-alerte-sur-la-situation-de-frustration-et-de-grande-colere-de-ses-collegues-personnels-de-direction\/#article\",\"isPartOf\":{\"@id\":\"https:\/\/snupden-fsu.fr\/index.php\/2024\/05\/07\/lintersyndicale-de-lacademie-dorleans-tours-alerte-sur-la-situation-de-frustration-et-de-grande-colere-de-ses-collegues-personnels-de-direction\/#webpage\"},\"author\":{\"@id\":\"https:\/\/snupden-fsu.fr\/#\/schema\/person\/f328fc98d73ca6c85ca6ca6d987b1e0e\"},\"headline\":\"L\u2019intersyndicale de l\u2019acad\u00e9mie d\u2019Orl\u00e9ans-Tours alerte sur la situation de frustration et de grande col\u00e8re de ses coll\u00e8gues personnels de direction.\u00a0\",\"datePublished\":\"2024-05-07T07:32:13+00:00\",\"dateModified\":\"2025-11-18T14:05:25+00:00\",\"mainEntityOfPage\":{\"@id\":\"https:\/\/snupden-fsu.fr\/index.php\/2024\/05\/07\/lintersyndicale-de-lacademie-dorleans-tours-alerte-sur-la-situation-de-frustration-et-de-grande-colere-de-ses-collegues-personnels-de-direction\/#webpage\"},\"wordCount\":46,\"publisher\":{\"@id\":\"https:\/\/snupden-fsu.fr\/#organization\"},\"articleSection\":[\"Action\",\"Actualit\u00e9s\",\"Orl\u00e9ans-Tours\"],\"inLanguage\":\"fr-FR\"},{\"@type\":\"Person\",\"@id\":\"https:\/\/snupden-fsu.fr\/#\/schema\/person\/f328fc98d73ca6c85ca6ca6d987b1e0e\",\"name\":\"jean klein\",\"image\":{\"@type\":\"ImageObject\",\"@id\":\"https:\/\/snupden-fsu.fr\/#personlogo\",\"inLanguage\":\"fr-FR\",\"url\":\"https:\/\/secure.gravatar.com\/avatar\/cbd6ac971f6bb0bbd4697bbfeaa1fff02c1dbefc7a6243448920d7676d7c1688?s=96&d=mm&r=g\",\"contentUrl\":\"https:\/\/secure.gravatar.com\/avatar\/cbd6ac971f6bb0bbd4697bbfeaa1fff02c1dbefc7a6243448920d7676d7c1688?s=96&d=mm&r=g\",\"caption\":\"jean klein\"},\"url\":\"https:\/\/snupden-fsu.fr\/index.php\/author\/jean-klein\/\"}]}<\/script>\n<!-- \/ Yoast SEO plugin. -->","yoast_head_json":{"title":"L\u2019intersyndicale de l\u2019acad\u00e9mie d\u2019Orl\u00e9ans-Tours alerte sur la situation de frustration et de grande col\u00e8re de ses coll\u00e8gues personnels de direction.\u00a0 -","robots":{"index":"index","follow":"follow","max-snippet":"max-snippet:-1","max-image-preview":"max-image-preview:large","max-video-preview":"max-video-preview:-1"},"canonical":"https:\/\/snupden-fsu.fr\/index.php\/2024\/05\/07\/lintersyndicale-de-lacademie-dorleans-tours-alerte-sur-la-situation-de-frustration-et-de-grande-colere-de-ses-collegues-personnels-de-direction\/","og_locale":"fr_FR","og_type":"article","og_title":"L\u2019intersyndicale de l\u2019acad\u00e9mie d\u2019Orl\u00e9ans-Tours alerte sur la situation de frustration et de grande col\u00e8re de ses coll\u00e8gues personnels de direction.\u00a0 -","og_description":"Cliquez sur &#8211;&gt; Communiqu\u00e9 de l&rsquo;intersyndicale de l&rsquo;acad\u00e9mie d&rsquo;Orl\u00e9ans-Tours, le 6 mai 2024 pour en lire le contenu","og_url":"https:\/\/snupden-fsu.fr\/index.php\/2024\/05\/07\/lintersyndicale-de-lacademie-dorleans-tours-alerte-sur-la-situation-de-frustration-et-de-grande-colere-de-ses-collegues-personnels-de-direction\/","article_published_time":"2024-05-07T07:32:13+00:00","article_modified_time":"2025-11-18T14:05:25+00:00","twitter_card":"summary_large_image","twitter_misc":{"\u00c9crit par":"jean klein"},"schema":{"@context":"https:\/\/schema.org","@graph":[{"@type":"Organization","@id":"https:\/\/snupden-fsu.fr\/#organization","name":"snU.Pden-FSU","url":"https:\/\/snupden-fsu.fr\/","sameAs":[],"logo":{"@type":"ImageObject","@id":"https:\/\/snupden-fsu.fr\/#logo","inLanguage":"fr-FR","url":"http:\/\/snupden-fsu.fr\/wp-content\/uploads\/2018\/03\/logo_snupden-3.jpg","contentUrl":"http:\/\/snupden-fsu.fr\/wp-content\/uploads\/2018\/03\/logo_snupden-3.jpg","width":612,"height":183,"caption":"snU.Pden-FSU"},"image":{"@id":"https:\/\/snupden-fsu.fr\/#logo"}},{"@type":"WebSite","@id":"https:\/\/snupden-fsu.fr\/#website","url":"https:\/\/snupden-fsu.fr\/","name":"snU.pden-FSU","description":"Le snU.pden-FSU devient FSU Per Dir","publisher":{"@id":"https:\/\/snupden-fsu.fr\/#organization"},"potentialAction":[{"@type":"SearchAction","target":{"@type":"EntryPoint","urlTemplate":"https:\/\/snupden-fsu.fr\/?s={search_term_string}"},"query-input":"required name=search_term_string"}],"inLanguage":"fr-FR"},{"@type":"WebPage","@id":"https:\/\/snupden-fsu.fr\/index.php\/2024\/05\/07\/lintersyndicale-de-lacademie-dorleans-tours-alerte-sur-la-situation-de-frustration-et-de-grande-colere-de-ses-collegues-personnels-de-direction\/#webpage","url":"https:\/\/snupden-fsu.fr\/index.php\/2024\/05\/07\/lintersyndicale-de-lacademie-dorleans-tours-alerte-sur-la-situation-de-frustration-et-de-grande-colere-de-ses-collegues-personnels-de-direction\/","name":"L\u2019intersyndicale de l\u2019acad\u00e9mie d\u2019Orl\u00e9ans-Tours alerte sur la situation de frustration et de grande col\u00e8re de ses coll\u00e8gues personnels de direction.\u00a0 -","isPartOf":{"@id":"https:\/\/snupden-fsu.fr\/#website"},"datePublished":"2024-05-07T07:32:13+00:00","dateModified":"2025-11-18T14:05:25+00:00","breadcrumb":{"@id":"https:\/\/snupden-fsu.fr\/index.php\/2024\/05\/07\/lintersyndicale-de-lacademie-dorleans-tours-alerte-sur-la-situation-de-frustration-et-de-grande-colere-de-ses-collegues-personnels-de-direction\/#breadcrumb"},"inLanguage":"fr-FR","potentialAction":[{"@type":"ReadAction","target":["https:\/\/snupden-fsu.fr\/index.php\/2024\/05\/07\/lintersyndicale-de-lacademie-dorleans-tours-alerte-sur-la-situation-de-frustration-et-de-grande-colere-de-ses-collegues-personnels-de-direction\/"]}]},{"@type":"BreadcrumbList","@id":"https:\/\/snupden-fsu.fr\/index.php\/2024\/05\/07\/lintersyndicale-de-lacademie-dorleans-tours-alerte-sur-la-situation-de-frustration-et-de-grande-colere-de-ses-collegues-personnels-de-direction\/#breadcrumb","itemListElement":[{"@type":"ListItem","position":1,"name":"Accueil","item":"https:\/\/snupden-fsu.fr\/"},{"@type":"ListItem","position":2,"name":"L\u2019intersyndicale de l\u2019acad\u00e9mie d\u2019Orl\u00e9ans-Tours alerte sur la situation de frustration et de grande col\u00e8re de ses coll\u00e8gues personnels de direction.\u00a0"}]},{"@type":"Article","@id":"https:\/\/snupden-fsu.fr\/index.php\/2024\/05\/07\/lintersyndicale-de-lacademie-dorleans-tours-alerte-sur-la-situation-de-frustration-et-de-grande-colere-de-ses-collegues-personnels-de-direction\/#article","isPartOf":{"@id":"https:\/\/snupden-fsu.fr\/index.php\/2024\/05\/07\/lintersyndicale-de-lacademie-dorleans-tours-alerte-sur-la-situation-de-frustration-et-de-grande-colere-de-ses-collegues-personnels-de-direction\/#webpage"},"author":{"@id":"https:\/\/snupden-fsu.fr\/#\/schema\/person\/f328fc98d73ca6c85ca6ca6d987b1e0e"},"headline":"L\u2019intersyndicale de l\u2019acad\u00e9mie d\u2019Orl\u00e9ans-Tours alerte sur la situation de frustration et de grande col\u00e8re de ses coll\u00e8gues personnels de direction.\u00a0","datePublished":"2024-05-07T07:32:13+00:00","dateModified":"2025-11-18T14:05:25+00:00","mainEntityOfPage":{"@id":"https:\/\/snupden-fsu.fr\/index.php\/2024\/05\/07\/lintersyndicale-de-lacademie-dorleans-tours-alerte-sur-la-situation-de-frustration-et-de-grande-colere-de-ses-collegues-personnels-de-direction\/#webpage"},"wordCount":46,"publisher":{"@id":"https:\/\/snupden-fsu.fr\/#organization"},"articleSection":["Action","Actualit\u00e9s","Orl\u00e9ans-Tours"],"inLanguage":"fr-FR"},{"@type":"Person","@id":"https:\/\/snupden-fsu.fr\/#\/schema\/person\/f328fc98d73ca6c85ca6ca6d987b1e0e","name":"jean klein","image":{"@type":"ImageObject","@id":"https:\/\/snupden-fsu.fr\/#personlogo","inLanguage":"fr-FR","url":"https:\/\/secure.gravatar.com\/avatar\/cbd6ac971f6bb0bbd4697bbfeaa1fff02c1dbefc7a6243448920d7676d7c1688?s=96&d=mm&r=g","contentUrl":"https:\/\/secure.gravatar.com\/avatar\/cbd6ac971f6bb0bbd4697bbfeaa1fff02c1dbefc7a6243448920d7676d7c1688?s=96&d=mm&r=g","caption":"jean klein"},"url":"https:\/\/snupden-fsu.fr\/index.php\/author\/jean-klein\/"}]}},"_links":{"self":[{"href":"https:\/\/snupden-fsu.fr\/index.php\/wp-json\/wp\/v2\/posts\/4551","targetHints":{"allow":["GET"]}}],"collection":[{"href":"https:\/\/snupden-fsu.fr\/index.php\/wp-json\/wp\/v2\/posts"}],"about":[{"href":"https:\/\/snupden-fsu.fr\/index.php\/wp-json\/wp\/v2\/types\/post"}],"author":[{"embeddable":true,"href":"https:\/\/snupden-fsu.fr\/index.php\/wp-json\/wp\/v2\/users\/10"}],"replies":[{"embeddable":true,"href":"https:\/\/snupden-fsu.fr\/index.php\/wp-json\/wp\/v2\/comments?post=4551"}],"version-history":[{"count":5,"href":"https:\/\/snupden-fsu.fr\/index.php\/wp-json\/wp\/v2\/posts\/4551\/revisions"}],"predecessor-version":[{"id":4559,"href":"https:\/\/snupden-fsu.fr\/index.php\/wp-json\/wp\/v2\/posts\/4551\/revisions\/4559"}],"wp:attachment":[{"href":"https:\/\/snupden-fsu.fr\/index.php\/wp-json\/wp\/v2\/media?parent=4551"}],"wp:term":[{"taxonomy":"category","embeddable":true,"href":"https:\/\/snupden-fsu.fr\/index.php\/wp-json\/wp\/v2\/categories?post=4551"},{"taxonomy":"post_tag","embeddable":true,"href":"https:\/\/snupden-fsu.fr\/index.php\/wp-json\/wp\/v2\/tags?post=4551"}],"curies":[{"name":"wp","href":"https:\/\/api.w.org\/{rel}","templated":true}]}}