{"id":4497,"date":"2024-04-22T11:31:37","date_gmt":"2024-04-22T09:31:37","guid":{"rendered":"http:\/\/snupden-fsu.fr\/?p=4497"},"modified":"2025-11-18T15:05:26","modified_gmt":"2025-11-18T14:05:26","slug":"la-recette-du-mois-le-hussard-noir-a-la-sauce-macron","status":"publish","type":"post","link":"https:\/\/snupden-fsu.fr\/index.php\/2024\/04\/22\/la-recette-du-mois-le-hussard-noir-a-la-sauce-macron\/","title":{"rendered":"La recette du mois\u202f: le hussard noir \u00e0 la sauce Macron"},"content":{"rendered":"\n<p>Le Chef de l\u2019Etat, confirmant son engagement \u00e0 faire de l\u2019Ecole un grand chantier politique, a pr\u00e9cis\u00e9 les grandes lignes de la r\u00e9forme annonc\u00e9e de la formation initiale des enseignants\u202f: passation des concours au niveau bac + 3, r\u00e9tablissement des \u00e9coles normales, centralisation des maquettes de formation\u2026&nbsp;<\/p>\n\n\n\n<p>Il s\u2019agit d\u2019abord de transformer le plomb en or, par un affichage qui prend acte de la d\u00e9faillance \u00e0 contrer la p\u00e9nurie du recrutement dans une profession aux conditions d\u2019exercice fortement d\u00e9grad\u00e9es. Situation dont les politiques d\u00e9l\u00e9t\u00e8res conduites ces derni\u00e8res ann\u00e9es et les discours de d\u00e9nigrement sont des causes non n\u00e9gligeables.&nbsp;<\/p>\n\n\n\n<p>Mais les intentions ne s\u2019en tiennent pas l\u00e0. Gabriel Attal reprend le flambeau pr\u00e9sidentiel en d\u00e9clarant vouloir \u00ab\u202fcr\u00e9er les hussards noirs du XXI\u00e8me si\u00e8cle\u202f\u00bb avec \u00ab\u202fune formation ax\u00e9e sur les fondamentaux et les valeurs de la R\u00e9publique\u202f\u00bb.<\/p>\n\n\n\n<p>Fid\u00e8le au narratif douteux du retour de la France des nostalgiques de \u00ab\u202fquand elle \u00e9tait la France\u202f\u00bb, flirtant avec la dystopie d\u2019une police des consciences, ce vocabulaire est \u00e0 la fois ridicule et inqui\u00e9tant.&nbsp;<\/p>\n\n\n\n<p>Tout d\u2019abord<strong>,<\/strong> en r\u00e9duisant la dur\u00e9e de la formation, il affiche une volont\u00e9 de tourner le dos aux textes qui structurent le syst\u00e8me \u00e9ducatif sur l\u2019autonomie des \u00e9tablissements et les comp\u00e9tences de concepteurs de leurs cadres et de leurs \u00e9quipes. <em>\u00ab<\/em>\u202fL\u2019id\u00e9e, c\u2019est qu\u2019on aura des gens qui s\u2019inscriront d\u00e8s le post-bac, on les forme tout de suite aux apprentissages de base\u202f\u00bb. Faut-il comprendre que des apprentissages au-del\u00e0 de ceux \u00ab\u202fde base\u202f\u00bb seraient suppos\u00e9s a priori inutiles ou pernicieux pour former de futurs \u00e9ducateurs et enseignants\u202f?\u00a0\u00a0<\/p>\n\n\n\n<p>Mais c\u2019est surtout la ritournelle guerri\u00e8re qui justifie cette mise au pas qui ne laisse pas d\u2019inqui\u00e9ter\u202f: r\u00e9p\u00e9titeurs de manuels officiels, ces futurs missionnaires en mode 3.0 sont cens\u00e9s contribuer au \u00ab\u202fr\u00e9armement de l\u2019Ecole\u202f\u00bb. Et pour bien encadrer les rangs, le concours de recrutement des personnels de direction est reformat\u00e9 avec un oral d\u2019admission qui cible \u00ab\u202fles capacit\u00e9s manag\u00e9riales\u202f\u00bb et non plus p\u00e9dagogiques \u00ab\u202fainsi que l\u2019aptitude des candidats \u00e0 mettre en \u0153uvre des r\u00e9formes\u202f\u00bb. Il y a tout \u00e0 craindre d\u2019un pouvoir qui affaiblit l\u2019ind\u00e9pendance des corps d\u2019inspection, qui se d\u00e9fie des personnels d\u2019encadrement et qui veut mettre au pas les enseignants en imaginant peut-\u00eatre les transformer en dispensateurs d\u2019un cat\u00e9chisme politique destin\u00e9 \u00e0 gouverner l\u2019opinion, sous couvert d\u2019un \u00ab\u202fretour \u00e0 l\u2019ordre\u202f\u00bb.&nbsp;<\/p>\n\n\n\n<p>Car si les hussards noirs de Jules Ferry \u00e9taient les d\u00e9fenseurs de la R\u00e9publique la\u00efque contre l\u2019emprise de l\u2019Eglise et des pouvoirs conservateurs, on se demande ce qu\u2019a encore de r\u00e9publicain un Etat qui promeut une politique de plus en plus difficilement identifiable comme \u00ab\u202fla\u00efque, d\u00e9mocratique et sociale\u202f\u00bb.&nbsp; Doit-on se r\u00e9jouir de la perspective d\u2019une normalisation con\u00e7ue par des penseurs form\u00e9s \u00e0 l\u2019Ecole Alsacienne, \u00e0 Stanislas ou \u00e0 Saint Louis de Gonzague\u202f? Nous voici loin de l\u2019id\u00e9al d\u2019une Ecole \u00e9mancipatrice, avec un projet qui vise \u00e0 fabriquer des esprits accoutum\u00e9s \u00e0 se plier \u00e0 \u00ab\u202fl\u2019autorit\u00e9 des savoirs\u202f\u00bb plut\u00f4t qu\u2019\u00e0 se confronter \u00e0 des probl\u00e8mes enrichis par la controverse.&nbsp;<\/p>\n\n\n\n<p>Mais le manque d\u2019ampleur de cette \u00ab\u202fvision\u202f\u00bb n\u2019est pas le moindre des sujets de crainte. Surtout quand Paris-Match vient \u00e0 remplacer Condorcet sous le signe du \u00ab\u202fchoc des savoirs\u202f\u00bb. Si l\u2019ambition qui se r\u00e9clame des r\u00e9f\u00e9rences prestigieuses \u00e0 la tradition r\u00e9publicaine est de produire une version r\u00e9initialis\u00e9e de l\u2019\u00e9cole de Jules Ferry et de Ferdinand Buisson, on est d\u00e9cid\u00e9ment bien loin du compte. Allons ! encore un effort pour changer de groupe de niveau\u202f!&nbsp;<\/p>\n","protected":false},"excerpt":{"rendered":"<div class=\"mh-excerpt\"><p>Le Chef de l\u2019Etat, confirmant son engagement \u00e0 faire de l\u2019Ecole un grand chantier politique, a pr\u00e9cis\u00e9 les grandes lignes de la r\u00e9forme annonc\u00e9e de la formation initiale des enseignants\u202f: <a class=\"mh-excerpt-more\" href=\"https:\/\/snupden-fsu.fr\/index.php\/2024\/04\/22\/la-recette-du-mois-le-hussard-noir-a-la-sauce-macron\/\" title=\"La recette du mois\u202f: le hussard noir \u00e0 la sauce Macron\">[&#8230;]<\/a><\/p>\n<\/div>","protected":false},"author":9,"featured_media":0,"comment_status":"closed","ping_status":"closed","sticky":false,"template":"","format":"standard","meta":{"_bbp_topic_count":0,"_bbp_reply_count":0,"_bbp_total_topic_count":0,"_bbp_total_reply_count":0,"_bbp_voice_count":0,"_bbp_anonymous_reply_count":0,"_bbp_topic_count_hidden":0,"_bbp_reply_count_hidden":0,"_bbp_forum_subforum_count":0,"_exactmetrics_skip_tracking":false,"_exactmetrics_sitenote_active":false,"_exactmetrics_sitenote_note":"","_exactmetrics_sitenote_category":0,"footnotes":""},"categories":[10,22,4],"tags":[],"class_list":["post-4497","post","type-post","status-publish","format-standard","hentry","category-actualites","category-carriere","category-edito"],"yoast_head":"<!-- This site is optimized with the Yoast SEO plugin v18.5.1 - https:\/\/yoast.com\/wordpress\/plugins\/seo\/ -->\n<title>La recette du mois\u202f: le hussard noir \u00e0 la sauce Macron -<\/title>\n<meta name=\"robots\" content=\"index, follow, max-snippet:-1, max-image-preview:large, max-video-preview:-1\" \/>\n<link rel=\"canonical\" href=\"https:\/\/snupden-fsu.fr\/index.php\/2024\/04\/22\/la-recette-du-mois-le-hussard-noir-a-la-sauce-macron\/\" \/>\n<meta property=\"og:locale\" content=\"fr_FR\" \/>\n<meta property=\"og:type\" content=\"article\" \/>\n<meta property=\"og:title\" content=\"La recette du mois\u202f: le hussard noir \u00e0 la sauce Macron -\" \/>\n<meta property=\"og:description\" content=\"Le Chef de l\u2019Etat, confirmant son engagement \u00e0 faire de l\u2019Ecole un grand chantier politique, a pr\u00e9cis\u00e9 les grandes lignes de la r\u00e9forme annonc\u00e9e de la formation initiale des enseignants\u202f: [...]\" \/>\n<meta property=\"og:url\" content=\"https:\/\/snupden-fsu.fr\/index.php\/2024\/04\/22\/la-recette-du-mois-le-hussard-noir-a-la-sauce-macron\/\" \/>\n<meta property=\"article:published_time\" content=\"2024-04-22T09:31:37+00:00\" \/>\n<meta property=\"article:modified_time\" content=\"2025-11-18T14:05:26+00:00\" \/>\n<meta name=\"twitter:card\" content=\"summary_large_image\" \/>\n<meta name=\"twitter:label1\" content=\"\u00c9crit par\" \/>\n\t<meta name=\"twitter:data1\" content=\"Bureau national\" \/>\n\t<meta name=\"twitter:label2\" content=\"Dur\u00e9e de lecture estim\u00e9e\" \/>\n\t<meta name=\"twitter:data2\" content=\"3 minutes\" \/>\n<script type=\"application\/ld+json\" class=\"yoast-schema-graph\">{\"@context\":\"https:\/\/schema.org\",\"@graph\":[{\"@type\":\"Organization\",\"@id\":\"https:\/\/snupden-fsu.fr\/#organization\",\"name\":\"snU.Pden-FSU\",\"url\":\"https:\/\/snupden-fsu.fr\/\",\"sameAs\":[],\"logo\":{\"@type\":\"ImageObject\",\"@id\":\"https:\/\/snupden-fsu.fr\/#logo\",\"inLanguage\":\"fr-FR\",\"url\":\"http:\/\/snupden-fsu.fr\/wp-content\/uploads\/2018\/03\/logo_snupden-3.jpg\",\"contentUrl\":\"http:\/\/snupden-fsu.fr\/wp-content\/uploads\/2018\/03\/logo_snupden-3.jpg\",\"width\":612,\"height\":183,\"caption\":\"snU.Pden-FSU\"},\"image\":{\"@id\":\"https:\/\/snupden-fsu.fr\/#logo\"}},{\"@type\":\"WebSite\",\"@id\":\"https:\/\/snupden-fsu.fr\/#website\",\"url\":\"https:\/\/snupden-fsu.fr\/\",\"name\":\"snU.pden-FSU\",\"description\":\"Le snU.pden-FSU devient FSU Per Dir\",\"publisher\":{\"@id\":\"https:\/\/snupden-fsu.fr\/#organization\"},\"potentialAction\":[{\"@type\":\"SearchAction\",\"target\":{\"@type\":\"EntryPoint\",\"urlTemplate\":\"https:\/\/snupden-fsu.fr\/?s={search_term_string}\"},\"query-input\":\"required name=search_term_string\"}],\"inLanguage\":\"fr-FR\"},{\"@type\":\"WebPage\",\"@id\":\"https:\/\/snupden-fsu.fr\/index.php\/2024\/04\/22\/la-recette-du-mois-le-hussard-noir-a-la-sauce-macron\/#webpage\",\"url\":\"https:\/\/snupden-fsu.fr\/index.php\/2024\/04\/22\/la-recette-du-mois-le-hussard-noir-a-la-sauce-macron\/\",\"name\":\"La recette du mois\u202f: le hussard noir \u00e0 la sauce Macron -\",\"isPartOf\":{\"@id\":\"https:\/\/snupden-fsu.fr\/#website\"},\"datePublished\":\"2024-04-22T09:31:37+00:00\",\"dateModified\":\"2025-11-18T14:05:26+00:00\",\"breadcrumb\":{\"@id\":\"https:\/\/snupden-fsu.fr\/index.php\/2024\/04\/22\/la-recette-du-mois-le-hussard-noir-a-la-sauce-macron\/#breadcrumb\"},\"inLanguage\":\"fr-FR\",\"potentialAction\":[{\"@type\":\"ReadAction\",\"target\":[\"https:\/\/snupden-fsu.fr\/index.php\/2024\/04\/22\/la-recette-du-mois-le-hussard-noir-a-la-sauce-macron\/\"]}]},{\"@type\":\"BreadcrumbList\",\"@id\":\"https:\/\/snupden-fsu.fr\/index.php\/2024\/04\/22\/la-recette-du-mois-le-hussard-noir-a-la-sauce-macron\/#breadcrumb\",\"itemListElement\":[{\"@type\":\"ListItem\",\"position\":1,\"name\":\"Accueil\",\"item\":\"https:\/\/snupden-fsu.fr\/\"},{\"@type\":\"ListItem\",\"position\":2,\"name\":\"La recette du mois\u202f: le hussard noir \u00e0 la sauce Macron\"}]},{\"@type\":\"Article\",\"@id\":\"https:\/\/snupden-fsu.fr\/index.php\/2024\/04\/22\/la-recette-du-mois-le-hussard-noir-a-la-sauce-macron\/#article\",\"isPartOf\":{\"@id\":\"https:\/\/snupden-fsu.fr\/index.php\/2024\/04\/22\/la-recette-du-mois-le-hussard-noir-a-la-sauce-macron\/#webpage\"},\"author\":{\"@id\":\"https:\/\/snupden-fsu.fr\/#\/schema\/person\/1edf71884cc9d0706bf4b4b380456f72\"},\"headline\":\"La recette du mois\u202f: le hussard noir \u00e0 la sauce Macron\",\"datePublished\":\"2024-04-22T09:31:37+00:00\",\"dateModified\":\"2025-11-18T14:05:26+00:00\",\"mainEntityOfPage\":{\"@id\":\"https:\/\/snupden-fsu.fr\/index.php\/2024\/04\/22\/la-recette-du-mois-le-hussard-noir-a-la-sauce-macron\/#webpage\"},\"wordCount\":659,\"publisher\":{\"@id\":\"https:\/\/snupden-fsu.fr\/#organization\"},\"articleSection\":[\"Actualit\u00e9s\",\"Carri\u00e8re\",\"Edito\"],\"inLanguage\":\"fr-FR\"},{\"@type\":\"Person\",\"@id\":\"https:\/\/snupden-fsu.fr\/#\/schema\/person\/1edf71884cc9d0706bf4b4b380456f72\",\"name\":\"Bureau national\",\"image\":{\"@type\":\"ImageObject\",\"@id\":\"https:\/\/snupden-fsu.fr\/#personlogo\",\"inLanguage\":\"fr-FR\",\"url\":\"https:\/\/secure.gravatar.com\/avatar\/a5ca06c32142c6dde84bb9bd5e7908779d6b092fef2b54818fd5a687421141d9?s=96&d=mm&r=g\",\"contentUrl\":\"https:\/\/secure.gravatar.com\/avatar\/a5ca06c32142c6dde84bb9bd5e7908779d6b092fef2b54818fd5a687421141d9?s=96&d=mm&r=g\",\"caption\":\"Bureau national\"},\"url\":\"https:\/\/snupden-fsu.fr\/index.php\/author\/bureau-national\/\"}]}<\/script>\n<!-- \/ Yoast SEO plugin. -->","yoast_head_json":{"title":"La recette du mois\u202f: le hussard noir \u00e0 la sauce Macron -","robots":{"index":"index","follow":"follow","max-snippet":"max-snippet:-1","max-image-preview":"max-image-preview:large","max-video-preview":"max-video-preview:-1"},"canonical":"https:\/\/snupden-fsu.fr\/index.php\/2024\/04\/22\/la-recette-du-mois-le-hussard-noir-a-la-sauce-macron\/","og_locale":"fr_FR","og_type":"article","og_title":"La recette du mois\u202f: le hussard noir \u00e0 la sauce Macron -","og_description":"Le Chef de l\u2019Etat, confirmant son engagement \u00e0 faire de l\u2019Ecole un grand chantier politique, a pr\u00e9cis\u00e9 les grandes lignes de la r\u00e9forme annonc\u00e9e de la formation initiale des enseignants\u202f: [...]","og_url":"https:\/\/snupden-fsu.fr\/index.php\/2024\/04\/22\/la-recette-du-mois-le-hussard-noir-a-la-sauce-macron\/","article_published_time":"2024-04-22T09:31:37+00:00","article_modified_time":"2025-11-18T14:05:26+00:00","twitter_card":"summary_large_image","twitter_misc":{"\u00c9crit par":"Bureau national","Dur\u00e9e de lecture estim\u00e9e":"3 minutes"},"schema":{"@context":"https:\/\/schema.org","@graph":[{"@type":"Organization","@id":"https:\/\/snupden-fsu.fr\/#organization","name":"snU.Pden-FSU","url":"https:\/\/snupden-fsu.fr\/","sameAs":[],"logo":{"@type":"ImageObject","@id":"https:\/\/snupden-fsu.fr\/#logo","inLanguage":"fr-FR","url":"http:\/\/snupden-fsu.fr\/wp-content\/uploads\/2018\/03\/logo_snupden-3.jpg","contentUrl":"http:\/\/snupden-fsu.fr\/wp-content\/uploads\/2018\/03\/logo_snupden-3.jpg","width":612,"height":183,"caption":"snU.Pden-FSU"},"image":{"@id":"https:\/\/snupden-fsu.fr\/#logo"}},{"@type":"WebSite","@id":"https:\/\/snupden-fsu.fr\/#website","url":"https:\/\/snupden-fsu.fr\/","name":"snU.pden-FSU","description":"Le snU.pden-FSU devient FSU Per Dir","publisher":{"@id":"https:\/\/snupden-fsu.fr\/#organization"},"potentialAction":[{"@type":"SearchAction","target":{"@type":"EntryPoint","urlTemplate":"https:\/\/snupden-fsu.fr\/?s={search_term_string}"},"query-input":"required name=search_term_string"}],"inLanguage":"fr-FR"},{"@type":"WebPage","@id":"https:\/\/snupden-fsu.fr\/index.php\/2024\/04\/22\/la-recette-du-mois-le-hussard-noir-a-la-sauce-macron\/#webpage","url":"https:\/\/snupden-fsu.fr\/index.php\/2024\/04\/22\/la-recette-du-mois-le-hussard-noir-a-la-sauce-macron\/","name":"La recette du mois\u202f: le hussard noir \u00e0 la sauce Macron -","isPartOf":{"@id":"https:\/\/snupden-fsu.fr\/#website"},"datePublished":"2024-04-22T09:31:37+00:00","dateModified":"2025-11-18T14:05:26+00:00","breadcrumb":{"@id":"https:\/\/snupden-fsu.fr\/index.php\/2024\/04\/22\/la-recette-du-mois-le-hussard-noir-a-la-sauce-macron\/#breadcrumb"},"inLanguage":"fr-FR","potentialAction":[{"@type":"ReadAction","target":["https:\/\/snupden-fsu.fr\/index.php\/2024\/04\/22\/la-recette-du-mois-le-hussard-noir-a-la-sauce-macron\/"]}]},{"@type":"BreadcrumbList","@id":"https:\/\/snupden-fsu.fr\/index.php\/2024\/04\/22\/la-recette-du-mois-le-hussard-noir-a-la-sauce-macron\/#breadcrumb","itemListElement":[{"@type":"ListItem","position":1,"name":"Accueil","item":"https:\/\/snupden-fsu.fr\/"},{"@type":"ListItem","position":2,"name":"La recette du mois\u202f: le hussard noir \u00e0 la sauce Macron"}]},{"@type":"Article","@id":"https:\/\/snupden-fsu.fr\/index.php\/2024\/04\/22\/la-recette-du-mois-le-hussard-noir-a-la-sauce-macron\/#article","isPartOf":{"@id":"https:\/\/snupden-fsu.fr\/index.php\/2024\/04\/22\/la-recette-du-mois-le-hussard-noir-a-la-sauce-macron\/#webpage"},"author":{"@id":"https:\/\/snupden-fsu.fr\/#\/schema\/person\/1edf71884cc9d0706bf4b4b380456f72"},"headline":"La recette du mois\u202f: le hussard noir \u00e0 la sauce Macron","datePublished":"2024-04-22T09:31:37+00:00","dateModified":"2025-11-18T14:05:26+00:00","mainEntityOfPage":{"@id":"https:\/\/snupden-fsu.fr\/index.php\/2024\/04\/22\/la-recette-du-mois-le-hussard-noir-a-la-sauce-macron\/#webpage"},"wordCount":659,"publisher":{"@id":"https:\/\/snupden-fsu.fr\/#organization"},"articleSection":["Actualit\u00e9s","Carri\u00e8re","Edito"],"inLanguage":"fr-FR"},{"@type":"Person","@id":"https:\/\/snupden-fsu.fr\/#\/schema\/person\/1edf71884cc9d0706bf4b4b380456f72","name":"Bureau national","image":{"@type":"ImageObject","@id":"https:\/\/snupden-fsu.fr\/#personlogo","inLanguage":"fr-FR","url":"https:\/\/secure.gravatar.com\/avatar\/a5ca06c32142c6dde84bb9bd5e7908779d6b092fef2b54818fd5a687421141d9?s=96&d=mm&r=g","contentUrl":"https:\/\/secure.gravatar.com\/avatar\/a5ca06c32142c6dde84bb9bd5e7908779d6b092fef2b54818fd5a687421141d9?s=96&d=mm&r=g","caption":"Bureau national"},"url":"https:\/\/snupden-fsu.fr\/index.php\/author\/bureau-national\/"}]}},"_links":{"self":[{"href":"https:\/\/snupden-fsu.fr\/index.php\/wp-json\/wp\/v2\/posts\/4497","targetHints":{"allow":["GET"]}}],"collection":[{"href":"https:\/\/snupden-fsu.fr\/index.php\/wp-json\/wp\/v2\/posts"}],"about":[{"href":"https:\/\/snupden-fsu.fr\/index.php\/wp-json\/wp\/v2\/types\/post"}],"author":[{"embeddable":true,"href":"https:\/\/snupden-fsu.fr\/index.php\/wp-json\/wp\/v2\/users\/9"}],"replies":[{"embeddable":true,"href":"https:\/\/snupden-fsu.fr\/index.php\/wp-json\/wp\/v2\/comments?post=4497"}],"version-history":[{"count":1,"href":"https:\/\/snupden-fsu.fr\/index.php\/wp-json\/wp\/v2\/posts\/4497\/revisions"}],"predecessor-version":[{"id":4498,"href":"https:\/\/snupden-fsu.fr\/index.php\/wp-json\/wp\/v2\/posts\/4497\/revisions\/4498"}],"wp:attachment":[{"href":"https:\/\/snupden-fsu.fr\/index.php\/wp-json\/wp\/v2\/media?parent=4497"}],"wp:term":[{"taxonomy":"category","embeddable":true,"href":"https:\/\/snupden-fsu.fr\/index.php\/wp-json\/wp\/v2\/categories?post=4497"},{"taxonomy":"post_tag","embeddable":true,"href":"https:\/\/snupden-fsu.fr\/index.php\/wp-json\/wp\/v2\/tags?post=4497"}],"curies":[{"name":"wp","href":"https:\/\/api.w.org\/{rel}","templated":true}]}}