{"id":4373,"date":"2024-02-27T17:09:40","date_gmt":"2024-02-27T16:09:40","guid":{"rendered":"http:\/\/snupden-fsu.fr\/?p=4373"},"modified":"2025-11-18T15:05:13","modified_gmt":"2025-11-18T14:05:13","slug":"le-tournis-des-reformes","status":"publish","type":"post","link":"https:\/\/snupden-fsu.fr\/index.php\/2024\/02\/27\/le-tournis-des-reformes\/","title":{"rendered":"Face au tournis des r\u00e9formes, l\u2019\u00c9ducation nationale cherche son souffle"},"content":{"rendered":"\n<p>Les r\u00e9formes et projets de r\u00e9formes se succ\u00e8dent d\u2019ann\u00e9e en ann\u00e9e \u00e0 l\u2019\u00c9ducation Nationale. La tr\u00e8s grande majorit\u00e9 des organisations syndicales dont le sn<em><strong>U<\/strong><\/em>.pden-FSU s\u2019y opposent&nbsp; et agissent pour leurs retraits dont celle dite du \u00ab&nbsp;choc des savoirs&nbsp;\u00bb. A ce jour, pas de publication des textes r\u00e9glementaires n\u00e9cessaires \u00e0 la pr\u00e9paration de la rentr\u00e9e 2024&#8230;.<\/p>\n\n\n\n<p>Au sein de notre institution, nous avons besoin de stabilit\u00e9, d&rsquo;orientations clairement d\u00e9finies, pour permettre le travail collectif indispensable \u00e0 leurs mises en \u0153uvre dans chaque \u00e9tablissement.<s><\/s><\/p>\n\n\n\n<p>Au lieu de cela, nouvelle annonce du ministre de l\u2019\u00c9conomie et des Finances\u00a0:\u00a0 l\u2019annulation\u00a0de 10 milliards de cr\u00e9dits ouverts au budget de la Nation, dont\u00a0le<strong> <\/strong>retrait de pr\u00e8s de 700 millions d\u2019euros au\u00a0Minist\u00e8re de l\u2019\u00c9ducation Nationale. Madame Belloubet est tout \u00e0 fait<s> <\/s>en accord avec ce retrait de moyens en d\u00e9clarant que le budget de l\u2019\u00c9ducation Nationale n\u2019\u00e9tait pas sanctuaris\u00e9.<\/p>\n\n\n\n<p>Alors que l\u2019ensemble des personnels et des parents r\u00e9clament visibilit\u00e9 et stabilit\u00e9, alors que le co\u00fbt de la r\u00e9forme envisag\u00e9e pour le coll\u00e8ge a \u00e9t\u00e9 largement sous-estim\u00e9, surgissent une nouvelle source de d\u00e9stabilisation et de fortes inqui\u00e9tudes pour l&rsquo;Ecole\u00a0avec les annonces du gouvernement et du\u00a0pr\u00e9sident de la R\u00e9publique.<\/p>\n\n\n\n<p>Apr\u00e8s le vote le 21 d\u00e9cembre de la loi de finances 2024 ent\u00e9rinant la suppression de 2193 postes d\u2019enseignants, puis\u00a0l\u2019annonce par M. Attal, alors ministre de l\u2019\u00c9ducation Nationale, de la recr\u00e9ation de 2167 postes, nous apprenons le 18 f\u00e9vrier ce retrait de 690 millions d\u2019euros<strong>.<\/strong> Retrait qui pourrait se traduire par la suppression de 2620 postes dans le premier degr\u00e9 public, 1740 postes dans le second degr\u00e9 public et 4 600 postes d\u2019AED et AESH. Ces mesures constitueraient une diminution d\u2019effectifs de personnels extr\u00eamement difficile \u00e0 g\u00e9rer dans nos \u00e9tablissements. Ces restrictions seraient en totale contradiction avec les priorit\u00e9s affich\u00e9es par notre minist\u00e8re\u00a0: inclusion scolaire, lutte contre le harc\u00e8lement,\u2026 Quel est le sens politique de ces revirements\u00a0? Quelle continuit\u00e9 de l\u2019action publique\u00a0? Incompr\u00e9hensible\u00a0!<\/p>\n\n\n\n<p>Nous ne pouvons travailler dans ces conditions. Ces revirements sont inadmissibles.<\/p>\n\n\n\n<p><strong>Pour nous opposer \u00e0 ces orientations, nous appelons les personnels de direction \u00e0 se mobiliser\u00a0:<\/strong><\/p>\n\n\n\n<ul class=\"wp-block-list\">\n<li><em>le 19 mars<\/em>, contre le\u00a0renforcement des r\u00e9mun\u00e9rations au m\u00e9rite, pour une am\u00e9lioration de nos carri\u00e8res,  pour des mesures g\u00e9n\u00e9rales pour les salaires, dont la revalorisation du point d\u2019indice, dans un contexte d\u2019effondrement du niveau des r\u00e9mun\u00e9rations des agent\u00b7es publics.<\/li>\n<\/ul>\n\n\n\n<ul class=\"wp-block-list\">\n<li><em>le 8 mars<\/em> pour la journ\u00e9e d\u2019actions pour les Droits des Femmes.<\/li>\n<\/ul>\n\n\n\n<p>Les personnels de direction seront \u00e9galement mobilis\u00e9s pour participer \u00e0 toutes les actions en faveur d\u2019une paix durable et de l&rsquo;arr\u00eat des conflits. Les cons\u00e9quences humaines et politiques de ces guerres sont terribles dans de nombreux territoires, dont Gaza et l&rsquo;Ukraine. A notre niveau, nous ne pouvons pas le constater sans agir. <s><\/s><\/p>\n\n\n\n<p>Montrons notre opposition \u00e0 ces politiques r\u00e9gressives. Mobilisons-nous. Exprimons notre volont\u00e9 de transformer la soci\u00e9t\u00e9 pour une soci\u00e9t\u00e9 et une \u00c9ducation Nationale plus juste et plus d\u00e9mocratique.<\/p>\n\n\n\n<p><strong>Le sn<em>U<\/em>.pden-FSU, avec vous, poursuivra son action pour y contribuer.<\/strong><\/p>\n\n\n\n<p><\/p>\n\n\n\n<p class=\"has-text-align-right\"><strong>Igor Garncarzyk<\/strong><\/p>\n\n\n\n<p class=\"has-text-align-right\"><strong>Secr\u00e9taire national<\/strong><\/p>\n","protected":false},"excerpt":{"rendered":"<div class=\"mh-excerpt\"><p>Les r\u00e9formes et projets de r\u00e9formes se succ\u00e8dent d\u2019ann\u00e9e en ann\u00e9e \u00e0 l\u2019\u00c9ducation Nationale. La tr\u00e8s grande majorit\u00e9 des organisations syndicales dont le snU.pden-FSU s\u2019y opposent&nbsp; et agissent pour leurs <a class=\"mh-excerpt-more\" href=\"https:\/\/snupden-fsu.fr\/index.php\/2024\/02\/27\/le-tournis-des-reformes\/\" title=\"Face au tournis des r\u00e9formes, l\u2019\u00c9ducation nationale cherche son souffle\">[&#8230;]<\/a><\/p>\n<\/div>","protected":false},"author":4,"featured_media":0,"comment_status":"closed","ping_status":"closed","sticky":false,"template":"","format":"standard","meta":{"_bbp_topic_count":0,"_bbp_reply_count":0,"_bbp_total_topic_count":0,"_bbp_total_reply_count":0,"_bbp_voice_count":0,"_bbp_anonymous_reply_count":0,"_bbp_topic_count_hidden":0,"_bbp_reply_count_hidden":0,"_bbp_forum_subforum_count":0,"_exactmetrics_skip_tracking":false,"_exactmetrics_sitenote_active":false,"_exactmetrics_sitenote_note":"","_exactmetrics_sitenote_category":0,"footnotes":""},"categories":[283,10,101,4],"tags":[],"class_list":["post-4373","post","type-post","status-publish","format-standard","hentry","category-action","category-actualites","category-communique","category-edito"],"yoast_head":"<!-- This site is optimized with the Yoast SEO plugin v18.5.1 - https:\/\/yoast.com\/wordpress\/plugins\/seo\/ -->\n<title>Face au tournis des r\u00e9formes, l\u2019\u00c9ducation nationale cherche son souffle -<\/title>\n<meta name=\"robots\" content=\"index, follow, max-snippet:-1, max-image-preview:large, max-video-preview:-1\" \/>\n<link rel=\"canonical\" href=\"https:\/\/snupden-fsu.fr\/index.php\/2024\/02\/27\/le-tournis-des-reformes\/\" \/>\n<meta property=\"og:locale\" content=\"fr_FR\" \/>\n<meta property=\"og:type\" content=\"article\" \/>\n<meta property=\"og:title\" content=\"Face au tournis des r\u00e9formes, l\u2019\u00c9ducation nationale cherche son souffle -\" \/>\n<meta property=\"og:description\" content=\"Les r\u00e9formes et projets de r\u00e9formes se succ\u00e8dent d\u2019ann\u00e9e en ann\u00e9e \u00e0 l\u2019\u00c9ducation Nationale. La tr\u00e8s grande majorit\u00e9 des organisations syndicales dont le snU.pden-FSU s\u2019y opposent&nbsp; et agissent pour leurs [...]\" \/>\n<meta property=\"og:url\" content=\"https:\/\/snupden-fsu.fr\/index.php\/2024\/02\/27\/le-tournis-des-reformes\/\" \/>\n<meta property=\"article:published_time\" content=\"2024-02-27T16:09:40+00:00\" \/>\n<meta property=\"article:modified_time\" content=\"2025-11-18T14:05:13+00:00\" \/>\n<meta name=\"twitter:card\" content=\"summary_large_image\" \/>\n<meta name=\"twitter:label1\" content=\"\u00c9crit par\" \/>\n\t<meta name=\"twitter:data1\" content=\"Igor Garncarzyk\" \/>\n\t<meta name=\"twitter:label2\" content=\"Dur\u00e9e de lecture estim\u00e9e\" \/>\n\t<meta name=\"twitter:data2\" content=\"3 minutes\" \/>\n<script type=\"application\/ld+json\" class=\"yoast-schema-graph\">{\"@context\":\"https:\/\/schema.org\",\"@graph\":[{\"@type\":\"Organization\",\"@id\":\"https:\/\/snupden-fsu.fr\/#organization\",\"name\":\"snU.Pden-FSU\",\"url\":\"https:\/\/snupden-fsu.fr\/\",\"sameAs\":[],\"logo\":{\"@type\":\"ImageObject\",\"@id\":\"https:\/\/snupden-fsu.fr\/#logo\",\"inLanguage\":\"fr-FR\",\"url\":\"http:\/\/snupden-fsu.fr\/wp-content\/uploads\/2018\/03\/logo_snupden-3.jpg\",\"contentUrl\":\"http:\/\/snupden-fsu.fr\/wp-content\/uploads\/2018\/03\/logo_snupden-3.jpg\",\"width\":612,\"height\":183,\"caption\":\"snU.Pden-FSU\"},\"image\":{\"@id\":\"https:\/\/snupden-fsu.fr\/#logo\"}},{\"@type\":\"WebSite\",\"@id\":\"https:\/\/snupden-fsu.fr\/#website\",\"url\":\"https:\/\/snupden-fsu.fr\/\",\"name\":\"snU.pden-FSU\",\"description\":\"Le snU.pden-FSU devient FSU Per Dir\",\"publisher\":{\"@id\":\"https:\/\/snupden-fsu.fr\/#organization\"},\"potentialAction\":[{\"@type\":\"SearchAction\",\"target\":{\"@type\":\"EntryPoint\",\"urlTemplate\":\"https:\/\/snupden-fsu.fr\/?s={search_term_string}\"},\"query-input\":\"required name=search_term_string\"}],\"inLanguage\":\"fr-FR\"},{\"@type\":\"WebPage\",\"@id\":\"https:\/\/snupden-fsu.fr\/index.php\/2024\/02\/27\/le-tournis-des-reformes\/#webpage\",\"url\":\"https:\/\/snupden-fsu.fr\/index.php\/2024\/02\/27\/le-tournis-des-reformes\/\",\"name\":\"Face au tournis des r\u00e9formes, l\u2019\u00c9ducation nationale cherche son souffle -\",\"isPartOf\":{\"@id\":\"https:\/\/snupden-fsu.fr\/#website\"},\"datePublished\":\"2024-02-27T16:09:40+00:00\",\"dateModified\":\"2025-11-18T14:05:13+00:00\",\"breadcrumb\":{\"@id\":\"https:\/\/snupden-fsu.fr\/index.php\/2024\/02\/27\/le-tournis-des-reformes\/#breadcrumb\"},\"inLanguage\":\"fr-FR\",\"potentialAction\":[{\"@type\":\"ReadAction\",\"target\":[\"https:\/\/snupden-fsu.fr\/index.php\/2024\/02\/27\/le-tournis-des-reformes\/\"]}]},{\"@type\":\"BreadcrumbList\",\"@id\":\"https:\/\/snupden-fsu.fr\/index.php\/2024\/02\/27\/le-tournis-des-reformes\/#breadcrumb\",\"itemListElement\":[{\"@type\":\"ListItem\",\"position\":1,\"name\":\"Accueil\",\"item\":\"https:\/\/snupden-fsu.fr\/\"},{\"@type\":\"ListItem\",\"position\":2,\"name\":\"Face au tournis des r\u00e9formes, l\u2019\u00c9ducation nationale cherche son souffle\"}]},{\"@type\":\"Article\",\"@id\":\"https:\/\/snupden-fsu.fr\/index.php\/2024\/02\/27\/le-tournis-des-reformes\/#article\",\"isPartOf\":{\"@id\":\"https:\/\/snupden-fsu.fr\/index.php\/2024\/02\/27\/le-tournis-des-reformes\/#webpage\"},\"author\":{\"@id\":\"https:\/\/snupden-fsu.fr\/#\/schema\/person\/23c195c922c8d6622c5403ac69ce5cb9\"},\"headline\":\"Face au tournis des r\u00e9formes, l\u2019\u00c9ducation nationale cherche son souffle\",\"datePublished\":\"2024-02-27T16:09:40+00:00\",\"dateModified\":\"2025-11-18T14:05:13+00:00\",\"mainEntityOfPage\":{\"@id\":\"https:\/\/snupden-fsu.fr\/index.php\/2024\/02\/27\/le-tournis-des-reformes\/#webpage\"},\"wordCount\":559,\"publisher\":{\"@id\":\"https:\/\/snupden-fsu.fr\/#organization\"},\"articleSection\":[\"Action\",\"Actualit\u00e9s\",\"Communiqu\u00e9s\",\"Edito\"],\"inLanguage\":\"fr-FR\"},{\"@type\":\"Person\",\"@id\":\"https:\/\/snupden-fsu.fr\/#\/schema\/person\/23c195c922c8d6622c5403ac69ce5cb9\",\"name\":\"Igor Garncarzyk\",\"image\":{\"@type\":\"ImageObject\",\"@id\":\"https:\/\/snupden-fsu.fr\/#personlogo\",\"inLanguage\":\"fr-FR\",\"url\":\"https:\/\/secure.gravatar.com\/avatar\/183881f6cbab90ab6b6e49ff3a2251fe752b5f7eacaa5c5feac123d82206539e?s=96&d=mm&r=g\",\"contentUrl\":\"https:\/\/secure.gravatar.com\/avatar\/183881f6cbab90ab6b6e49ff3a2251fe752b5f7eacaa5c5feac123d82206539e?s=96&d=mm&r=g\",\"caption\":\"Igor Garncarzyk\"},\"url\":\"https:\/\/snupden-fsu.fr\/index.php\/author\/garncarzyk\/\"}]}<\/script>\n<!-- \/ Yoast SEO plugin. -->","yoast_head_json":{"title":"Face au tournis des r\u00e9formes, l\u2019\u00c9ducation nationale cherche son souffle -","robots":{"index":"index","follow":"follow","max-snippet":"max-snippet:-1","max-image-preview":"max-image-preview:large","max-video-preview":"max-video-preview:-1"},"canonical":"https:\/\/snupden-fsu.fr\/index.php\/2024\/02\/27\/le-tournis-des-reformes\/","og_locale":"fr_FR","og_type":"article","og_title":"Face au tournis des r\u00e9formes, l\u2019\u00c9ducation nationale cherche son souffle -","og_description":"Les r\u00e9formes et projets de r\u00e9formes se succ\u00e8dent d\u2019ann\u00e9e en ann\u00e9e \u00e0 l\u2019\u00c9ducation Nationale. La tr\u00e8s grande majorit\u00e9 des organisations syndicales dont le snU.pden-FSU s\u2019y opposent&nbsp; et agissent pour leurs [...]","og_url":"https:\/\/snupden-fsu.fr\/index.php\/2024\/02\/27\/le-tournis-des-reformes\/","article_published_time":"2024-02-27T16:09:40+00:00","article_modified_time":"2025-11-18T14:05:13+00:00","twitter_card":"summary_large_image","twitter_misc":{"\u00c9crit par":"Igor Garncarzyk","Dur\u00e9e de lecture estim\u00e9e":"3 minutes"},"schema":{"@context":"https:\/\/schema.org","@graph":[{"@type":"Organization","@id":"https:\/\/snupden-fsu.fr\/#organization","name":"snU.Pden-FSU","url":"https:\/\/snupden-fsu.fr\/","sameAs":[],"logo":{"@type":"ImageObject","@id":"https:\/\/snupden-fsu.fr\/#logo","inLanguage":"fr-FR","url":"http:\/\/snupden-fsu.fr\/wp-content\/uploads\/2018\/03\/logo_snupden-3.jpg","contentUrl":"http:\/\/snupden-fsu.fr\/wp-content\/uploads\/2018\/03\/logo_snupden-3.jpg","width":612,"height":183,"caption":"snU.Pden-FSU"},"image":{"@id":"https:\/\/snupden-fsu.fr\/#logo"}},{"@type":"WebSite","@id":"https:\/\/snupden-fsu.fr\/#website","url":"https:\/\/snupden-fsu.fr\/","name":"snU.pden-FSU","description":"Le snU.pden-FSU devient FSU Per Dir","publisher":{"@id":"https:\/\/snupden-fsu.fr\/#organization"},"potentialAction":[{"@type":"SearchAction","target":{"@type":"EntryPoint","urlTemplate":"https:\/\/snupden-fsu.fr\/?s={search_term_string}"},"query-input":"required name=search_term_string"}],"inLanguage":"fr-FR"},{"@type":"WebPage","@id":"https:\/\/snupden-fsu.fr\/index.php\/2024\/02\/27\/le-tournis-des-reformes\/#webpage","url":"https:\/\/snupden-fsu.fr\/index.php\/2024\/02\/27\/le-tournis-des-reformes\/","name":"Face au tournis des r\u00e9formes, l\u2019\u00c9ducation nationale cherche son souffle -","isPartOf":{"@id":"https:\/\/snupden-fsu.fr\/#website"},"datePublished":"2024-02-27T16:09:40+00:00","dateModified":"2025-11-18T14:05:13+00:00","breadcrumb":{"@id":"https:\/\/snupden-fsu.fr\/index.php\/2024\/02\/27\/le-tournis-des-reformes\/#breadcrumb"},"inLanguage":"fr-FR","potentialAction":[{"@type":"ReadAction","target":["https:\/\/snupden-fsu.fr\/index.php\/2024\/02\/27\/le-tournis-des-reformes\/"]}]},{"@type":"BreadcrumbList","@id":"https:\/\/snupden-fsu.fr\/index.php\/2024\/02\/27\/le-tournis-des-reformes\/#breadcrumb","itemListElement":[{"@type":"ListItem","position":1,"name":"Accueil","item":"https:\/\/snupden-fsu.fr\/"},{"@type":"ListItem","position":2,"name":"Face au tournis des r\u00e9formes, l\u2019\u00c9ducation nationale cherche son souffle"}]},{"@type":"Article","@id":"https:\/\/snupden-fsu.fr\/index.php\/2024\/02\/27\/le-tournis-des-reformes\/#article","isPartOf":{"@id":"https:\/\/snupden-fsu.fr\/index.php\/2024\/02\/27\/le-tournis-des-reformes\/#webpage"},"author":{"@id":"https:\/\/snupden-fsu.fr\/#\/schema\/person\/23c195c922c8d6622c5403ac69ce5cb9"},"headline":"Face au tournis des r\u00e9formes, l\u2019\u00c9ducation nationale cherche son souffle","datePublished":"2024-02-27T16:09:40+00:00","dateModified":"2025-11-18T14:05:13+00:00","mainEntityOfPage":{"@id":"https:\/\/snupden-fsu.fr\/index.php\/2024\/02\/27\/le-tournis-des-reformes\/#webpage"},"wordCount":559,"publisher":{"@id":"https:\/\/snupden-fsu.fr\/#organization"},"articleSection":["Action","Actualit\u00e9s","Communiqu\u00e9s","Edito"],"inLanguage":"fr-FR"},{"@type":"Person","@id":"https:\/\/snupden-fsu.fr\/#\/schema\/person\/23c195c922c8d6622c5403ac69ce5cb9","name":"Igor Garncarzyk","image":{"@type":"ImageObject","@id":"https:\/\/snupden-fsu.fr\/#personlogo","inLanguage":"fr-FR","url":"https:\/\/secure.gravatar.com\/avatar\/183881f6cbab90ab6b6e49ff3a2251fe752b5f7eacaa5c5feac123d82206539e?s=96&d=mm&r=g","contentUrl":"https:\/\/secure.gravatar.com\/avatar\/183881f6cbab90ab6b6e49ff3a2251fe752b5f7eacaa5c5feac123d82206539e?s=96&d=mm&r=g","caption":"Igor Garncarzyk"},"url":"https:\/\/snupden-fsu.fr\/index.php\/author\/garncarzyk\/"}]}},"_links":{"self":[{"href":"https:\/\/snupden-fsu.fr\/index.php\/wp-json\/wp\/v2\/posts\/4373","targetHints":{"allow":["GET"]}}],"collection":[{"href":"https:\/\/snupden-fsu.fr\/index.php\/wp-json\/wp\/v2\/posts"}],"about":[{"href":"https:\/\/snupden-fsu.fr\/index.php\/wp-json\/wp\/v2\/types\/post"}],"author":[{"embeddable":true,"href":"https:\/\/snupden-fsu.fr\/index.php\/wp-json\/wp\/v2\/users\/4"}],"replies":[{"embeddable":true,"href":"https:\/\/snupden-fsu.fr\/index.php\/wp-json\/wp\/v2\/comments?post=4373"}],"version-history":[{"count":5,"href":"https:\/\/snupden-fsu.fr\/index.php\/wp-json\/wp\/v2\/posts\/4373\/revisions"}],"predecessor-version":[{"id":4383,"href":"https:\/\/snupden-fsu.fr\/index.php\/wp-json\/wp\/v2\/posts\/4373\/revisions\/4383"}],"wp:attachment":[{"href":"https:\/\/snupden-fsu.fr\/index.php\/wp-json\/wp\/v2\/media?parent=4373"}],"wp:term":[{"taxonomy":"category","embeddable":true,"href":"https:\/\/snupden-fsu.fr\/index.php\/wp-json\/wp\/v2\/categories?post=4373"},{"taxonomy":"post_tag","embeddable":true,"href":"https:\/\/snupden-fsu.fr\/index.php\/wp-json\/wp\/v2\/tags?post=4373"}],"curies":[{"name":"wp","href":"https:\/\/api.w.org\/{rel}","templated":true}]}}