{"id":4260,"date":"2024-01-09T19:16:00","date_gmt":"2024-01-09T18:16:00","guid":{"rendered":"http:\/\/snupden-fsu.fr\/?p=4260"},"modified":"2025-11-18T15:04:59","modified_gmt":"2025-11-18T14:04:59","slug":"declaration-reunion-des-cadres-lille-mardi-9-janvier-2024","status":"publish","type":"post","link":"https:\/\/snupden-fsu.fr\/index.php\/2024\/01\/09\/declaration-reunion-des-cadres-lille-mardi-9-janvier-2024\/","title":{"rendered":"D\u00e9claration r\u00e9union des cadres &#8211; Lille &#8211; Mardi 9 janvier 2024"},"content":{"rendered":"\n<p><\/p>\n\n\n\n<p><strong>D\u00e9claration r\u00e9union de rentr\u00e9e des cadres \u2013 9 janvier 2024<\/strong> (\u00e0 10 h, avant l&rsquo;annonce que notre ministre devenait PM)<\/p>\n\n\n\n<p>Madame le Recteur, Monsieur le DASEN, Mesdames et Messieurs en vos grades et qualit\u00e9s, cher-e-s coll\u00e8gues. <br><\/p>\n\n\n\n<p>Tout d\u2019abord, nous vous pr\u00e9sentons tous nos v\u0153ux personnels et professionnels pour cette ann\u00e9e 2024 qui d\u00e9bute sur les chapeaux de roue.<\/p>\n\n\n\n<p>En effet, d\u2019apr\u00e8s votre circulaire de rentr\u00e9e, nous devrions vous renvoyer les TRM pour le 9 f\u00e9vrier, alors que les dotations ne seront pas transmises officiellement avant le 19 ou 22 janvier.<\/p>\n\n\n\n<p>Si les instances se tiennent aux dates pr\u00e9vues \u2026<br><\/p>\n\n\n\n<p>Mais avec 40 suppressions de postes dans le 2nd degr\u00e9 dans l\u2019acad\u00e9mie, une r\u00e9forme tr\u00e8s contest\u00e9e des lyc\u00e9es professionnels, aucune cr\u00e9ation de poste de CPE et d\u2019AED, une absence de dialogue social au niveau national, la suppression de fait de la formation continue, sans compter les probables annonces pr\u00e9vues en janvier, il n\u2019est pas besoin d\u2019\u00eatre devin pour pr\u00e9voir que les CSA et CSAD seront report\u00e9s. <br><\/p>\n\n\n\n<p>Une nouvelle ann\u00e9e d\u00e9bute donc, avec cependant <strong>l\u2019impression d\u2019un formidable bond en arri\u00e8re, <\/strong>puisque parmi les nombreuses annonces faites ces derni\u00e8res semaines, nous avons appris que le redoublement, ainsi que les groupes de niveaux, pourraient \u00eatre r\u00e9tablis. <br>Autant de dispositifs qui n\u2019ont pas fait leurs preuves dans le pass\u00e9, et qui seraient pourtant r\u00e9introduits malgr\u00e9 la quasi-unanimit\u00e9 des travaux des chercheurs sur la question.<br>J\u2019utilise le conditionnel, dans la mesure o\u00f9 les infos passent toujours par les m\u00e9dias et que nous attendons toujours les textes officiels. <\/p>\n\n\n\n<p><br>Pratique pour travailler alors que les d\u00e9lais sont tr\u00e8s contraints et que nous avons de nombreuses incertitudes sur la mise en oeuvre des annonces minist\u00e9rielles et pr\u00e9sidentielles. <br><\/p>\n\n\n\n<p>Pratique \u00e9galement \u2013 pour ne pas dire autre chose &#8211; pour <strong>les chefs d\u2019\u00e9tablissement et les inspecteurs qui sont en premi\u00e8re ligne dans les coll\u00e8ges et les lyc\u00e9es et qui vont devoir sortir les rames pour d\u00e9fendre en salle des professeurs le contraire de ce qu\u2019ils devaient d\u00e9fendre jusque-l\u00e0<\/strong>. Exit donc les comp\u00e9tences, retour aux notes. Comment \u00eatre cr\u00e9dibles dans ces conditions ? Qu\u2019en est-il de l\u2019autonomie des \u00e9tablissements ? Qu\u2019en est-il de notre autonomie \u00e0 nous, cadres A devenus des ex\u00e9cutants charg\u00e9s d\u2019appliquer la doxa du moment ? <\/p>\n\n\n\n<p><br>On savait que chaque nouveau ministre de l\u2019EN arrivait avec sa r\u00e9forme. Mais avec Gabriel Attal, nous entrons dans une nouvelle dimension, celle du mouvement perp\u00e9tuel, avec l\u2019impression que ce pourtant jeune et d\u00e9j\u00e0 ex-ministre est nostalgique d\u2019un \u00e2ge d\u2019or qui n\u2019a en r\u00e9alit\u00e9 jamais exist\u00e9.<\/p>\n\n\n\n<p><strong><br>La cr\u00e9dibilit\u00e9 des PERDIR passe par ce qu\u2019ils ont \u00e0 d\u00e9fendre en salle des professeurs, mais aussi par leur statut et \u2026 leur r\u00e9mun\u00e9ration. <br>Nous sommes nombreux \u00e0 \u00eatre bloqu\u00e9s au dernier \u00e9chelon de la classe normale, certains d\u2019entre nous feront toute leur carri\u00e8re de PERDIR au 10\u00e8me \u00e9chelon, l\u2019indice 830, ce qui correspond au 11\u00e8me \u00e9chelon des agr\u00e9g\u00e9s et au 7\u00e8me \u00e9chelon de la HC pour les certifi\u00e9s. <br>Comment expliquez-vous les taux de passage \u00e0 la hors-classe si faibles par rapport aux enseignants et \u00e0 nos coll\u00e8gues inspecteurs ? <br>Comment expliquez-vous que la seule revalorisation que nous ayons eue l\u2019an dernier soit non seulement inf\u00e9rieure \u00e0 n\u2019importe quelle prime pacte d\u2019un enseignant, mais aussi qu\u2019elle soit annonc\u00e9e en brut, alors que celle des professeurs l\u2019est en net, accentuant encore plus la diff\u00e9rence de traitement ? Comment expliquez-vous qu\u2019elle ne soit pas vers\u00e9e aux FF, aux stagiaires et aux n\u00e9o-titulaires ? <br>Comment expliquez-vous que les seules perspectives qui nous sont pr\u00e9sent\u00e9es soient des primes dont nous ne profiterons pas ou si peu au moment de la retraite ? Retraite dont le montant sera lui aussi inf\u00e9rieur \u00e0 bon nombre de celui des enseignants avec la g\u00e9n\u00e9ralisation de la hors-classe et maintenant de la classe exceptionnelle pour eux.<\/strong><\/p>\n\n\n\n<p><br>Il est \u00e9galement temps que soit mis en place un bar\u00e8me national pour l\u2019attribution des promotions et des mutations afin que dor\u00e9navant toutes ces op\u00e9rations se fassent en toute transparence, sur des crit\u00e8res objectifs, et que cessent le fait du prince et les in\u00e9galit\u00e9s entre d\u00e9partements et acad\u00e9mies. <\/p>\n\n\n\n<p><br><strong>Demain, 10 janvier, a lieu l\u2019\u00e9preuve d\u2019admissibilit\u00e9 pour le recrutement des futurs PERDIR. <\/strong><br>En 2019, il y avait 4440 inscrits et 3368 pr\u00e9sents<br>En 2023, ils n\u2019\u00e9taient plus que 3390 inscrits et 2635 pr\u00e9sents, pour le m\u00eame nombre de postes, soit une baisse de 21.76 % chez les pr\u00e9sents. Combien seront-ils demain ? <br><strong>Comment convaincre des personnels de passer le concours quand on voit l\u2019\u00e9volution r\u00e9cente de nos conditions de travail, la lourdeur des t\u00e2ches confi\u00e9es, le stress, et la faiblesse de nos r\u00e9mun\u00e9rations par rapport aux responsabilit\u00e9s et \u00e0 l\u2019engagement qui sont les n\u00f4tres ? <\/strong><br><strong>Combien faudra-t-il de d\u00e9missions, de burn-outs, de reconversions pour qu\u2019enfin la parole des PERDIR soit entendue ? <\/strong><\/p>\n\n\n\n<p><br>Enfin, et parce qu\u2019ils n\u2019ont pas souvent la possibilit\u00e9 de s\u2019exprimer, permettez-nous aussi de nous faire le relais de nos collaborateurs les plus proches,<strong> les secr\u00e9taires de direction<\/strong>, qui montent en comp\u00e9tences \u00e0 nos c\u00f4t\u00e9s, au fur et \u00e0 mesure de la mont\u00e9e des exigences qui nous sont faites.<strong> Il est grand temps de les faire tous et toutes passer en cat\u00e9gorie B, et de revaloriser ceux et celles qui ne comptent pas leurs heures au service des \u00e9l\u00e8ves. <\/strong><br><\/p>\n\n\n\n<p><\/p>\n","protected":false},"excerpt":{"rendered":"<div class=\"mh-excerpt\"><p>D\u00e9claration r\u00e9union de rentr\u00e9e des cadres \u2013 9 janvier 2024 (\u00e0 10 h, avant l&rsquo;annonce que notre ministre devenait PM) Madame le Recteur, Monsieur le DASEN, Mesdames et Messieurs en <a class=\"mh-excerpt-more\" href=\"https:\/\/snupden-fsu.fr\/index.php\/2024\/01\/09\/declaration-reunion-des-cadres-lille-mardi-9-janvier-2024\/\" title=\"D\u00e9claration r\u00e9union des cadres &#8211; Lille &#8211; Mardi 9 janvier 2024\">[&#8230;]<\/a><\/p>\n<\/div>","protected":false},"author":15,"featured_media":0,"comment_status":"closed","ping_status":"closed","sticky":false,"template":"","format":"standard","meta":{"_bbp_topic_count":0,"_bbp_reply_count":0,"_bbp_total_topic_count":0,"_bbp_total_reply_count":0,"_bbp_voice_count":0,"_bbp_anonymous_reply_count":0,"_bbp_topic_count_hidden":0,"_bbp_reply_count_hidden":0,"_bbp_forum_subforum_count":0,"_exactmetrics_skip_tracking":false,"_exactmetrics_sitenote_active":false,"_exactmetrics_sitenote_note":"","_exactmetrics_sitenote_category":0,"footnotes":""},"categories":[283,10,101,16],"tags":[],"class_list":["post-4260","post","type-post","status-publish","format-standard","hentry","category-action","category-actualites","category-communique","category-lille"],"yoast_head":"<!-- This site is optimized with the Yoast SEO plugin v18.5.1 - https:\/\/yoast.com\/wordpress\/plugins\/seo\/ -->\n<title>D\u00e9claration r\u00e9union des cadres - Lille - Mardi 9 janvier 2024 -<\/title>\n<meta name=\"robots\" content=\"index, follow, max-snippet:-1, max-image-preview:large, max-video-preview:-1\" \/>\n<link rel=\"canonical\" href=\"https:\/\/snupden-fsu.fr\/index.php\/2024\/01\/09\/declaration-reunion-des-cadres-lille-mardi-9-janvier-2024\/\" \/>\n<meta property=\"og:locale\" content=\"fr_FR\" \/>\n<meta property=\"og:type\" content=\"article\" \/>\n<meta property=\"og:title\" content=\"D\u00e9claration r\u00e9union des cadres - Lille - Mardi 9 janvier 2024 -\" \/>\n<meta property=\"og:description\" content=\"D\u00e9claration r\u00e9union de rentr\u00e9e des cadres \u2013 9 janvier 2024 (\u00e0 10 h, avant l&rsquo;annonce que notre ministre devenait PM) Madame le Recteur, Monsieur le DASEN, Mesdames et Messieurs en [...]\" \/>\n<meta property=\"og:url\" content=\"https:\/\/snupden-fsu.fr\/index.php\/2024\/01\/09\/declaration-reunion-des-cadres-lille-mardi-9-janvier-2024\/\" \/>\n<meta property=\"article:published_time\" content=\"2024-01-09T18:16:00+00:00\" \/>\n<meta property=\"article:modified_time\" content=\"2025-11-18T14:04:59+00:00\" \/>\n<meta name=\"twitter:card\" content=\"summary_large_image\" \/>\n<meta name=\"twitter:label1\" content=\"\u00c9crit par\" \/>\n\t<meta name=\"twitter:data1\" content=\"karine Boulonne\" \/>\n\t<meta name=\"twitter:label2\" content=\"Dur\u00e9e de lecture estim\u00e9e\" \/>\n\t<meta name=\"twitter:data2\" content=\"5 minutes\" \/>\n<script type=\"application\/ld+json\" class=\"yoast-schema-graph\">{\"@context\":\"https:\/\/schema.org\",\"@graph\":[{\"@type\":\"Organization\",\"@id\":\"https:\/\/snupden-fsu.fr\/#organization\",\"name\":\"snU.Pden-FSU\",\"url\":\"https:\/\/snupden-fsu.fr\/\",\"sameAs\":[],\"logo\":{\"@type\":\"ImageObject\",\"@id\":\"https:\/\/snupden-fsu.fr\/#logo\",\"inLanguage\":\"fr-FR\",\"url\":\"http:\/\/snupden-fsu.fr\/wp-content\/uploads\/2018\/03\/logo_snupden-3.jpg\",\"contentUrl\":\"http:\/\/snupden-fsu.fr\/wp-content\/uploads\/2018\/03\/logo_snupden-3.jpg\",\"width\":612,\"height\":183,\"caption\":\"snU.Pden-FSU\"},\"image\":{\"@id\":\"https:\/\/snupden-fsu.fr\/#logo\"}},{\"@type\":\"WebSite\",\"@id\":\"https:\/\/snupden-fsu.fr\/#website\",\"url\":\"https:\/\/snupden-fsu.fr\/\",\"name\":\"snU.pden-FSU\",\"description\":\"Le snU.pden-FSU devient FSU Per Dir\",\"publisher\":{\"@id\":\"https:\/\/snupden-fsu.fr\/#organization\"},\"potentialAction\":[{\"@type\":\"SearchAction\",\"target\":{\"@type\":\"EntryPoint\",\"urlTemplate\":\"https:\/\/snupden-fsu.fr\/?s={search_term_string}\"},\"query-input\":\"required name=search_term_string\"}],\"inLanguage\":\"fr-FR\"},{\"@type\":\"WebPage\",\"@id\":\"https:\/\/snupden-fsu.fr\/index.php\/2024\/01\/09\/declaration-reunion-des-cadres-lille-mardi-9-janvier-2024\/#webpage\",\"url\":\"https:\/\/snupden-fsu.fr\/index.php\/2024\/01\/09\/declaration-reunion-des-cadres-lille-mardi-9-janvier-2024\/\",\"name\":\"D\u00e9claration r\u00e9union des cadres - Lille - Mardi 9 janvier 2024 -\",\"isPartOf\":{\"@id\":\"https:\/\/snupden-fsu.fr\/#website\"},\"datePublished\":\"2024-01-09T18:16:00+00:00\",\"dateModified\":\"2025-11-18T14:04:59+00:00\",\"breadcrumb\":{\"@id\":\"https:\/\/snupden-fsu.fr\/index.php\/2024\/01\/09\/declaration-reunion-des-cadres-lille-mardi-9-janvier-2024\/#breadcrumb\"},\"inLanguage\":\"fr-FR\",\"potentialAction\":[{\"@type\":\"ReadAction\",\"target\":[\"https:\/\/snupden-fsu.fr\/index.php\/2024\/01\/09\/declaration-reunion-des-cadres-lille-mardi-9-janvier-2024\/\"]}]},{\"@type\":\"BreadcrumbList\",\"@id\":\"https:\/\/snupden-fsu.fr\/index.php\/2024\/01\/09\/declaration-reunion-des-cadres-lille-mardi-9-janvier-2024\/#breadcrumb\",\"itemListElement\":[{\"@type\":\"ListItem\",\"position\":1,\"name\":\"Accueil\",\"item\":\"https:\/\/snupden-fsu.fr\/\"},{\"@type\":\"ListItem\",\"position\":2,\"name\":\"D\u00e9claration r\u00e9union des cadres &#8211; Lille &#8211; Mardi 9 janvier 2024\"}]},{\"@type\":\"Article\",\"@id\":\"https:\/\/snupden-fsu.fr\/index.php\/2024\/01\/09\/declaration-reunion-des-cadres-lille-mardi-9-janvier-2024\/#article\",\"isPartOf\":{\"@id\":\"https:\/\/snupden-fsu.fr\/index.php\/2024\/01\/09\/declaration-reunion-des-cadres-lille-mardi-9-janvier-2024\/#webpage\"},\"author\":{\"@id\":\"https:\/\/snupden-fsu.fr\/#\/schema\/person\/777f7add80b9fa99492bfdbe523e2309\"},\"headline\":\"D\u00e9claration r\u00e9union des cadres &#8211; Lille &#8211; Mardi 9 janvier 2024\",\"datePublished\":\"2024-01-09T18:16:00+00:00\",\"dateModified\":\"2025-11-18T14:04:59+00:00\",\"mainEntityOfPage\":{\"@id\":\"https:\/\/snupden-fsu.fr\/index.php\/2024\/01\/09\/declaration-reunion-des-cadres-lille-mardi-9-janvier-2024\/#webpage\"},\"wordCount\":960,\"publisher\":{\"@id\":\"https:\/\/snupden-fsu.fr\/#organization\"},\"articleSection\":[\"Action\",\"Actualit\u00e9s\",\"Communiqu\u00e9s\",\"Lille\"],\"inLanguage\":\"fr-FR\"},{\"@type\":\"Person\",\"@id\":\"https:\/\/snupden-fsu.fr\/#\/schema\/person\/777f7add80b9fa99492bfdbe523e2309\",\"name\":\"karine Boulonne\",\"image\":{\"@type\":\"ImageObject\",\"@id\":\"https:\/\/snupden-fsu.fr\/#personlogo\",\"inLanguage\":\"fr-FR\",\"url\":\"https:\/\/secure.gravatar.com\/avatar\/dc9ff3627acad929c5e6c93762e5774b8344e2046d56a417ffa8be25ce6bcfd4?s=96&d=mm&r=g\",\"contentUrl\":\"https:\/\/secure.gravatar.com\/avatar\/dc9ff3627acad929c5e6c93762e5774b8344e2046d56a417ffa8be25ce6bcfd4?s=96&d=mm&r=g\",\"caption\":\"karine Boulonne\"},\"url\":\"https:\/\/snupden-fsu.fr\/index.php\/author\/karine\/\"}]}<\/script>\n<!-- \/ Yoast SEO plugin. -->","yoast_head_json":{"title":"D\u00e9claration r\u00e9union des cadres - Lille - Mardi 9 janvier 2024 -","robots":{"index":"index","follow":"follow","max-snippet":"max-snippet:-1","max-image-preview":"max-image-preview:large","max-video-preview":"max-video-preview:-1"},"canonical":"https:\/\/snupden-fsu.fr\/index.php\/2024\/01\/09\/declaration-reunion-des-cadres-lille-mardi-9-janvier-2024\/","og_locale":"fr_FR","og_type":"article","og_title":"D\u00e9claration r\u00e9union des cadres - Lille - Mardi 9 janvier 2024 -","og_description":"D\u00e9claration r\u00e9union de rentr\u00e9e des cadres \u2013 9 janvier 2024 (\u00e0 10 h, avant l&rsquo;annonce que notre ministre devenait PM) Madame le Recteur, Monsieur le DASEN, Mesdames et Messieurs en [...]","og_url":"https:\/\/snupden-fsu.fr\/index.php\/2024\/01\/09\/declaration-reunion-des-cadres-lille-mardi-9-janvier-2024\/","article_published_time":"2024-01-09T18:16:00+00:00","article_modified_time":"2025-11-18T14:04:59+00:00","twitter_card":"summary_large_image","twitter_misc":{"\u00c9crit par":"karine Boulonne","Dur\u00e9e de lecture estim\u00e9e":"5 minutes"},"schema":{"@context":"https:\/\/schema.org","@graph":[{"@type":"Organization","@id":"https:\/\/snupden-fsu.fr\/#organization","name":"snU.Pden-FSU","url":"https:\/\/snupden-fsu.fr\/","sameAs":[],"logo":{"@type":"ImageObject","@id":"https:\/\/snupden-fsu.fr\/#logo","inLanguage":"fr-FR","url":"http:\/\/snupden-fsu.fr\/wp-content\/uploads\/2018\/03\/logo_snupden-3.jpg","contentUrl":"http:\/\/snupden-fsu.fr\/wp-content\/uploads\/2018\/03\/logo_snupden-3.jpg","width":612,"height":183,"caption":"snU.Pden-FSU"},"image":{"@id":"https:\/\/snupden-fsu.fr\/#logo"}},{"@type":"WebSite","@id":"https:\/\/snupden-fsu.fr\/#website","url":"https:\/\/snupden-fsu.fr\/","name":"snU.pden-FSU","description":"Le snU.pden-FSU devient FSU Per Dir","publisher":{"@id":"https:\/\/snupden-fsu.fr\/#organization"},"potentialAction":[{"@type":"SearchAction","target":{"@type":"EntryPoint","urlTemplate":"https:\/\/snupden-fsu.fr\/?s={search_term_string}"},"query-input":"required name=search_term_string"}],"inLanguage":"fr-FR"},{"@type":"WebPage","@id":"https:\/\/snupden-fsu.fr\/index.php\/2024\/01\/09\/declaration-reunion-des-cadres-lille-mardi-9-janvier-2024\/#webpage","url":"https:\/\/snupden-fsu.fr\/index.php\/2024\/01\/09\/declaration-reunion-des-cadres-lille-mardi-9-janvier-2024\/","name":"D\u00e9claration r\u00e9union des cadres - Lille - Mardi 9 janvier 2024 -","isPartOf":{"@id":"https:\/\/snupden-fsu.fr\/#website"},"datePublished":"2024-01-09T18:16:00+00:00","dateModified":"2025-11-18T14:04:59+00:00","breadcrumb":{"@id":"https:\/\/snupden-fsu.fr\/index.php\/2024\/01\/09\/declaration-reunion-des-cadres-lille-mardi-9-janvier-2024\/#breadcrumb"},"inLanguage":"fr-FR","potentialAction":[{"@type":"ReadAction","target":["https:\/\/snupden-fsu.fr\/index.php\/2024\/01\/09\/declaration-reunion-des-cadres-lille-mardi-9-janvier-2024\/"]}]},{"@type":"BreadcrumbList","@id":"https:\/\/snupden-fsu.fr\/index.php\/2024\/01\/09\/declaration-reunion-des-cadres-lille-mardi-9-janvier-2024\/#breadcrumb","itemListElement":[{"@type":"ListItem","position":1,"name":"Accueil","item":"https:\/\/snupden-fsu.fr\/"},{"@type":"ListItem","position":2,"name":"D\u00e9claration r\u00e9union des cadres &#8211; Lille &#8211; Mardi 9 janvier 2024"}]},{"@type":"Article","@id":"https:\/\/snupden-fsu.fr\/index.php\/2024\/01\/09\/declaration-reunion-des-cadres-lille-mardi-9-janvier-2024\/#article","isPartOf":{"@id":"https:\/\/snupden-fsu.fr\/index.php\/2024\/01\/09\/declaration-reunion-des-cadres-lille-mardi-9-janvier-2024\/#webpage"},"author":{"@id":"https:\/\/snupden-fsu.fr\/#\/schema\/person\/777f7add80b9fa99492bfdbe523e2309"},"headline":"D\u00e9claration r\u00e9union des cadres &#8211; Lille &#8211; Mardi 9 janvier 2024","datePublished":"2024-01-09T18:16:00+00:00","dateModified":"2025-11-18T14:04:59+00:00","mainEntityOfPage":{"@id":"https:\/\/snupden-fsu.fr\/index.php\/2024\/01\/09\/declaration-reunion-des-cadres-lille-mardi-9-janvier-2024\/#webpage"},"wordCount":960,"publisher":{"@id":"https:\/\/snupden-fsu.fr\/#organization"},"articleSection":["Action","Actualit\u00e9s","Communiqu\u00e9s","Lille"],"inLanguage":"fr-FR"},{"@type":"Person","@id":"https:\/\/snupden-fsu.fr\/#\/schema\/person\/777f7add80b9fa99492bfdbe523e2309","name":"karine Boulonne","image":{"@type":"ImageObject","@id":"https:\/\/snupden-fsu.fr\/#personlogo","inLanguage":"fr-FR","url":"https:\/\/secure.gravatar.com\/avatar\/dc9ff3627acad929c5e6c93762e5774b8344e2046d56a417ffa8be25ce6bcfd4?s=96&d=mm&r=g","contentUrl":"https:\/\/secure.gravatar.com\/avatar\/dc9ff3627acad929c5e6c93762e5774b8344e2046d56a417ffa8be25ce6bcfd4?s=96&d=mm&r=g","caption":"karine Boulonne"},"url":"https:\/\/snupden-fsu.fr\/index.php\/author\/karine\/"}]}},"_links":{"self":[{"href":"https:\/\/snupden-fsu.fr\/index.php\/wp-json\/wp\/v2\/posts\/4260","targetHints":{"allow":["GET"]}}],"collection":[{"href":"https:\/\/snupden-fsu.fr\/index.php\/wp-json\/wp\/v2\/posts"}],"about":[{"href":"https:\/\/snupden-fsu.fr\/index.php\/wp-json\/wp\/v2\/types\/post"}],"author":[{"embeddable":true,"href":"https:\/\/snupden-fsu.fr\/index.php\/wp-json\/wp\/v2\/users\/15"}],"replies":[{"embeddable":true,"href":"https:\/\/snupden-fsu.fr\/index.php\/wp-json\/wp\/v2\/comments?post=4260"}],"version-history":[{"count":4,"href":"https:\/\/snupden-fsu.fr\/index.php\/wp-json\/wp\/v2\/posts\/4260\/revisions"}],"predecessor-version":[{"id":4265,"href":"https:\/\/snupden-fsu.fr\/index.php\/wp-json\/wp\/v2\/posts\/4260\/revisions\/4265"}],"wp:attachment":[{"href":"https:\/\/snupden-fsu.fr\/index.php\/wp-json\/wp\/v2\/media?parent=4260"}],"wp:term":[{"taxonomy":"category","embeddable":true,"href":"https:\/\/snupden-fsu.fr\/index.php\/wp-json\/wp\/v2\/categories?post=4260"},{"taxonomy":"post_tag","embeddable":true,"href":"https:\/\/snupden-fsu.fr\/index.php\/wp-json\/wp\/v2\/tags?post=4260"}],"curies":[{"name":"wp","href":"https:\/\/api.w.org\/{rel}","templated":true}]}}