{"id":4189,"date":"2023-10-11T15:42:18","date_gmt":"2023-10-11T13:42:18","guid":{"rendered":"http:\/\/snupden-fsu.fr\/?p=4189"},"modified":"2023-10-11T16:11:03","modified_gmt":"2023-10-11T14:11:03","slug":"le-vendredi-13-octobre-la-fonction-publique-mobilisee-contre-lausterite-pour-les-salaires-et-legalite-professionnelle-femmes-hommes","status":"publish","type":"post","link":"https:\/\/snupden-fsu.fr\/index.php\/2023\/10\/11\/le-vendredi-13-octobre-la-fonction-publique-mobilisee-contre-lausterite-pour-les-salaires-et-legalite-professionnelle-femmes-hommes\/","title":{"rendered":"Le vendredi 13 octobre : La fonction publique mobilis\u00e9e contre l\u2019aust\u00e9rit\u00e9, pour les salaires et l\u2019\u00e9galit\u00e9 professionnelle femmes-hommes"},"content":{"rendered":"\n<p>Les organisations syndicales de la fonction publique appellent tous les personnels \u00e0 rejoindre les manifestations du 13 octobre qui seront organis\u00e9es sur l\u2019ensemble du territoire dans le cadre de la premi\u00e8re mobilisation syndicale europ\u00e9enne contre l\u2019aust\u00e9rit\u00e9, pour les salaires et l\u2019\u00e9galit\u00e9 professionnelle femmes-hommes, et r\u00e9affirmer notre opposition \u00e0 la r\u00e9forme 2023 des retraites.<\/p>\n\n\n\n<p>Apr\u00e8s le mouvement social historique contre la r\u00e9forme des retraites que l\u2019intersyndicale interprofessionnelle continue de d\u00e9noncer, les organisations syndicales de la fonction publique soulignent la n\u00e9cessit\u00e9 de sortir des politiques d\u2019aust\u00e9rit\u00e9 qui d\u00e9gradent les moyens de la fonction publique pour remplir ses missions et la situation des agent\u22c5es.<\/p>\n\n\n\n<p>Avec l\u2019intersyndicale interprofessionnelle, nous affirmons que les d\u00e9penses publiques pour la fonction publique et ses personnels sont des investissements pour notre soci\u00e9t\u00e9 et la population. Les services publics sont une richesse pour toutes et tous.<\/p>\n\n\n\n<p>Les carri\u00e8res et les r\u00e9mun\u00e9rations des agent\u22c5es publics sont d\u00e9valoris\u00e9es au point de faire de l\u2019attractivit\u00e9 de la fonction publique un sujet d\u2019urgence qui engage la qualit\u00e9 du service public au profit de tou\u22c5tes les citoyen\u22c5nes et porte atteinte \u00e0 notre mod\u00e8le social.<\/p>\n\n\n\n<p>Depuis des ann\u00e9es maintenant, les r\u00e9mun\u00e9rations sont d\u00e9valoris\u00e9es du fait de l\u2019absence d\u2019une politique salariale \u00e0 la hauteur des enjeux&nbsp;: \u00e9crasement des grilles de r\u00e9mun\u00e9ration, longues p\u00e9riodes de gel de la valeur du point d\u2019indice et insuffisance des mesures ponctuelles de sa revalorisation au regard de l\u2019\u00e9volution du co\u00fbt de la vie. Et le d\u00e9veloppement et l\u2019augmentation de la part des primes individualis\u00e9es dans la r\u00e9mun\u00e9ration des agent-es publics aggrave les in\u00e9galit\u00e9s salariales entre les femmes et les hommes.<\/p>\n\n\n\n<p>Le ministre en charge de la fonction publique, Stanislas Gu\u00e9rini, vient d\u2019annoncer aux organisations syndicales un futur projet de loi dont l\u2019objet et les contours ne sont pas encore pr\u00e9cis\u00e9ment avanc\u00e9s. Toutefois, il inscrit en m\u00eame temps dans la discussion la possibilit\u00e9 de nouvelles remises en cause des garanties collectives consacr\u00e9es par le statut g\u00e9n\u00e9ral en mati\u00e8re de r\u00e9mun\u00e9ration et de d\u00e9roulements de carri\u00e8re par l\u2019introduction d\u2019\u00e9l\u00e9ments d\u2019individualisation et de diff\u00e9renciation entre employeurs publics ou en fonction des affectations.<\/p>\n\n\n\n<p>Pour les organisations syndicales de la fonction publique, il est au contraire urgent que soient prises des mesures g\u00e9n\u00e9rales d\u2019augmentation des r\u00e9mun\u00e9rations de toutes et tous.<\/p>\n\n\n\n<p>Pour toutes ces raisons, les organisations syndicales de la fonction publique appellent les personnels \u00e0 se joindre massivement aux diff\u00e9rentes actions, rassemblements, manifestations, d\u00e9brayages et gr\u00e8ves organis\u00e9es lors de la journ\u00e9e de mobilisation europ\u00e9enne du 13 octobre.<\/p>\n\n\n\n<p class=\"has-text-align-right\"><strong>La FSU<\/strong><\/p>\n\n\n\n<p class=\"has-text-align-right\"><strong>Bagnolet, le 28 septembre 2023<\/strong><\/p>\n","protected":false},"excerpt":{"rendered":"<div class=\"mh-excerpt\"><p>Les organisations syndicales de la fonction publique appellent tous les personnels \u00e0 rejoindre les manifestations du 13 octobre qui seront organis\u00e9es sur l\u2019ensemble du territoire dans le cadre de la <a class=\"mh-excerpt-more\" href=\"https:\/\/snupden-fsu.fr\/index.php\/2023\/10\/11\/le-vendredi-13-octobre-la-fonction-publique-mobilisee-contre-lausterite-pour-les-salaires-et-legalite-professionnelle-femmes-hommes\/\" title=\"Le vendredi 13 octobre : La fonction publique mobilis\u00e9e contre l\u2019aust\u00e9rit\u00e9, pour les salaires et l\u2019\u00e9galit\u00e9 professionnelle femmes-hommes\">[&#8230;]<\/a><\/p>\n<\/div>","protected":false},"author":9,"featured_media":0,"comment_status":"closed","ping_status":"closed","sticky":false,"template":"","format":"standard","meta":{"footnotes":""},"categories":[10,101],"tags":[],"class_list":["post-4189","post","type-post","status-publish","format-standard","hentry","category-actualites","category-communique"],"_links":{"self":[{"href":"https:\/\/snupden-fsu.fr\/index.php\/wp-json\/wp\/v2\/posts\/4189","targetHints":{"allow":["GET"]}}],"collection":[{"href":"https:\/\/snupden-fsu.fr\/index.php\/wp-json\/wp\/v2\/posts"}],"about":[{"href":"https:\/\/snupden-fsu.fr\/index.php\/wp-json\/wp\/v2\/types\/post"}],"author":[{"embeddable":true,"href":"https:\/\/snupden-fsu.fr\/index.php\/wp-json\/wp\/v2\/users\/9"}],"replies":[{"embeddable":true,"href":"https:\/\/snupden-fsu.fr\/index.php\/wp-json\/wp\/v2\/comments?post=4189"}],"version-history":[{"count":1,"href":"https:\/\/snupden-fsu.fr\/index.php\/wp-json\/wp\/v2\/posts\/4189\/revisions"}],"predecessor-version":[{"id":4190,"href":"https:\/\/snupden-fsu.fr\/index.php\/wp-json\/wp\/v2\/posts\/4189\/revisions\/4190"}],"wp:attachment":[{"href":"https:\/\/snupden-fsu.fr\/index.php\/wp-json\/wp\/v2\/media?parent=4189"}],"wp:term":[{"taxonomy":"category","embeddable":true,"href":"https:\/\/snupden-fsu.fr\/index.php\/wp-json\/wp\/v2\/categories?post=4189"},{"taxonomy":"post_tag","embeddable":true,"href":"https:\/\/snupden-fsu.fr\/index.php\/wp-json\/wp\/v2\/tags?post=4189"}],"curies":[{"name":"wp","href":"https:\/\/api.w.org\/{rel}","templated":true}]}}