{"id":4027,"date":"2023-06-12T21:33:50","date_gmt":"2023-06-12T19:33:50","guid":{"rendered":"http:\/\/snupden-fsu.fr\/?p=4027"},"modified":"2025-11-18T15:04:59","modified_gmt":"2025-11-18T14:04:59","slug":"le-harcelement-scolaire-une-question-importante-qui-merite-mieux-quune-operation-de-communication-ministerielle","status":"publish","type":"post","link":"https:\/\/snupden-fsu.fr\/index.php\/2023\/06\/12\/le-harcelement-scolaire-une-question-importante-qui-merite-mieux-quune-operation-de-communication-ministerielle\/","title":{"rendered":"Le harc\u00e8lement scolaire : une question importante qui m\u00e9rite mieux qu\u2019une op\u00e9ration de communication minist\u00e9rielle"},"content":{"rendered":"\n<p>La communication de notre Ministre nous demandant d\u2019organiser une heure de sensibilisation contre le cyberharc\u00e8lement cette semaine, l\u2019instruction arrivant dans les \u00e9tablissements vendredi 9 juin apr\u00e8s-midi, est une nouvelle fois inadmissible et improductive.<\/p>\n\n\n\n<p>La douleur de la famille de Lindsay, par suite du suicide de leur enfant de 13 ans, harcel\u00e9e sur les r\u00e9seaux sociaux est immense. Chacun est touch\u00e9 par ce drame. Les actes de harc\u00e8lement sont odieux et la mobilisation quotidienne des \u00e9quipes \u00e9ducatives, dont les personnels de direction, pour pr\u00e9venir, alerter, r\u00e9guler et sanctionner est permanente.<\/p>\n\n\n\n<p>Cette annonce de notre Ministre est inadmissible.<\/p>\n\n\n\n<p>Inadmissible parce qu\u2019elle sous-tend que le travail de pr\u00e9vention n\u2019est pas r\u00e9alis\u00e9 dans les \u00e9tablissements.<\/p>\n\n\n\n<p>Inadmissible parce que l\u2019annonce d\u2019un r\u00e9f\u00e9rent harc\u00e8lement qui \u00ab sera pay\u00e9 pour cela \u00bb d\u00e9valorise le travail r\u00e9alis\u00e9 au quotidien par les \u00e9quipes et notamment les C.P.E.<\/p>\n\n\n\n<p>Inadmissible parce que le temps allou\u00e9 pour concevoir, planifier et r\u00e9aliser une action efficace \u00e0 l\u2019\u00e9chelle de l\u2019\u00e9tablissement ne correspond pas \u00e0 la temporalit\u00e9 de nos \u00e9tablissements, surtout en cette p\u00e9riode. Une action porteuse de sens ne peut s\u2019improviser en quelques jours pour r\u00e9pondre \u00e0 une communication minist\u00e9rielle.<\/p>\n\n\n\n<p>La lutte contre le harc\u00e8lement n\u00e9cessite une action organis\u00e9e, planifi\u00e9e, port\u00e9e par l\u2019ensemble des personnels, permettant \u00e9galement l\u2019implication des parents. C\u2019est ce que nous r\u00e9alisons dans nos \u00e9tablissements, ce que le Ministre semble m\u00e9conna\u00eetre.<\/p>\n\n\n\n<p>Nous avons besoin de personnels, C.P.E., AED, assistantes sociales, infirmi\u00e8res scolaires, en nombre suffisant dans chaque \u00e9tablissement.<\/p>\n\n\n\n<p>Nous avons besoin de relais aupr\u00e8s des partenaires ext\u00e9rieurs associatifs, \u00e9ducatifs.<\/p>\n\n\n\n<p>Nous avons besoin de travailler avec nos partenaires institutionnels que sont la police, la gendarmerie et la justice. Nous avons besoin que ces institutions soient dot\u00e9es de fonctionnaires en nombre suffisant pour \u00eatre disponible non seulement pour traiter rapidement les situations av\u00e9r\u00e9es de harc\u00e8lement, mais \u00e9galement pour nous aider dans les \u00e9tablissements, lorsque nous en avons besoin, dans le cadre des actions de pr\u00e9vention. Chaque institution doit intervenir dans son champ de comp\u00e9tence. L\u2019\u00c9ducation Nationale doit et peut intervenir lorsque un lien avec la chose scolaire est \u00e9tabli.<\/p>\n\n\n\n<p>Nous avons besoin de temps. Temps pour concevoir, organiser et animer ces s\u00e9quences de sensibilisation et de pr\u00e9vention. Les surcharges de travail des personnels de direction, des personnels enseignants et d\u2019\u00e9ducation, ne contribuent pas \u00e0 l\u2019action collective.<\/p>\n\n\n\n<p>C\u2019est pourquoi, le sn<strong><em>U<\/em><\/strong>.pden-FSU appelle tous les personnels de direction \u00e0 n\u2019organiser cette s\u00e9quence demand\u00e9e par le Ministre que dans les \u00e9tablissements dans lesquelles elle peut prendre sens dans le cadre d\u2019un dispositif plus global.<\/p>\n\n\n\n<p>Dans les autres cas, la pr\u00e9cipitation ne peut pas donner de r\u00e9sultats positifs. Le sn<strong><em>U<\/em><\/strong>.pden-FSU appelle alors \u00e0 s\u2019abstenir de toute action trop rapidement \u00e9labor\u00e9e. Une v\u00e9ritable politique de pr\u00e9vention dans nos \u00e9tablissements ne doit pas \u00eatre soumise au dictat de la communication minist\u00e9rielle.<\/p>\n\n\n\n<p>Bobigny, le 12 juin 2023<\/p>\n\n\n\n<p>Bureau national<\/p>\n","protected":false},"excerpt":{"rendered":"<div class=\"mh-excerpt\"><p>La communication de notre Ministre nous demandant d\u2019organiser une heure de sensibilisation contre le cyberharc\u00e8lement cette semaine, l\u2019instruction arrivant dans les \u00e9tablissements vendredi 9 juin apr\u00e8s-midi, est une nouvelle fois <a class=\"mh-excerpt-more\" href=\"https:\/\/snupden-fsu.fr\/index.php\/2023\/06\/12\/le-harcelement-scolaire-une-question-importante-qui-merite-mieux-quune-operation-de-communication-ministerielle\/\" title=\"Le harc\u00e8lement scolaire : une question importante qui m\u00e9rite mieux qu\u2019une op\u00e9ration de communication minist\u00e9rielle\">[&#8230;]<\/a><\/p>\n<\/div>","protected":false},"author":9,"featured_media":0,"comment_status":"closed","ping_status":"closed","sticky":false,"template":"","format":"standard","meta":{"footnotes":""},"categories":[10,101],"tags":[],"class_list":["post-4027","post","type-post","status-publish","format-standard","hentry","category-actualites","category-communique"],"_links":{"self":[{"href":"https:\/\/snupden-fsu.fr\/index.php\/wp-json\/wp\/v2\/posts\/4027","targetHints":{"allow":["GET"]}}],"collection":[{"href":"https:\/\/snupden-fsu.fr\/index.php\/wp-json\/wp\/v2\/posts"}],"about":[{"href":"https:\/\/snupden-fsu.fr\/index.php\/wp-json\/wp\/v2\/types\/post"}],"author":[{"embeddable":true,"href":"https:\/\/snupden-fsu.fr\/index.php\/wp-json\/wp\/v2\/users\/9"}],"replies":[{"embeddable":true,"href":"https:\/\/snupden-fsu.fr\/index.php\/wp-json\/wp\/v2\/comments?post=4027"}],"version-history":[{"count":2,"href":"https:\/\/snupden-fsu.fr\/index.php\/wp-json\/wp\/v2\/posts\/4027\/revisions"}],"predecessor-version":[{"id":4029,"href":"https:\/\/snupden-fsu.fr\/index.php\/wp-json\/wp\/v2\/posts\/4027\/revisions\/4029"}],"wp:attachment":[{"href":"https:\/\/snupden-fsu.fr\/index.php\/wp-json\/wp\/v2\/media?parent=4027"}],"wp:term":[{"taxonomy":"category","embeddable":true,"href":"https:\/\/snupden-fsu.fr\/index.php\/wp-json\/wp\/v2\/categories?post=4027"},{"taxonomy":"post_tag","embeddable":true,"href":"https:\/\/snupden-fsu.fr\/index.php\/wp-json\/wp\/v2\/tags?post=4027"}],"curies":[{"name":"wp","href":"https:\/\/api.w.org\/{rel}","templated":true}]}}