{"id":3997,"date":"2023-05-17T20:13:31","date_gmt":"2023-05-17T18:13:31","guid":{"rendered":"http:\/\/snupden-fsu.fr\/?p=3997"},"modified":"2023-08-24T16:35:41","modified_gmt":"2023-08-24T14:35:41","slug":"billet-dhumeur-la-casse-ca-suffit","status":"publish","type":"post","link":"https:\/\/snupden-fsu.fr\/index.php\/2023\/05\/17\/billet-dhumeur-la-casse-ca-suffit\/","title":{"rendered":"Billet d&rsquo;humeur\u00a0: la casse, \u00e7a suffit !"},"content":{"rendered":"\n<p>Apr\u00e8s EDF, apr\u00e8s la Poste, apr\u00e8s l\u2019H\u00f4pital, l\u2019Ecole ne doit pas \u00eatre livr\u00e9e aux requins du lib\u00e9ralisme. Ce bien commun, fruit de deux si\u00e8cles de construction, dont les valeurs (la la\u00efcit\u00e9 et l\u2019ind\u00e9pendance) sont garanties par les statuts de ses personnels ne doit pas \u00eatre livr\u00e9 aux dirigeants \u00e9conomiques dont les objectifs p\u00e9cuniaires et financiers n\u2019ont plus grand-chose \u00e0 voir avec les lumi\u00e8res de la R\u00e9publique et la formation \u00e9clair\u00e9e de nos \u00e9l\u00e8ves, ces futurs citoyens qui seront les d\u00e9fenseurs de la R\u00e9publique et de la d\u00e9mocratie face \u00e0 la barbarie qui menace.&nbsp;&nbsp;<\/p>\n\n\n\n<p>Le pr\u00e9sident Sarkozy pr\u00f4nait le non remplacement d\u2019un fonctionnaire sur deux&nbsp;: chacun \u00e0 sa place se demandait comment on pourrait vivre son quotidien avec seulement la moiti\u00e9 des facteurs, la moiti\u00e9 des enseignants, la moiti\u00e9 des personnels soignants\u2026 Curieusement plus aucun responsable politique en exercice actuel du pouvoir n\u2019en parle et pourtant\u2026<\/p>\n\n\n\n<p>Le pr\u00e9sident Macron, en bon filleul politique a trouv\u00e9 la parade&nbsp;par une d\u00e9-fonctionnarisation des services publics passant par une d\u00e9classification des personnels enseignants et une refonte totale de leurs missions, l\u2019apparition de nouvelles fonctions (professeurs associ\u00e9s \u2026). Il op\u00e8re \u00e9galement un rapprochement dangereux avec l\u2019enseignement priv\u00e9 sous contrat qui deviendrait la r\u00e9f\u00e9rence en terme d\u2019efficience, un mod\u00e8le dont il faudrait s\u2019inspirer.<\/p>\n\n\n\n<p>Nous ne sommes pas face \u00e0 une opposition \u00ab&nbsp;syst\u00e8me existant archa\u00efque&nbsp;\u00bb contre \u00ab&nbsp;syst\u00e8me moderne et d\u2019avenir&nbsp;\u00bb, <strong>mais<\/strong> une opposition entre une \u00e9cole qui reste dans le giron de la R\u00e9publique dans son organisation et ses personnels et une \u00e9cole \u00ab&nbsp;prestataire de services&nbsp;\u00bb avec un cahier des charges dict\u00e9 par le minist\u00e8re. Si nous n\u2019y prenons pas garde, il n\u2019y aura plus que des \u00e9tablissements sous contrat sous la hi\u00e9rarchie de l\u2019Eglise ou sous la hi\u00e9rarchie des entit\u00e9s locales (Communaut\u00e9s de Communes, Conseils d\u00e9partementaux et\/ou r\u00e9gionaux).&nbsp;<\/p>\n\n\n\n<p>Nous demandons un rattrapage salarial de l\u2019ensemble de la fonction publique par une revalorisation du point d\u2019indice, de revaloriser certaines fonctions par une r\u00e9vision des grilles indiciaires et que les montants des calculs de retraites incluent ces mesures (ce qui n\u2019est pas le cas pour tout ce qui est prime ou indemnit\u00e9) pour nous, mais aussi pour toutes les autres fonctionnaires.<\/p>\n\n\n\n<p>Bruno Baire<\/p>\n\n\n\n<p>Le 17 mai 2023<\/p>\n","protected":false},"excerpt":{"rendered":"<div class=\"mh-excerpt\"><p>Apr\u00e8s EDF, apr\u00e8s la Poste, apr\u00e8s l\u2019H\u00f4pital, l\u2019Ecole ne doit pas \u00eatre livr\u00e9e aux requins du lib\u00e9ralisme. Ce bien commun, fruit de deux si\u00e8cles de construction, dont les valeurs (la <a class=\"mh-excerpt-more\" href=\"https:\/\/snupden-fsu.fr\/index.php\/2023\/05\/17\/billet-dhumeur-la-casse-ca-suffit\/\" title=\"Billet d&rsquo;humeur\u00a0: la casse, \u00e7a suffit !\">[&#8230;]<\/a><\/p>\n<\/div>","protected":false},"author":9,"featured_media":0,"comment_status":"closed","ping_status":"closed","sticky":false,"template":"","format":"standard","meta":{"footnotes":""},"categories":[10,4,277,1],"tags":[],"class_list":["post-3997","post","type-post","status-publish","format-standard","hentry","category-actualites","category-edito","category-la-parole-au-snu-pden","category-non-classe"],"_links":{"self":[{"href":"https:\/\/snupden-fsu.fr\/index.php\/wp-json\/wp\/v2\/posts\/3997","targetHints":{"allow":["GET"]}}],"collection":[{"href":"https:\/\/snupden-fsu.fr\/index.php\/wp-json\/wp\/v2\/posts"}],"about":[{"href":"https:\/\/snupden-fsu.fr\/index.php\/wp-json\/wp\/v2\/types\/post"}],"author":[{"embeddable":true,"href":"https:\/\/snupden-fsu.fr\/index.php\/wp-json\/wp\/v2\/users\/9"}],"replies":[{"embeddable":true,"href":"https:\/\/snupden-fsu.fr\/index.php\/wp-json\/wp\/v2\/comments?post=3997"}],"version-history":[{"count":1,"href":"https:\/\/snupden-fsu.fr\/index.php\/wp-json\/wp\/v2\/posts\/3997\/revisions"}],"predecessor-version":[{"id":3998,"href":"https:\/\/snupden-fsu.fr\/index.php\/wp-json\/wp\/v2\/posts\/3997\/revisions\/3998"}],"wp:attachment":[{"href":"https:\/\/snupden-fsu.fr\/index.php\/wp-json\/wp\/v2\/media?parent=3997"}],"wp:term":[{"taxonomy":"category","embeddable":true,"href":"https:\/\/snupden-fsu.fr\/index.php\/wp-json\/wp\/v2\/categories?post=3997"},{"taxonomy":"post_tag","embeddable":true,"href":"https:\/\/snupden-fsu.fr\/index.php\/wp-json\/wp\/v2\/tags?post=3997"}],"curies":[{"name":"wp","href":"https:\/\/api.w.org\/{rel}","templated":true}]}}