{"id":3943,"date":"2023-04-05T13:24:57","date_gmt":"2023-04-05T11:24:57","guid":{"rendered":"http:\/\/snupden-fsu.fr\/?p=3943"},"modified":"2023-08-24T16:35:41","modified_gmt":"2023-08-24T14:35:41","slug":"le-snu-pden-fsu-avec-lintersyndicale-determinee-donne-rendez-vous-le-6-avril","status":"publish","type":"post","link":"https:\/\/snupden-fsu.fr\/index.php\/2023\/04\/05\/le-snu-pden-fsu-avec-lintersyndicale-determinee-donne-rendez-vous-le-6-avril\/","title":{"rendered":"Le snU.pden-FSU avec l\u2019intersyndicale d\u00e9termin\u00e9e donne rendez-vous le 6 avril"},"content":{"rendered":"\n<p>\u00c0 l\u2019appel de l\u2019intersyndicale ce sont plus de deux millions de travailleuses et travailleurs, jeunes et retrait\u00e9s qui se sont mis en gr\u00e8ve et ont manifest\u00e9 le 28 mars. Le monde du travail s\u2019est une nouvelle fois mobilis\u00e9 dans toute la France de fa\u00e7on massive et d\u00e9termin\u00e9e, pour le retrait de la r\u00e9forme des retraites. La jeunesse a encore une fois \u00e9t\u00e9 tr\u00e8s pr\u00e9sente dans les mobilisations.<\/p>\n\n\n\n<p>Apr\u00e8s deux mois d\u2019un mouvement social exemplaire et in\u00e9dit depuis 50 ans, tr\u00e8s largement soutenu par la population, et un parcours parlementaire chaotique, l\u2019absence de r\u00e9ponse de l\u2019ex\u00e9cutif conduit \u00e0 une situation de tensions dans le pays qui nous inqui\u00e8te tr\u00e8s fortement.<\/p>\n\n\n\n<p>En ne r\u00e9pondant pas \u00e0 la demande de retrait, en usant du 49.3, l\u2019ex\u00e9cutif a fait le choix d\u2019accentuer la crise d\u00e9mocratique et sociale. Pourtant, d\u00e8s le d\u00e9but, les organisations syndicales et de jeunesse avaient pr\u00e9venu l\u2019ex\u00e9cutif du risque d\u2019explosion sociale que pouvait provoquer cette r\u00e9forme injuste, injustifi\u00e9e et brutale.<\/p>\n\n\n\n<p>L\u2019intersyndicale soutient les mobilisations, manifestations, les actions intersyndicales et gr\u00e8ves qui perdurent depuis janvier. Elle appelle les millions de travailleurs et travailleuses, les jeunes et les retrait\u00e9.es \u00e0 continuer de se mobiliser.<\/p>\n\n\n\n<p>Les <strong>d\u00e9clarations du Ministre de l\u2019\u00c9ducation Nationale<\/strong> qui confirme son projet de mettre en place le \u00ab&nbsp;pacte&nbsp;\u00bb avec les enseignants, instituant une r\u00e9mun\u00e9ration \u00ab&nbsp;\u00e0 la t\u00e2che&nbsp;\u00bb, conduisant \u00e0 casser les statuts. L\u2019annualisation \u00e9voqu\u00e9e des heures de cours, la pseudo r\u00e9forme inique du coll\u00e8ge sont toutes aussi inqui\u00e9tantes.<\/p>\n\n\n\n<p>Autant de raisons pour les personnels de direction de se mobiliser une nouvelle fois le 6 avril.<\/p>\n\n\n\n<p><strong>Le sn<em>U<\/em>.pden-FSU appelle \u00e0 la mobilisation des personnels de direction, dans le cadre d\u2019une nouvelle grande journ\u00e9e de gr\u00e8ve et de manifestations le jeudi 6 avril partout dans le pays.<\/strong><\/p>\n\n\n\n<p>Bureau national<\/p>\n\n\n\n<p>Paris, le 5 avril 2023<\/p>\n","protected":false},"excerpt":{"rendered":"<div class=\"mh-excerpt\"><p>\u00c0 l\u2019appel de l\u2019intersyndicale ce sont plus de deux millions de travailleuses et travailleurs, jeunes et retrait\u00e9s qui se sont mis en gr\u00e8ve et ont manifest\u00e9 le 28 mars. Le <a class=\"mh-excerpt-more\" href=\"https:\/\/snupden-fsu.fr\/index.php\/2023\/04\/05\/le-snu-pden-fsu-avec-lintersyndicale-determinee-donne-rendez-vous-le-6-avril\/\" title=\"Le snU.pden-FSU avec l\u2019intersyndicale d\u00e9termin\u00e9e donne rendez-vous le 6 avril\">[&#8230;]<\/a><\/p>\n<\/div>","protected":false},"author":9,"featured_media":0,"comment_status":"closed","ping_status":"closed","sticky":false,"template":"","format":"standard","meta":{"_bbp_topic_count":0,"_bbp_reply_count":0,"_bbp_total_topic_count":0,"_bbp_total_reply_count":0,"_bbp_voice_count":0,"_bbp_anonymous_reply_count":0,"_bbp_topic_count_hidden":0,"_bbp_reply_count_hidden":0,"_bbp_forum_subforum_count":0,"_exactmetrics_skip_tracking":false,"_exactmetrics_sitenote_active":false,"_exactmetrics_sitenote_note":"","_exactmetrics_sitenote_category":0,"footnotes":""},"categories":[283,10,101,287],"tags":[],"class_list":["post-3943","post","type-post","status-publish","format-standard","hentry","category-action","category-actualites","category-communique","category-mobilisation-contre-la-reforme-des-retraites-2023"],"yoast_head":"<!-- This site is optimized with the Yoast SEO plugin v18.5.1 - https:\/\/yoast.com\/wordpress\/plugins\/seo\/ -->\n<title>Le snU.pden-FSU avec l\u2019intersyndicale d\u00e9termin\u00e9e donne rendez-vous le 6 avril -<\/title>\n<meta name=\"robots\" content=\"index, follow, max-snippet:-1, max-image-preview:large, max-video-preview:-1\" \/>\n<link rel=\"canonical\" href=\"https:\/\/snupden-fsu.fr\/index.php\/2023\/04\/05\/le-snu-pden-fsu-avec-lintersyndicale-determinee-donne-rendez-vous-le-6-avril\/\" \/>\n<meta property=\"og:locale\" content=\"fr_FR\" \/>\n<meta property=\"og:type\" content=\"article\" \/>\n<meta property=\"og:title\" content=\"Le snU.pden-FSU avec l\u2019intersyndicale d\u00e9termin\u00e9e donne rendez-vous le 6 avril -\" \/>\n<meta property=\"og:description\" content=\"\u00c0 l\u2019appel de l\u2019intersyndicale ce sont plus de deux millions de travailleuses et travailleurs, jeunes et retrait\u00e9s qui se sont mis en gr\u00e8ve et ont manifest\u00e9 le 28 mars. Le [...]\" \/>\n<meta property=\"og:url\" content=\"https:\/\/snupden-fsu.fr\/index.php\/2023\/04\/05\/le-snu-pden-fsu-avec-lintersyndicale-determinee-donne-rendez-vous-le-6-avril\/\" \/>\n<meta property=\"article:published_time\" content=\"2023-04-05T11:24:57+00:00\" \/>\n<meta property=\"article:modified_time\" content=\"2023-08-24T14:35:41+00:00\" \/>\n<meta name=\"twitter:card\" content=\"summary_large_image\" \/>\n<meta name=\"twitter:label1\" content=\"\u00c9crit par\" \/>\n\t<meta name=\"twitter:data1\" content=\"Bureau national\" \/>\n\t<meta name=\"twitter:label2\" content=\"Dur\u00e9e de lecture estim\u00e9e\" \/>\n\t<meta name=\"twitter:data2\" content=\"2 minutes\" \/>\n<script type=\"application\/ld+json\" class=\"yoast-schema-graph\">{\"@context\":\"https:\/\/schema.org\",\"@graph\":[{\"@type\":\"Organization\",\"@id\":\"https:\/\/snupden-fsu.fr\/#organization\",\"name\":\"snU.Pden-FSU\",\"url\":\"https:\/\/snupden-fsu.fr\/\",\"sameAs\":[],\"logo\":{\"@type\":\"ImageObject\",\"@id\":\"https:\/\/snupden-fsu.fr\/#logo\",\"inLanguage\":\"fr-FR\",\"url\":\"http:\/\/snupden-fsu.fr\/wp-content\/uploads\/2018\/03\/logo_snupden-3.jpg\",\"contentUrl\":\"http:\/\/snupden-fsu.fr\/wp-content\/uploads\/2018\/03\/logo_snupden-3.jpg\",\"width\":612,\"height\":183,\"caption\":\"snU.Pden-FSU\"},\"image\":{\"@id\":\"https:\/\/snupden-fsu.fr\/#logo\"}},{\"@type\":\"WebSite\",\"@id\":\"https:\/\/snupden-fsu.fr\/#website\",\"url\":\"https:\/\/snupden-fsu.fr\/\",\"name\":\"snU.pden-FSU\",\"description\":\"Le snU.pden-FSU devient FSU Per Dir\",\"publisher\":{\"@id\":\"https:\/\/snupden-fsu.fr\/#organization\"},\"potentialAction\":[{\"@type\":\"SearchAction\",\"target\":{\"@type\":\"EntryPoint\",\"urlTemplate\":\"https:\/\/snupden-fsu.fr\/?s={search_term_string}\"},\"query-input\":\"required name=search_term_string\"}],\"inLanguage\":\"fr-FR\"},{\"@type\":\"WebPage\",\"@id\":\"https:\/\/snupden-fsu.fr\/index.php\/2023\/04\/05\/le-snu-pden-fsu-avec-lintersyndicale-determinee-donne-rendez-vous-le-6-avril\/#webpage\",\"url\":\"https:\/\/snupden-fsu.fr\/index.php\/2023\/04\/05\/le-snu-pden-fsu-avec-lintersyndicale-determinee-donne-rendez-vous-le-6-avril\/\",\"name\":\"Le snU.pden-FSU avec l\u2019intersyndicale d\u00e9termin\u00e9e donne rendez-vous le 6 avril -\",\"isPartOf\":{\"@id\":\"https:\/\/snupden-fsu.fr\/#website\"},\"datePublished\":\"2023-04-05T11:24:57+00:00\",\"dateModified\":\"2023-08-24T14:35:41+00:00\",\"breadcrumb\":{\"@id\":\"https:\/\/snupden-fsu.fr\/index.php\/2023\/04\/05\/le-snu-pden-fsu-avec-lintersyndicale-determinee-donne-rendez-vous-le-6-avril\/#breadcrumb\"},\"inLanguage\":\"fr-FR\",\"potentialAction\":[{\"@type\":\"ReadAction\",\"target\":[\"https:\/\/snupden-fsu.fr\/index.php\/2023\/04\/05\/le-snu-pden-fsu-avec-lintersyndicale-determinee-donne-rendez-vous-le-6-avril\/\"]}]},{\"@type\":\"BreadcrumbList\",\"@id\":\"https:\/\/snupden-fsu.fr\/index.php\/2023\/04\/05\/le-snu-pden-fsu-avec-lintersyndicale-determinee-donne-rendez-vous-le-6-avril\/#breadcrumb\",\"itemListElement\":[{\"@type\":\"ListItem\",\"position\":1,\"name\":\"Accueil\",\"item\":\"https:\/\/snupden-fsu.fr\/\"},{\"@type\":\"ListItem\",\"position\":2,\"name\":\"Le snU.pden-FSU avec l\u2019intersyndicale d\u00e9termin\u00e9e donne rendez-vous le 6 avril\"}]},{\"@type\":\"Article\",\"@id\":\"https:\/\/snupden-fsu.fr\/index.php\/2023\/04\/05\/le-snu-pden-fsu-avec-lintersyndicale-determinee-donne-rendez-vous-le-6-avril\/#article\",\"isPartOf\":{\"@id\":\"https:\/\/snupden-fsu.fr\/index.php\/2023\/04\/05\/le-snu-pden-fsu-avec-lintersyndicale-determinee-donne-rendez-vous-le-6-avril\/#webpage\"},\"author\":{\"@id\":\"https:\/\/snupden-fsu.fr\/#\/schema\/person\/1edf71884cc9d0706bf4b4b380456f72\"},\"headline\":\"Le snU.pden-FSU avec l\u2019intersyndicale d\u00e9termin\u00e9e donne rendez-vous le 6 avril\",\"datePublished\":\"2023-04-05T11:24:57+00:00\",\"dateModified\":\"2023-08-24T14:35:41+00:00\",\"mainEntityOfPage\":{\"@id\":\"https:\/\/snupden-fsu.fr\/index.php\/2023\/04\/05\/le-snu-pden-fsu-avec-lintersyndicale-determinee-donne-rendez-vous-le-6-avril\/#webpage\"},\"wordCount\":346,\"publisher\":{\"@id\":\"https:\/\/snupden-fsu.fr\/#organization\"},\"articleSection\":[\"Action\",\"Actualit\u00e9s\",\"Communiqu\u00e9s\",\"Mobilisation contre la r\u00e9forme des retraites 2023\"],\"inLanguage\":\"fr-FR\"},{\"@type\":\"Person\",\"@id\":\"https:\/\/snupden-fsu.fr\/#\/schema\/person\/1edf71884cc9d0706bf4b4b380456f72\",\"name\":\"Bureau national\",\"image\":{\"@type\":\"ImageObject\",\"@id\":\"https:\/\/snupden-fsu.fr\/#personlogo\",\"inLanguage\":\"fr-FR\",\"url\":\"https:\/\/secure.gravatar.com\/avatar\/a5ca06c32142c6dde84bb9bd5e7908779d6b092fef2b54818fd5a687421141d9?s=96&d=mm&r=g\",\"contentUrl\":\"https:\/\/secure.gravatar.com\/avatar\/a5ca06c32142c6dde84bb9bd5e7908779d6b092fef2b54818fd5a687421141d9?s=96&d=mm&r=g\",\"caption\":\"Bureau national\"},\"url\":\"https:\/\/snupden-fsu.fr\/index.php\/author\/bureau-national\/\"}]}<\/script>\n<!-- \/ Yoast SEO plugin. -->","yoast_head_json":{"title":"Le snU.pden-FSU avec l\u2019intersyndicale d\u00e9termin\u00e9e donne rendez-vous le 6 avril -","robots":{"index":"index","follow":"follow","max-snippet":"max-snippet:-1","max-image-preview":"max-image-preview:large","max-video-preview":"max-video-preview:-1"},"canonical":"https:\/\/snupden-fsu.fr\/index.php\/2023\/04\/05\/le-snu-pden-fsu-avec-lintersyndicale-determinee-donne-rendez-vous-le-6-avril\/","og_locale":"fr_FR","og_type":"article","og_title":"Le snU.pden-FSU avec l\u2019intersyndicale d\u00e9termin\u00e9e donne rendez-vous le 6 avril -","og_description":"\u00c0 l\u2019appel de l\u2019intersyndicale ce sont plus de deux millions de travailleuses et travailleurs, jeunes et retrait\u00e9s qui se sont mis en gr\u00e8ve et ont manifest\u00e9 le 28 mars. Le [...]","og_url":"https:\/\/snupden-fsu.fr\/index.php\/2023\/04\/05\/le-snu-pden-fsu-avec-lintersyndicale-determinee-donne-rendez-vous-le-6-avril\/","article_published_time":"2023-04-05T11:24:57+00:00","article_modified_time":"2023-08-24T14:35:41+00:00","twitter_card":"summary_large_image","twitter_misc":{"\u00c9crit par":"Bureau national","Dur\u00e9e de lecture estim\u00e9e":"2 minutes"},"schema":{"@context":"https:\/\/schema.org","@graph":[{"@type":"Organization","@id":"https:\/\/snupden-fsu.fr\/#organization","name":"snU.Pden-FSU","url":"https:\/\/snupden-fsu.fr\/","sameAs":[],"logo":{"@type":"ImageObject","@id":"https:\/\/snupden-fsu.fr\/#logo","inLanguage":"fr-FR","url":"http:\/\/snupden-fsu.fr\/wp-content\/uploads\/2018\/03\/logo_snupden-3.jpg","contentUrl":"http:\/\/snupden-fsu.fr\/wp-content\/uploads\/2018\/03\/logo_snupden-3.jpg","width":612,"height":183,"caption":"snU.Pden-FSU"},"image":{"@id":"https:\/\/snupden-fsu.fr\/#logo"}},{"@type":"WebSite","@id":"https:\/\/snupden-fsu.fr\/#website","url":"https:\/\/snupden-fsu.fr\/","name":"snU.pden-FSU","description":"Le snU.pden-FSU devient FSU Per Dir","publisher":{"@id":"https:\/\/snupden-fsu.fr\/#organization"},"potentialAction":[{"@type":"SearchAction","target":{"@type":"EntryPoint","urlTemplate":"https:\/\/snupden-fsu.fr\/?s={search_term_string}"},"query-input":"required name=search_term_string"}],"inLanguage":"fr-FR"},{"@type":"WebPage","@id":"https:\/\/snupden-fsu.fr\/index.php\/2023\/04\/05\/le-snu-pden-fsu-avec-lintersyndicale-determinee-donne-rendez-vous-le-6-avril\/#webpage","url":"https:\/\/snupden-fsu.fr\/index.php\/2023\/04\/05\/le-snu-pden-fsu-avec-lintersyndicale-determinee-donne-rendez-vous-le-6-avril\/","name":"Le snU.pden-FSU avec l\u2019intersyndicale d\u00e9termin\u00e9e donne rendez-vous le 6 avril -","isPartOf":{"@id":"https:\/\/snupden-fsu.fr\/#website"},"datePublished":"2023-04-05T11:24:57+00:00","dateModified":"2023-08-24T14:35:41+00:00","breadcrumb":{"@id":"https:\/\/snupden-fsu.fr\/index.php\/2023\/04\/05\/le-snu-pden-fsu-avec-lintersyndicale-determinee-donne-rendez-vous-le-6-avril\/#breadcrumb"},"inLanguage":"fr-FR","potentialAction":[{"@type":"ReadAction","target":["https:\/\/snupden-fsu.fr\/index.php\/2023\/04\/05\/le-snu-pden-fsu-avec-lintersyndicale-determinee-donne-rendez-vous-le-6-avril\/"]}]},{"@type":"BreadcrumbList","@id":"https:\/\/snupden-fsu.fr\/index.php\/2023\/04\/05\/le-snu-pden-fsu-avec-lintersyndicale-determinee-donne-rendez-vous-le-6-avril\/#breadcrumb","itemListElement":[{"@type":"ListItem","position":1,"name":"Accueil","item":"https:\/\/snupden-fsu.fr\/"},{"@type":"ListItem","position":2,"name":"Le snU.pden-FSU avec l\u2019intersyndicale d\u00e9termin\u00e9e donne rendez-vous le 6 avril"}]},{"@type":"Article","@id":"https:\/\/snupden-fsu.fr\/index.php\/2023\/04\/05\/le-snu-pden-fsu-avec-lintersyndicale-determinee-donne-rendez-vous-le-6-avril\/#article","isPartOf":{"@id":"https:\/\/snupden-fsu.fr\/index.php\/2023\/04\/05\/le-snu-pden-fsu-avec-lintersyndicale-determinee-donne-rendez-vous-le-6-avril\/#webpage"},"author":{"@id":"https:\/\/snupden-fsu.fr\/#\/schema\/person\/1edf71884cc9d0706bf4b4b380456f72"},"headline":"Le snU.pden-FSU avec l\u2019intersyndicale d\u00e9termin\u00e9e donne rendez-vous le 6 avril","datePublished":"2023-04-05T11:24:57+00:00","dateModified":"2023-08-24T14:35:41+00:00","mainEntityOfPage":{"@id":"https:\/\/snupden-fsu.fr\/index.php\/2023\/04\/05\/le-snu-pden-fsu-avec-lintersyndicale-determinee-donne-rendez-vous-le-6-avril\/#webpage"},"wordCount":346,"publisher":{"@id":"https:\/\/snupden-fsu.fr\/#organization"},"articleSection":["Action","Actualit\u00e9s","Communiqu\u00e9s","Mobilisation contre la r\u00e9forme des retraites 2023"],"inLanguage":"fr-FR"},{"@type":"Person","@id":"https:\/\/snupden-fsu.fr\/#\/schema\/person\/1edf71884cc9d0706bf4b4b380456f72","name":"Bureau national","image":{"@type":"ImageObject","@id":"https:\/\/snupden-fsu.fr\/#personlogo","inLanguage":"fr-FR","url":"https:\/\/secure.gravatar.com\/avatar\/a5ca06c32142c6dde84bb9bd5e7908779d6b092fef2b54818fd5a687421141d9?s=96&d=mm&r=g","contentUrl":"https:\/\/secure.gravatar.com\/avatar\/a5ca06c32142c6dde84bb9bd5e7908779d6b092fef2b54818fd5a687421141d9?s=96&d=mm&r=g","caption":"Bureau national"},"url":"https:\/\/snupden-fsu.fr\/index.php\/author\/bureau-national\/"}]}},"_links":{"self":[{"href":"https:\/\/snupden-fsu.fr\/index.php\/wp-json\/wp\/v2\/posts\/3943","targetHints":{"allow":["GET"]}}],"collection":[{"href":"https:\/\/snupden-fsu.fr\/index.php\/wp-json\/wp\/v2\/posts"}],"about":[{"href":"https:\/\/snupden-fsu.fr\/index.php\/wp-json\/wp\/v2\/types\/post"}],"author":[{"embeddable":true,"href":"https:\/\/snupden-fsu.fr\/index.php\/wp-json\/wp\/v2\/users\/9"}],"replies":[{"embeddable":true,"href":"https:\/\/snupden-fsu.fr\/index.php\/wp-json\/wp\/v2\/comments?post=3943"}],"version-history":[{"count":1,"href":"https:\/\/snupden-fsu.fr\/index.php\/wp-json\/wp\/v2\/posts\/3943\/revisions"}],"predecessor-version":[{"id":3944,"href":"https:\/\/snupden-fsu.fr\/index.php\/wp-json\/wp\/v2\/posts\/3943\/revisions\/3944"}],"wp:attachment":[{"href":"https:\/\/snupden-fsu.fr\/index.php\/wp-json\/wp\/v2\/media?parent=3943"}],"wp:term":[{"taxonomy":"category","embeddable":true,"href":"https:\/\/snupden-fsu.fr\/index.php\/wp-json\/wp\/v2\/categories?post=3943"},{"taxonomy":"post_tag","embeddable":true,"href":"https:\/\/snupden-fsu.fr\/index.php\/wp-json\/wp\/v2\/tags?post=3943"}],"curies":[{"name":"wp","href":"https:\/\/api.w.org\/{rel}","templated":true}]}}