{"id":3894,"date":"2023-03-21T13:33:55","date_gmt":"2023-03-21T12:33:55","guid":{"rendered":"http:\/\/snupden-fsu.fr\/?p=3894"},"modified":"2023-08-24T16:35:42","modified_gmt":"2023-08-24T14:35:42","slug":"motion-de-censure-rejetee-la-mobilisation-continue","status":"publish","type":"post","link":"https:\/\/snupden-fsu.fr\/index.php\/2023\/03\/21\/motion-de-censure-rejetee-la-mobilisation-continue\/","title":{"rendered":"Motion de censure rejet\u00e9e\u00a0: la mobilisation continue\u00a0!"},"content":{"rendered":"\n<p class=\"has-text-align-center has-medium-font-size\"><mark style=\"background-color:rgba(0, 0, 0, 0);color:#f60303\" class=\"has-inline-color\"><strong>Communiqu\u00e9 de la FSU<\/strong><\/mark><\/p>\n\n\n\n<figure class=\"wp-block-image size-large\"><img loading=\"lazy\" decoding=\"async\" width=\"1024\" height=\"576\" src=\"http:\/\/snupden-fsu.fr\/wp-content\/uploads\/2023\/03\/Passage-en-force-twitter3-1024x576.png\" alt=\"\" class=\"wp-image-3895\" srcset=\"https:\/\/snupden-fsu.fr\/wp-content\/uploads\/2023\/03\/Passage-en-force-twitter3-1024x576.png 1024w, https:\/\/snupden-fsu.fr\/wp-content\/uploads\/2023\/03\/Passage-en-force-twitter3-300x169.png 300w, https:\/\/snupden-fsu.fr\/wp-content\/uploads\/2023\/03\/Passage-en-force-twitter3-768x432.png 768w, https:\/\/snupden-fsu.fr\/wp-content\/uploads\/2023\/03\/Passage-en-force-twitter3-1536x864.png 1536w, https:\/\/snupden-fsu.fr\/wp-content\/uploads\/2023\/03\/Passage-en-force-twitter3.png 1600w\" sizes=\"auto, (max-width: 1024px) 100vw, 1024px\" \/><\/figure>\n\n\n\n<p>La motion de censure a \u00e9t\u00e9 rejet\u00e9e aujourd\u2019hui par l\u2019Assembl\u00e9e nationale \u00e0 9 voix pr\u00e8s, c\u2019est le r\u00e9sultat de la mobilisation de millions de travailleuses et de travailleurs, jeunes et retrait\u00e9-es depuis plus de deux mois. Et il ne signifie pas que le pr\u00e9sident et la majorit\u00e9 aient gagn\u00e9, rien n\u2019est jou\u00e9. D\u2019abord parce que la loi doit passer le conseil constitutionnel puis \u00eatre promulgu\u00e9e, la FSU mettra en \u0153uvre, dans le cadre de l\u2019intersyndicale, tous moyens juridiques pour y faire obstacle et nous appelons solennellement le Pr\u00e9sident \u00e0 ne pas continuer \u00e0 bloquer le pays par son ent\u00eatement et donc \u00e0 ne pas promulguer la loi.<\/p>\n\n\n\n<p>Depuis plus de deux mois, la contestation contre la r\u00e9forme des retraites s\u2019amplifie, la FSU appelle \u00e0 continuer cette lutte par la participation la plus&nbsp;massive possible aux actions d\u00e9cid\u00e9es et en particulier aux rassemblements intersyndicaux et \u00e0 pr\u00e9parer une journ\u00e9e de gr\u00e8ve et de manifestations puissantes jeudi 23 mars. Le mouvement social est plus l\u00e9gitime que jamais \u00e0 contester une loi pass\u00e9e en force, sans majorit\u00e9 \u00e0 l\u2019Assembl\u00e9e nationale et malgr\u00e9 la tr\u00e8s vive opposition qu\u2019elle rencontre dans la population.<\/p>\n\n\n\n<p>Les Lilas, le 20 mars 2023<\/p>\n\n\n\n<figure class=\"wp-block-image size-full\"><img loading=\"lazy\" decoding=\"async\" width=\"921\" height=\"420\" src=\"http:\/\/snupden-fsu.fr\/wp-content\/uploads\/2023\/03\/fsu-sign-horiz-rouge.png\" alt=\"\" class=\"wp-image-3896\" srcset=\"https:\/\/snupden-fsu.fr\/wp-content\/uploads\/2023\/03\/fsu-sign-horiz-rouge.png 921w, https:\/\/snupden-fsu.fr\/wp-content\/uploads\/2023\/03\/fsu-sign-horiz-rouge-300x137.png 300w, https:\/\/snupden-fsu.fr\/wp-content\/uploads\/2023\/03\/fsu-sign-horiz-rouge-768x350.png 768w\" sizes=\"auto, (max-width: 921px) 100vw, 921px\" \/><\/figure>\n","protected":false},"excerpt":{"rendered":"<div class=\"mh-excerpt\"><p>Communiqu\u00e9 de la FSU La motion de censure a \u00e9t\u00e9 rejet\u00e9e aujourd\u2019hui par l\u2019Assembl\u00e9e nationale \u00e0 9 voix pr\u00e8s, c\u2019est le r\u00e9sultat de la mobilisation de millions de travailleuses et <a class=\"mh-excerpt-more\" href=\"https:\/\/snupden-fsu.fr\/index.php\/2023\/03\/21\/motion-de-censure-rejetee-la-mobilisation-continue\/\" title=\"Motion de censure rejet\u00e9e\u00a0: la mobilisation continue\u00a0!\">[&#8230;]<\/a><\/p>\n<\/div>","protected":false},"author":9,"featured_media":0,"comment_status":"closed","ping_status":"closed","sticky":false,"template":"","format":"standard","meta":{"footnotes":""},"categories":[283,10,101,287],"tags":[],"class_list":["post-3894","post","type-post","status-publish","format-standard","hentry","category-action","category-actualites","category-communique","category-mobilisation-contre-la-reforme-des-retraites-2023"],"_links":{"self":[{"href":"https:\/\/snupden-fsu.fr\/index.php\/wp-json\/wp\/v2\/posts\/3894","targetHints":{"allow":["GET"]}}],"collection":[{"href":"https:\/\/snupden-fsu.fr\/index.php\/wp-json\/wp\/v2\/posts"}],"about":[{"href":"https:\/\/snupden-fsu.fr\/index.php\/wp-json\/wp\/v2\/types\/post"}],"author":[{"embeddable":true,"href":"https:\/\/snupden-fsu.fr\/index.php\/wp-json\/wp\/v2\/users\/9"}],"replies":[{"embeddable":true,"href":"https:\/\/snupden-fsu.fr\/index.php\/wp-json\/wp\/v2\/comments?post=3894"}],"version-history":[{"count":4,"href":"https:\/\/snupden-fsu.fr\/index.php\/wp-json\/wp\/v2\/posts\/3894\/revisions"}],"predecessor-version":[{"id":3913,"href":"https:\/\/snupden-fsu.fr\/index.php\/wp-json\/wp\/v2\/posts\/3894\/revisions\/3913"}],"wp:attachment":[{"href":"https:\/\/snupden-fsu.fr\/index.php\/wp-json\/wp\/v2\/media?parent=3894"}],"wp:term":[{"taxonomy":"category","embeddable":true,"href":"https:\/\/snupden-fsu.fr\/index.php\/wp-json\/wp\/v2\/categories?post=3894"},{"taxonomy":"post_tag","embeddable":true,"href":"https:\/\/snupden-fsu.fr\/index.php\/wp-json\/wp\/v2\/tags?post=3894"}],"curies":[{"name":"wp","href":"https:\/\/api.w.org\/{rel}","templated":true}]}}