{"id":3856,"date":"2023-03-01T14:09:28","date_gmt":"2023-03-01T13:09:28","guid":{"rendered":"http:\/\/snupden-fsu.fr\/?p=3856"},"modified":"2023-08-24T16:26:49","modified_gmt":"2023-08-24T14:26:49","slug":"concours-de-recrutement-des-perdirs-pour-la-rentree-2023","status":"publish","type":"post","link":"https:\/\/snupden-fsu.fr\/index.php\/2023\/03\/01\/concours-de-recrutement-des-perdirs-pour-la-rentree-2023\/","title":{"rendered":"Concours de recrutement des personnels de direction pour la rentr\u00e9e 2023"},"content":{"rendered":"\n<p>Comme vous le savez, les r\u00e9sultats d\u2019admissibilit\u00e9 vous ont \u00e9t\u00e9 communiqu\u00e9s : suivre <a href=\"https:\/\/cyclades.education.gouv.fr\/candidat\/publication\/ABE\/PID\/admis?contexte=QUJFLE5BVCwyMDIzOkE6QUJFLTEuMywxLERDSS0wMDEwTjpQSUQ6UElEOkE6QUJFLTEuMyxQSUQ6UElEOkE6QUJFLTEuMyws\" target=\"_blank\" rel=\"noreferrer noopener\">ce lien<\/a>.<\/p>\n\n\n\n<p>\u00c0 partir de maintenant, les dates sont courtes et rapproch\u00e9es .<\/p>\n\n\n\n<p>Le BO a publi\u00e9 la note suivante <\/p>\n\n\n\n<p>Si vous \u00eates admissible, vous&nbsp;devrez&nbsp;\u00e9tablir pour l\u2019\u00e9preuve d\u2019admission un dossier de pr\u00e9sentation conforme au mod\u00e8le disponible, d\u00e8s l\u2019ouverture des registres d\u2019inscription, dans votre espace candidat Cyclades \u00e0 la rubrique \u00ab\u00a0Les formulaires\u00a0\u00bb.&nbsp;<strong>Le dossier de pr\u00e9sentation devra \u00eatre t\u00e9l\u00e9vers\u00e9 <a href=\"https:\/\/cyclades.education.gouv.fr\/cyccandidat\/portal\/\" target=\"_blank\" rel=\"noreferrer noopener\">dans l\u2019espace candidat Cyclades<\/a><\/strong> \u00e0 la <mark style=\"background-color:rgba(0, 0, 0, 0);color:#008305\" class=\"has-inline-color\">rubrique \u00ab\u00a0Mes justificatifs\u00a0\u00bb<\/mark> <strong><mark style=\"background-color:rgba(0, 0, 0, 0);color:#f70100\" class=\"has-inline-color\">au plus tard le vendredi 3 mars 2023.<\/mark> <\/strong>L\u2019absence de dossier ou sa transmission apr\u00e8s la date fix\u00e9e entra\u00eenera votre \u00e9limination. Aucune pi\u00e8ce compl\u00e9mentaire ne sera prise en compte.<\/p>\n\n\n\n<p>Les convocations aux \u00e9preuves seront disponibles <a href=\"https:\/\/cyclades.education.gouv.fr\/cyccandidat\/portal\/\" target=\"_blank\" rel=\"noreferrer noopener\">dans l\u2019espace candidat Cyclades<\/a> \u00e0 la rubrique \u00ab\u00a0Mes documents\u00a0\u00bb.<\/p>\n\n\n\n<p class=\"has-text-align-center\"><strong><mark style=\"background-color:rgba(0, 0, 0, 0);color:#ea0000\" class=\"has-inline-color\">Publication des r\u00e9sultats<\/mark><\/strong><\/p>\n\n\n\n<p>Les r\u00e9sultats des concours seront publi\u00e9s sur Cyclades \u00e0 l&rsquo;adresse&nbsp;<a href=\"https:\/\/cyclades.education.gouv.fr\/candidat\/publication\/ABE\/PID\">https:\/\/cyclades.education.gouv.fr\/candidat\/publication\/ABE\/PID<\/a>&nbsp;<\/p>\n\n\n\n<p>Dates <strong>pr\u00e9visionnelles<\/strong> des r\u00e9sultats du concours interne&nbsp; :<\/p>\n\n\n\n<ul class=\"wp-block-list\">\n<li>admissibilit\u00e9 : <strong>lundi 20 f\u00e9vrier&nbsp;2023&nbsp;<\/strong><\/li>\n\n\n\n<li>admission : <strong>mardi 2 mai 2023<\/strong><\/li>\n<\/ul>\n\n\n\n<p>Dates <strong>pr\u00e9visionnelles<\/strong> des r\u00e9sultats du concours de type troisi\u00e8me voie :<\/p>\n\n\n\n<ul class=\"wp-block-list\">\n<li>admissibilit\u00e9 : <strong>jeudi 23 f\u00e9vrier 2023<\/strong>&nbsp;<\/li>\n\n\n\n<li>admission : <strong>mardi 30 mai&nbsp;2023&nbsp;<\/strong><\/li>\n<\/ul>\n\n\n\n<p>Si ce n&rsquo;est pas encore fait, pensez \u00e0 nous faire parvenir la copie de votre dossier (nous en avons re\u00e7u d\u00e9j\u00e0 beaucoup) \u00e0 <a href=\"mailto:snupden@fsu.fr\">snupden@fsu.fr<\/a> et double \u00e0 <a href=\"mailto:jean.klein@snupden.fsu.fr\" target=\"_blank\" rel=\"noreferrer noopener\">jean.klein@snupden.fsu.fr<\/a><\/p>\n","protected":false},"excerpt":{"rendered":"<div class=\"mh-excerpt\"><p>Comme vous le savez, les r\u00e9sultats d\u2019admissibilit\u00e9 vous ont \u00e9t\u00e9 communiqu\u00e9s : suivre ce lien. \u00c0 partir de maintenant, les dates sont courtes et rapproch\u00e9es . Le BO a publi\u00e9 <a class=\"mh-excerpt-more\" href=\"https:\/\/snupden-fsu.fr\/index.php\/2023\/03\/01\/concours-de-recrutement-des-perdirs-pour-la-rentree-2023\/\" title=\"Concours de recrutement des personnels de direction pour la rentr\u00e9e 2023\">[&#8230;]<\/a><\/p>\n<\/div>","protected":false},"author":10,"featured_media":0,"comment_status":"closed","ping_status":"closed","sticky":false,"template":"","format":"standard","meta":{"_bbp_topic_count":0,"_bbp_reply_count":0,"_bbp_total_topic_count":0,"_bbp_total_reply_count":0,"_bbp_voice_count":0,"_bbp_anonymous_reply_count":0,"_bbp_topic_count_hidden":0,"_bbp_reply_count_hidden":0,"_bbp_forum_subforum_count":0,"_exactmetrics_skip_tracking":false,"_exactmetrics_sitenote_active":false,"_exactmetrics_sitenote_note":"","_exactmetrics_sitenote_category":0,"footnotes":""},"categories":[300],"tags":[],"class_list":["post-3856","post","type-post","status-publish","format-standard","hentry","category-preparation-au-concours"],"yoast_head":"<!-- This site is optimized with the Yoast SEO plugin v18.5.1 - https:\/\/yoast.com\/wordpress\/plugins\/seo\/ -->\n<title>Concours de recrutement des personnels de direction pour la rentr\u00e9e 2023 -<\/title>\n<meta name=\"robots\" content=\"index, follow, max-snippet:-1, max-image-preview:large, max-video-preview:-1\" \/>\n<link rel=\"canonical\" href=\"https:\/\/snupden-fsu.fr\/index.php\/2023\/03\/01\/concours-de-recrutement-des-perdirs-pour-la-rentree-2023\/\" \/>\n<meta property=\"og:locale\" content=\"fr_FR\" \/>\n<meta property=\"og:type\" content=\"article\" \/>\n<meta property=\"og:title\" content=\"Concours de recrutement des personnels de direction pour la rentr\u00e9e 2023 -\" \/>\n<meta property=\"og:description\" content=\"Comme vous le savez, les r\u00e9sultats d\u2019admissibilit\u00e9 vous ont \u00e9t\u00e9 communiqu\u00e9s : suivre ce lien. \u00c0 partir de maintenant, les dates sont courtes et rapproch\u00e9es . Le BO a publi\u00e9 [...]\" \/>\n<meta property=\"og:url\" content=\"https:\/\/snupden-fsu.fr\/index.php\/2023\/03\/01\/concours-de-recrutement-des-perdirs-pour-la-rentree-2023\/\" \/>\n<meta property=\"article:published_time\" content=\"2023-03-01T13:09:28+00:00\" \/>\n<meta property=\"article:modified_time\" content=\"2023-08-24T14:26:49+00:00\" \/>\n<meta name=\"twitter:card\" content=\"summary_large_image\" \/>\n<meta name=\"twitter:label1\" content=\"\u00c9crit par\" \/>\n\t<meta name=\"twitter:data1\" content=\"jean klein\" \/>\n\t<meta name=\"twitter:label2\" content=\"Dur\u00e9e de lecture estim\u00e9e\" \/>\n\t<meta name=\"twitter:data2\" content=\"2 minutes\" \/>\n<script type=\"application\/ld+json\" class=\"yoast-schema-graph\">{\"@context\":\"https:\/\/schema.org\",\"@graph\":[{\"@type\":\"Organization\",\"@id\":\"https:\/\/snupden-fsu.fr\/#organization\",\"name\":\"snU.Pden-FSU\",\"url\":\"https:\/\/snupden-fsu.fr\/\",\"sameAs\":[],\"logo\":{\"@type\":\"ImageObject\",\"@id\":\"https:\/\/snupden-fsu.fr\/#logo\",\"inLanguage\":\"fr-FR\",\"url\":\"http:\/\/snupden-fsu.fr\/wp-content\/uploads\/2018\/03\/logo_snupden-3.jpg\",\"contentUrl\":\"http:\/\/snupden-fsu.fr\/wp-content\/uploads\/2018\/03\/logo_snupden-3.jpg\",\"width\":612,\"height\":183,\"caption\":\"snU.Pden-FSU\"},\"image\":{\"@id\":\"https:\/\/snupden-fsu.fr\/#logo\"}},{\"@type\":\"WebSite\",\"@id\":\"https:\/\/snupden-fsu.fr\/#website\",\"url\":\"https:\/\/snupden-fsu.fr\/\",\"name\":\"snU.pden-FSU\",\"description\":\"Le snU.pden-FSU devient FSU Per Dir\",\"publisher\":{\"@id\":\"https:\/\/snupden-fsu.fr\/#organization\"},\"potentialAction\":[{\"@type\":\"SearchAction\",\"target\":{\"@type\":\"EntryPoint\",\"urlTemplate\":\"https:\/\/snupden-fsu.fr\/?s={search_term_string}\"},\"query-input\":\"required name=search_term_string\"}],\"inLanguage\":\"fr-FR\"},{\"@type\":\"WebPage\",\"@id\":\"https:\/\/snupden-fsu.fr\/index.php\/2023\/03\/01\/concours-de-recrutement-des-perdirs-pour-la-rentree-2023\/#webpage\",\"url\":\"https:\/\/snupden-fsu.fr\/index.php\/2023\/03\/01\/concours-de-recrutement-des-perdirs-pour-la-rentree-2023\/\",\"name\":\"Concours de recrutement des personnels de direction pour la rentr\u00e9e 2023 -\",\"isPartOf\":{\"@id\":\"https:\/\/snupden-fsu.fr\/#website\"},\"datePublished\":\"2023-03-01T13:09:28+00:00\",\"dateModified\":\"2023-08-24T14:26:49+00:00\",\"breadcrumb\":{\"@id\":\"https:\/\/snupden-fsu.fr\/index.php\/2023\/03\/01\/concours-de-recrutement-des-perdirs-pour-la-rentree-2023\/#breadcrumb\"},\"inLanguage\":\"fr-FR\",\"potentialAction\":[{\"@type\":\"ReadAction\",\"target\":[\"https:\/\/snupden-fsu.fr\/index.php\/2023\/03\/01\/concours-de-recrutement-des-perdirs-pour-la-rentree-2023\/\"]}]},{\"@type\":\"BreadcrumbList\",\"@id\":\"https:\/\/snupden-fsu.fr\/index.php\/2023\/03\/01\/concours-de-recrutement-des-perdirs-pour-la-rentree-2023\/#breadcrumb\",\"itemListElement\":[{\"@type\":\"ListItem\",\"position\":1,\"name\":\"Accueil\",\"item\":\"https:\/\/snupden-fsu.fr\/\"},{\"@type\":\"ListItem\",\"position\":2,\"name\":\"Concours de recrutement des personnels de direction pour la rentr\u00e9e 2023\"}]},{\"@type\":\"Article\",\"@id\":\"https:\/\/snupden-fsu.fr\/index.php\/2023\/03\/01\/concours-de-recrutement-des-perdirs-pour-la-rentree-2023\/#article\",\"isPartOf\":{\"@id\":\"https:\/\/snupden-fsu.fr\/index.php\/2023\/03\/01\/concours-de-recrutement-des-perdirs-pour-la-rentree-2023\/#webpage\"},\"author\":{\"@id\":\"https:\/\/snupden-fsu.fr\/#\/schema\/person\/f328fc98d73ca6c85ca6ca6d987b1e0e\"},\"headline\":\"Concours de recrutement des personnels de direction pour la rentr\u00e9e 2023\",\"datePublished\":\"2023-03-01T13:09:28+00:00\",\"dateModified\":\"2023-08-24T14:26:49+00:00\",\"mainEntityOfPage\":{\"@id\":\"https:\/\/snupden-fsu.fr\/index.php\/2023\/03\/01\/concours-de-recrutement-des-perdirs-pour-la-rentree-2023\/#webpage\"},\"wordCount\":255,\"publisher\":{\"@id\":\"https:\/\/snupden-fsu.fr\/#organization\"},\"articleSection\":[\"Pr\u00e9paration au concours\"],\"inLanguage\":\"fr-FR\"},{\"@type\":\"Person\",\"@id\":\"https:\/\/snupden-fsu.fr\/#\/schema\/person\/f328fc98d73ca6c85ca6ca6d987b1e0e\",\"name\":\"jean klein\",\"image\":{\"@type\":\"ImageObject\",\"@id\":\"https:\/\/snupden-fsu.fr\/#personlogo\",\"inLanguage\":\"fr-FR\",\"url\":\"https:\/\/secure.gravatar.com\/avatar\/cbd6ac971f6bb0bbd4697bbfeaa1fff02c1dbefc7a6243448920d7676d7c1688?s=96&d=mm&r=g\",\"contentUrl\":\"https:\/\/secure.gravatar.com\/avatar\/cbd6ac971f6bb0bbd4697bbfeaa1fff02c1dbefc7a6243448920d7676d7c1688?s=96&d=mm&r=g\",\"caption\":\"jean klein\"},\"url\":\"https:\/\/snupden-fsu.fr\/index.php\/author\/jean-klein\/\"}]}<\/script>\n<!-- \/ Yoast SEO plugin. -->","yoast_head_json":{"title":"Concours de recrutement des personnels de direction pour la rentr\u00e9e 2023 -","robots":{"index":"index","follow":"follow","max-snippet":"max-snippet:-1","max-image-preview":"max-image-preview:large","max-video-preview":"max-video-preview:-1"},"canonical":"https:\/\/snupden-fsu.fr\/index.php\/2023\/03\/01\/concours-de-recrutement-des-perdirs-pour-la-rentree-2023\/","og_locale":"fr_FR","og_type":"article","og_title":"Concours de recrutement des personnels de direction pour la rentr\u00e9e 2023 -","og_description":"Comme vous le savez, les r\u00e9sultats d\u2019admissibilit\u00e9 vous ont \u00e9t\u00e9 communiqu\u00e9s : suivre ce lien. \u00c0 partir de maintenant, les dates sont courtes et rapproch\u00e9es . Le BO a publi\u00e9 [...]","og_url":"https:\/\/snupden-fsu.fr\/index.php\/2023\/03\/01\/concours-de-recrutement-des-perdirs-pour-la-rentree-2023\/","article_published_time":"2023-03-01T13:09:28+00:00","article_modified_time":"2023-08-24T14:26:49+00:00","twitter_card":"summary_large_image","twitter_misc":{"\u00c9crit par":"jean klein","Dur\u00e9e de lecture estim\u00e9e":"2 minutes"},"schema":{"@context":"https:\/\/schema.org","@graph":[{"@type":"Organization","@id":"https:\/\/snupden-fsu.fr\/#organization","name":"snU.Pden-FSU","url":"https:\/\/snupden-fsu.fr\/","sameAs":[],"logo":{"@type":"ImageObject","@id":"https:\/\/snupden-fsu.fr\/#logo","inLanguage":"fr-FR","url":"http:\/\/snupden-fsu.fr\/wp-content\/uploads\/2018\/03\/logo_snupden-3.jpg","contentUrl":"http:\/\/snupden-fsu.fr\/wp-content\/uploads\/2018\/03\/logo_snupden-3.jpg","width":612,"height":183,"caption":"snU.Pden-FSU"},"image":{"@id":"https:\/\/snupden-fsu.fr\/#logo"}},{"@type":"WebSite","@id":"https:\/\/snupden-fsu.fr\/#website","url":"https:\/\/snupden-fsu.fr\/","name":"snU.pden-FSU","description":"Le snU.pden-FSU devient FSU Per Dir","publisher":{"@id":"https:\/\/snupden-fsu.fr\/#organization"},"potentialAction":[{"@type":"SearchAction","target":{"@type":"EntryPoint","urlTemplate":"https:\/\/snupden-fsu.fr\/?s={search_term_string}"},"query-input":"required name=search_term_string"}],"inLanguage":"fr-FR"},{"@type":"WebPage","@id":"https:\/\/snupden-fsu.fr\/index.php\/2023\/03\/01\/concours-de-recrutement-des-perdirs-pour-la-rentree-2023\/#webpage","url":"https:\/\/snupden-fsu.fr\/index.php\/2023\/03\/01\/concours-de-recrutement-des-perdirs-pour-la-rentree-2023\/","name":"Concours de recrutement des personnels de direction pour la rentr\u00e9e 2023 -","isPartOf":{"@id":"https:\/\/snupden-fsu.fr\/#website"},"datePublished":"2023-03-01T13:09:28+00:00","dateModified":"2023-08-24T14:26:49+00:00","breadcrumb":{"@id":"https:\/\/snupden-fsu.fr\/index.php\/2023\/03\/01\/concours-de-recrutement-des-perdirs-pour-la-rentree-2023\/#breadcrumb"},"inLanguage":"fr-FR","potentialAction":[{"@type":"ReadAction","target":["https:\/\/snupden-fsu.fr\/index.php\/2023\/03\/01\/concours-de-recrutement-des-perdirs-pour-la-rentree-2023\/"]}]},{"@type":"BreadcrumbList","@id":"https:\/\/snupden-fsu.fr\/index.php\/2023\/03\/01\/concours-de-recrutement-des-perdirs-pour-la-rentree-2023\/#breadcrumb","itemListElement":[{"@type":"ListItem","position":1,"name":"Accueil","item":"https:\/\/snupden-fsu.fr\/"},{"@type":"ListItem","position":2,"name":"Concours de recrutement des personnels de direction pour la rentr\u00e9e 2023"}]},{"@type":"Article","@id":"https:\/\/snupden-fsu.fr\/index.php\/2023\/03\/01\/concours-de-recrutement-des-perdirs-pour-la-rentree-2023\/#article","isPartOf":{"@id":"https:\/\/snupden-fsu.fr\/index.php\/2023\/03\/01\/concours-de-recrutement-des-perdirs-pour-la-rentree-2023\/#webpage"},"author":{"@id":"https:\/\/snupden-fsu.fr\/#\/schema\/person\/f328fc98d73ca6c85ca6ca6d987b1e0e"},"headline":"Concours de recrutement des personnels de direction pour la rentr\u00e9e 2023","datePublished":"2023-03-01T13:09:28+00:00","dateModified":"2023-08-24T14:26:49+00:00","mainEntityOfPage":{"@id":"https:\/\/snupden-fsu.fr\/index.php\/2023\/03\/01\/concours-de-recrutement-des-perdirs-pour-la-rentree-2023\/#webpage"},"wordCount":255,"publisher":{"@id":"https:\/\/snupden-fsu.fr\/#organization"},"articleSection":["Pr\u00e9paration au concours"],"inLanguage":"fr-FR"},{"@type":"Person","@id":"https:\/\/snupden-fsu.fr\/#\/schema\/person\/f328fc98d73ca6c85ca6ca6d987b1e0e","name":"jean klein","image":{"@type":"ImageObject","@id":"https:\/\/snupden-fsu.fr\/#personlogo","inLanguage":"fr-FR","url":"https:\/\/secure.gravatar.com\/avatar\/cbd6ac971f6bb0bbd4697bbfeaa1fff02c1dbefc7a6243448920d7676d7c1688?s=96&d=mm&r=g","contentUrl":"https:\/\/secure.gravatar.com\/avatar\/cbd6ac971f6bb0bbd4697bbfeaa1fff02c1dbefc7a6243448920d7676d7c1688?s=96&d=mm&r=g","caption":"jean klein"},"url":"https:\/\/snupden-fsu.fr\/index.php\/author\/jean-klein\/"}]}},"_links":{"self":[{"href":"https:\/\/snupden-fsu.fr\/index.php\/wp-json\/wp\/v2\/posts\/3856","targetHints":{"allow":["GET"]}}],"collection":[{"href":"https:\/\/snupden-fsu.fr\/index.php\/wp-json\/wp\/v2\/posts"}],"about":[{"href":"https:\/\/snupden-fsu.fr\/index.php\/wp-json\/wp\/v2\/types\/post"}],"author":[{"embeddable":true,"href":"https:\/\/snupden-fsu.fr\/index.php\/wp-json\/wp\/v2\/users\/10"}],"replies":[{"embeddable":true,"href":"https:\/\/snupden-fsu.fr\/index.php\/wp-json\/wp\/v2\/comments?post=3856"}],"version-history":[{"count":2,"href":"https:\/\/snupden-fsu.fr\/index.php\/wp-json\/wp\/v2\/posts\/3856\/revisions"}],"predecessor-version":[{"id":3861,"href":"https:\/\/snupden-fsu.fr\/index.php\/wp-json\/wp\/v2\/posts\/3856\/revisions\/3861"}],"wp:attachment":[{"href":"https:\/\/snupden-fsu.fr\/index.php\/wp-json\/wp\/v2\/media?parent=3856"}],"wp:term":[{"taxonomy":"category","embeddable":true,"href":"https:\/\/snupden-fsu.fr\/index.php\/wp-json\/wp\/v2\/categories?post=3856"},{"taxonomy":"post_tag","embeddable":true,"href":"https:\/\/snupden-fsu.fr\/index.php\/wp-json\/wp\/v2\/tags?post=3856"}],"curies":[{"name":"wp","href":"https:\/\/api.w.org\/{rel}","templated":true}]}}