{"id":3846,"date":"2023-02-28T17:14:22","date_gmt":"2023-02-28T16:14:22","guid":{"rendered":"http:\/\/snupden-fsu.fr\/?p=3846"},"modified":"2023-09-27T11:19:26","modified_gmt":"2023-09-27T09:19:26","slug":"personnel-de-direction-de-leducation-nationale-jexerce-mon-droit-de-greve","status":"publish","type":"post","link":"https:\/\/snupden-fsu.fr\/index.php\/2023\/02\/28\/personnel-de-direction-de-leducation-nationale-jexerce-mon-droit-de-greve\/","title":{"rendered":"Personnel de direction de l&rsquo;\u00c9ducation Nationale, j&rsquo;exerce mon droit de gr\u00e8ve !"},"content":{"rendered":"\n<p>La gr\u00e8ve constitue un temps fort de la mobilisation. Le sn<strong><em>U<\/em><\/strong>.pden-FSU vous indique pratiquement comment exercer ce droit lorsque les circonstances l&rsquo;exigent.<\/p>\n\n\n\n<p>Les chefs d\u2019\u00e9tablissement, comme tout salari\u00e9, ont le droit de gr\u00e8ve et de manifestation.<\/p>\n\n\n\n<p>Nous restons responsables de l\u2019organisation de l\u2019\u00e9tablissement pour assurer l\u2019accueil des \u00e9l\u00e8ves pr\u00e9sents et la s\u00e9curit\u00e9 des biens et des personnes. Se d\u00e9clarer en gr\u00e8ve n\u00e9cessite une communication au sup\u00e9rieur hi\u00e9rarchique direct. Si les conditions d\u2019accueil et de s\u00e9curit\u00e9 le permettent, il est possible de participer \u00e0 la manifestation, aux rassemblements\u2026<\/p>\n\n\n\n<p>Pour se d\u00e9clarer gr\u00e9viste, nous vous conseillons d\u2019adresser un mail au DASEN ou au Recteur.<\/p>\n\n\n\n<p>Le courrier suivant peut vous servir de mod\u00e8le :<\/p>\n\n\n\n<p>\u00ab\u00a0Madame, <em>Monsieur le-la Directeur-rice Acad\u00e9mique,<\/em><\/p>\n\n\n\n<p><em><br>Je vous informe que j\u2019exerce mon droit de gr\u00e8ve aujourd\u2019hui xx xxxxxxx xxxx.<\/em><\/p>\n\n\n\n<p>(En tenant compte des r\u00e9alit\u00e9s locales \u2013 gr\u00e8ve dans la vie scolaire et\/ou dans la restauration, vous pouvez ajouter l\u2019\u00e9l\u00e9ment suivant)<\/p>\n\n\n\n<p><em>L\u2019accueil, la restauration et la s\u00e9curit\u00e9 des biens et des personnes sont assur\u00e9s.<\/em><\/p>\n\n\n\n<p><em><br>Respectueusement,<\/em>\u00ab\u00a0<\/p>\n\n\n\n<p>L\u2019adh\u00e9sion des personnels de direction contribue \u00e0 l\u2019importance d&rsquo;un mouvement et \u00e0 son amplification.\u00a0<\/p>\n\n\n\n<p>Lorsque les personnels de direction sont gr\u00e9vistes, ils n&rsquo;ont pas \u00e0 r\u00e9aliser de t\u00e2ches administratives, dont la remont\u00e9e de la liste nominative des gr\u00e9vistes. L&rsquo;ensemble des r\u00e9unions et t\u00e2ches administratives sont report\u00e9es.<\/p>\n\n\n\n<p>De plus, nous rappelons qu\u2019en vertu de l\u2019article R421-12 du Code de l\u2019Education, \u00ab&nbsp;en cas de difficult\u00e9s graves dans le fonctionnement d\u2019un \u00e9tablissement, le chef d\u2019\u00e9tablissement peut prendre toutes dispositions n\u00e9cessaires pour assurer le bon fonctionnement du service public. S\u2019il y a urgence, et notamment en cas de menace ou d\u2019action contre l\u2019ordre dans l\u2019enceinte et les locaux scolaires de l\u2019\u00e9tablissement, le chef d\u2019\u00e9tablissement, sans pr\u00e9judice des dispositions g\u00e9n\u00e9rales r\u00e9glementant l\u2019acc\u00e8s aux \u00e9tablissements, peut suspendre des enseignements ou autres activit\u00e9s au sein de l\u2019\u00e9tablissement&nbsp;\u00bb.<\/p>\n\n\n\n<p>Le chef d\u2019\u00e9tablissement informe le conseil d\u2019administration des d\u00e9cisions prises et en rend compte \u00e0 l\u2019autorit\u00e9 acad\u00e9mique, au maire, au pr\u00e9sident du conseil d\u00e9partemental ou du conseil r\u00e9gional et au repr\u00e9sentant de l\u2019Etat dans le d\u00e9partement.<\/p>\n\n\n\n<p><\/p>\n\n\n\n<p><\/p>\n\n\n\n<p><\/p>\n","protected":false},"excerpt":{"rendered":"<div class=\"mh-excerpt\"><p>La gr\u00e8ve constitue un temps fort de la mobilisation. Le snU.pden-FSU vous indique pratiquement comment exercer ce droit lorsque les circonstances l&rsquo;exigent. Les chefs d\u2019\u00e9tablissement, comme tout salari\u00e9, ont le <a class=\"mh-excerpt-more\" href=\"https:\/\/snupden-fsu.fr\/index.php\/2023\/02\/28\/personnel-de-direction-de-leducation-nationale-jexerce-mon-droit-de-greve\/\" title=\"Personnel de direction de l&rsquo;\u00c9ducation Nationale, j&rsquo;exerce mon droit de gr\u00e8ve !\">[&#8230;]<\/a><\/p>\n<\/div>","protected":false},"author":9,"featured_media":0,"comment_status":"closed","ping_status":"closed","sticky":false,"template":"","format":"standard","meta":{"_bbp_topic_count":0,"_bbp_reply_count":0,"_bbp_total_topic_count":0,"_bbp_total_reply_count":0,"_bbp_voice_count":0,"_bbp_anonymous_reply_count":0,"_bbp_topic_count_hidden":0,"_bbp_reply_count_hidden":0,"_bbp_forum_subforum_count":0,"_exactmetrics_skip_tracking":false,"_exactmetrics_sitenote_active":false,"_exactmetrics_sitenote_note":"","_exactmetrics_sitenote_category":0,"footnotes":""},"categories":[283,100,14],"tags":[],"class_list":["post-3846","post","type-post","status-publish","format-standard","hentry","category-action","category-greve","category-memento"],"yoast_head":"<!-- This site is optimized with the Yoast SEO plugin v18.5.1 - https:\/\/yoast.com\/wordpress\/plugins\/seo\/ -->\n<title>Personnel de direction de l&#039;\u00c9ducation Nationale, j&#039;exerce mon droit de gr\u00e8ve ! -<\/title>\n<meta name=\"robots\" content=\"index, follow, max-snippet:-1, max-image-preview:large, max-video-preview:-1\" \/>\n<link rel=\"canonical\" href=\"https:\/\/snupden-fsu.fr\/index.php\/2023\/02\/28\/personnel-de-direction-de-leducation-nationale-jexerce-mon-droit-de-greve\/\" \/>\n<meta property=\"og:locale\" content=\"fr_FR\" \/>\n<meta property=\"og:type\" content=\"article\" \/>\n<meta property=\"og:title\" content=\"Personnel de direction de l&#039;\u00c9ducation Nationale, j&#039;exerce mon droit de gr\u00e8ve ! -\" \/>\n<meta property=\"og:description\" content=\"La gr\u00e8ve constitue un temps fort de la mobilisation. Le snU.pden-FSU vous indique pratiquement comment exercer ce droit lorsque les circonstances l&rsquo;exigent. Les chefs d\u2019\u00e9tablissement, comme tout salari\u00e9, ont le [...]\" \/>\n<meta property=\"og:url\" content=\"https:\/\/snupden-fsu.fr\/index.php\/2023\/02\/28\/personnel-de-direction-de-leducation-nationale-jexerce-mon-droit-de-greve\/\" \/>\n<meta property=\"article:published_time\" content=\"2023-02-28T16:14:22+00:00\" \/>\n<meta property=\"article:modified_time\" content=\"2023-09-27T09:19:26+00:00\" \/>\n<meta name=\"twitter:card\" content=\"summary_large_image\" \/>\n<meta name=\"twitter:label1\" content=\"\u00c9crit par\" \/>\n\t<meta name=\"twitter:data1\" content=\"Bureau national\" \/>\n\t<meta name=\"twitter:label2\" content=\"Dur\u00e9e de lecture estim\u00e9e\" \/>\n\t<meta name=\"twitter:data2\" content=\"2 minutes\" \/>\n<script type=\"application\/ld+json\" class=\"yoast-schema-graph\">{\"@context\":\"https:\/\/schema.org\",\"@graph\":[{\"@type\":\"Organization\",\"@id\":\"https:\/\/snupden-fsu.fr\/#organization\",\"name\":\"snU.Pden-FSU\",\"url\":\"https:\/\/snupden-fsu.fr\/\",\"sameAs\":[],\"logo\":{\"@type\":\"ImageObject\",\"@id\":\"https:\/\/snupden-fsu.fr\/#logo\",\"inLanguage\":\"fr-FR\",\"url\":\"http:\/\/snupden-fsu.fr\/wp-content\/uploads\/2018\/03\/logo_snupden-3.jpg\",\"contentUrl\":\"http:\/\/snupden-fsu.fr\/wp-content\/uploads\/2018\/03\/logo_snupden-3.jpg\",\"width\":612,\"height\":183,\"caption\":\"snU.Pden-FSU\"},\"image\":{\"@id\":\"https:\/\/snupden-fsu.fr\/#logo\"}},{\"@type\":\"WebSite\",\"@id\":\"https:\/\/snupden-fsu.fr\/#website\",\"url\":\"https:\/\/snupden-fsu.fr\/\",\"name\":\"snU.pden-FSU\",\"description\":\"Le snU.pden-FSU devient FSU Per Dir\",\"publisher\":{\"@id\":\"https:\/\/snupden-fsu.fr\/#organization\"},\"potentialAction\":[{\"@type\":\"SearchAction\",\"target\":{\"@type\":\"EntryPoint\",\"urlTemplate\":\"https:\/\/snupden-fsu.fr\/?s={search_term_string}\"},\"query-input\":\"required name=search_term_string\"}],\"inLanguage\":\"fr-FR\"},{\"@type\":\"WebPage\",\"@id\":\"https:\/\/snupden-fsu.fr\/index.php\/2023\/02\/28\/personnel-de-direction-de-leducation-nationale-jexerce-mon-droit-de-greve\/#webpage\",\"url\":\"https:\/\/snupden-fsu.fr\/index.php\/2023\/02\/28\/personnel-de-direction-de-leducation-nationale-jexerce-mon-droit-de-greve\/\",\"name\":\"Personnel de direction de l'\u00c9ducation Nationale, j'exerce mon droit de gr\u00e8ve ! -\",\"isPartOf\":{\"@id\":\"https:\/\/snupden-fsu.fr\/#website\"},\"datePublished\":\"2023-02-28T16:14:22+00:00\",\"dateModified\":\"2023-09-27T09:19:26+00:00\",\"breadcrumb\":{\"@id\":\"https:\/\/snupden-fsu.fr\/index.php\/2023\/02\/28\/personnel-de-direction-de-leducation-nationale-jexerce-mon-droit-de-greve\/#breadcrumb\"},\"inLanguage\":\"fr-FR\",\"potentialAction\":[{\"@type\":\"ReadAction\",\"target\":[\"https:\/\/snupden-fsu.fr\/index.php\/2023\/02\/28\/personnel-de-direction-de-leducation-nationale-jexerce-mon-droit-de-greve\/\"]}]},{\"@type\":\"BreadcrumbList\",\"@id\":\"https:\/\/snupden-fsu.fr\/index.php\/2023\/02\/28\/personnel-de-direction-de-leducation-nationale-jexerce-mon-droit-de-greve\/#breadcrumb\",\"itemListElement\":[{\"@type\":\"ListItem\",\"position\":1,\"name\":\"Accueil\",\"item\":\"https:\/\/snupden-fsu.fr\/\"},{\"@type\":\"ListItem\",\"position\":2,\"name\":\"Personnel de direction de l&rsquo;\u00c9ducation Nationale, j&rsquo;exerce mon droit de gr\u00e8ve !\"}]},{\"@type\":\"Article\",\"@id\":\"https:\/\/snupden-fsu.fr\/index.php\/2023\/02\/28\/personnel-de-direction-de-leducation-nationale-jexerce-mon-droit-de-greve\/#article\",\"isPartOf\":{\"@id\":\"https:\/\/snupden-fsu.fr\/index.php\/2023\/02\/28\/personnel-de-direction-de-leducation-nationale-jexerce-mon-droit-de-greve\/#webpage\"},\"author\":{\"@id\":\"https:\/\/snupden-fsu.fr\/#\/schema\/person\/1edf71884cc9d0706bf4b4b380456f72\"},\"headline\":\"Personnel de direction de l&rsquo;\u00c9ducation Nationale, j&rsquo;exerce mon droit de gr\u00e8ve !\",\"datePublished\":\"2023-02-28T16:14:22+00:00\",\"dateModified\":\"2023-09-27T09:19:26+00:00\",\"mainEntityOfPage\":{\"@id\":\"https:\/\/snupden-fsu.fr\/index.php\/2023\/02\/28\/personnel-de-direction-de-leducation-nationale-jexerce-mon-droit-de-greve\/#webpage\"},\"wordCount\":416,\"publisher\":{\"@id\":\"https:\/\/snupden-fsu.fr\/#organization\"},\"articleSection\":[\"Action\",\"Gr\u00e8ve\",\"Memento\"],\"inLanguage\":\"fr-FR\"},{\"@type\":\"Person\",\"@id\":\"https:\/\/snupden-fsu.fr\/#\/schema\/person\/1edf71884cc9d0706bf4b4b380456f72\",\"name\":\"Bureau national\",\"image\":{\"@type\":\"ImageObject\",\"@id\":\"https:\/\/snupden-fsu.fr\/#personlogo\",\"inLanguage\":\"fr-FR\",\"url\":\"https:\/\/secure.gravatar.com\/avatar\/a5ca06c32142c6dde84bb9bd5e7908779d6b092fef2b54818fd5a687421141d9?s=96&d=mm&r=g\",\"contentUrl\":\"https:\/\/secure.gravatar.com\/avatar\/a5ca06c32142c6dde84bb9bd5e7908779d6b092fef2b54818fd5a687421141d9?s=96&d=mm&r=g\",\"caption\":\"Bureau national\"},\"url\":\"https:\/\/snupden-fsu.fr\/index.php\/author\/bureau-national\/\"}]}<\/script>\n<!-- \/ Yoast SEO plugin. -->","yoast_head_json":{"title":"Personnel de direction de l'\u00c9ducation Nationale, j'exerce mon droit de gr\u00e8ve ! -","robots":{"index":"index","follow":"follow","max-snippet":"max-snippet:-1","max-image-preview":"max-image-preview:large","max-video-preview":"max-video-preview:-1"},"canonical":"https:\/\/snupden-fsu.fr\/index.php\/2023\/02\/28\/personnel-de-direction-de-leducation-nationale-jexerce-mon-droit-de-greve\/","og_locale":"fr_FR","og_type":"article","og_title":"Personnel de direction de l'\u00c9ducation Nationale, j'exerce mon droit de gr\u00e8ve ! -","og_description":"La gr\u00e8ve constitue un temps fort de la mobilisation. Le snU.pden-FSU vous indique pratiquement comment exercer ce droit lorsque les circonstances l&rsquo;exigent. Les chefs d\u2019\u00e9tablissement, comme tout salari\u00e9, ont le [...]","og_url":"https:\/\/snupden-fsu.fr\/index.php\/2023\/02\/28\/personnel-de-direction-de-leducation-nationale-jexerce-mon-droit-de-greve\/","article_published_time":"2023-02-28T16:14:22+00:00","article_modified_time":"2023-09-27T09:19:26+00:00","twitter_card":"summary_large_image","twitter_misc":{"\u00c9crit par":"Bureau national","Dur\u00e9e de lecture estim\u00e9e":"2 minutes"},"schema":{"@context":"https:\/\/schema.org","@graph":[{"@type":"Organization","@id":"https:\/\/snupden-fsu.fr\/#organization","name":"snU.Pden-FSU","url":"https:\/\/snupden-fsu.fr\/","sameAs":[],"logo":{"@type":"ImageObject","@id":"https:\/\/snupden-fsu.fr\/#logo","inLanguage":"fr-FR","url":"http:\/\/snupden-fsu.fr\/wp-content\/uploads\/2018\/03\/logo_snupden-3.jpg","contentUrl":"http:\/\/snupden-fsu.fr\/wp-content\/uploads\/2018\/03\/logo_snupden-3.jpg","width":612,"height":183,"caption":"snU.Pden-FSU"},"image":{"@id":"https:\/\/snupden-fsu.fr\/#logo"}},{"@type":"WebSite","@id":"https:\/\/snupden-fsu.fr\/#website","url":"https:\/\/snupden-fsu.fr\/","name":"snU.pden-FSU","description":"Le snU.pden-FSU devient FSU Per Dir","publisher":{"@id":"https:\/\/snupden-fsu.fr\/#organization"},"potentialAction":[{"@type":"SearchAction","target":{"@type":"EntryPoint","urlTemplate":"https:\/\/snupden-fsu.fr\/?s={search_term_string}"},"query-input":"required name=search_term_string"}],"inLanguage":"fr-FR"},{"@type":"WebPage","@id":"https:\/\/snupden-fsu.fr\/index.php\/2023\/02\/28\/personnel-de-direction-de-leducation-nationale-jexerce-mon-droit-de-greve\/#webpage","url":"https:\/\/snupden-fsu.fr\/index.php\/2023\/02\/28\/personnel-de-direction-de-leducation-nationale-jexerce-mon-droit-de-greve\/","name":"Personnel de direction de l'\u00c9ducation Nationale, j'exerce mon droit de gr\u00e8ve ! -","isPartOf":{"@id":"https:\/\/snupden-fsu.fr\/#website"},"datePublished":"2023-02-28T16:14:22+00:00","dateModified":"2023-09-27T09:19:26+00:00","breadcrumb":{"@id":"https:\/\/snupden-fsu.fr\/index.php\/2023\/02\/28\/personnel-de-direction-de-leducation-nationale-jexerce-mon-droit-de-greve\/#breadcrumb"},"inLanguage":"fr-FR","potentialAction":[{"@type":"ReadAction","target":["https:\/\/snupden-fsu.fr\/index.php\/2023\/02\/28\/personnel-de-direction-de-leducation-nationale-jexerce-mon-droit-de-greve\/"]}]},{"@type":"BreadcrumbList","@id":"https:\/\/snupden-fsu.fr\/index.php\/2023\/02\/28\/personnel-de-direction-de-leducation-nationale-jexerce-mon-droit-de-greve\/#breadcrumb","itemListElement":[{"@type":"ListItem","position":1,"name":"Accueil","item":"https:\/\/snupden-fsu.fr\/"},{"@type":"ListItem","position":2,"name":"Personnel de direction de l&rsquo;\u00c9ducation Nationale, j&rsquo;exerce mon droit de gr\u00e8ve !"}]},{"@type":"Article","@id":"https:\/\/snupden-fsu.fr\/index.php\/2023\/02\/28\/personnel-de-direction-de-leducation-nationale-jexerce-mon-droit-de-greve\/#article","isPartOf":{"@id":"https:\/\/snupden-fsu.fr\/index.php\/2023\/02\/28\/personnel-de-direction-de-leducation-nationale-jexerce-mon-droit-de-greve\/#webpage"},"author":{"@id":"https:\/\/snupden-fsu.fr\/#\/schema\/person\/1edf71884cc9d0706bf4b4b380456f72"},"headline":"Personnel de direction de l&rsquo;\u00c9ducation Nationale, j&rsquo;exerce mon droit de gr\u00e8ve !","datePublished":"2023-02-28T16:14:22+00:00","dateModified":"2023-09-27T09:19:26+00:00","mainEntityOfPage":{"@id":"https:\/\/snupden-fsu.fr\/index.php\/2023\/02\/28\/personnel-de-direction-de-leducation-nationale-jexerce-mon-droit-de-greve\/#webpage"},"wordCount":416,"publisher":{"@id":"https:\/\/snupden-fsu.fr\/#organization"},"articleSection":["Action","Gr\u00e8ve","Memento"],"inLanguage":"fr-FR"},{"@type":"Person","@id":"https:\/\/snupden-fsu.fr\/#\/schema\/person\/1edf71884cc9d0706bf4b4b380456f72","name":"Bureau national","image":{"@type":"ImageObject","@id":"https:\/\/snupden-fsu.fr\/#personlogo","inLanguage":"fr-FR","url":"https:\/\/secure.gravatar.com\/avatar\/a5ca06c32142c6dde84bb9bd5e7908779d6b092fef2b54818fd5a687421141d9?s=96&d=mm&r=g","contentUrl":"https:\/\/secure.gravatar.com\/avatar\/a5ca06c32142c6dde84bb9bd5e7908779d6b092fef2b54818fd5a687421141d9?s=96&d=mm&r=g","caption":"Bureau national"},"url":"https:\/\/snupden-fsu.fr\/index.php\/author\/bureau-national\/"}]}},"_links":{"self":[{"href":"https:\/\/snupden-fsu.fr\/index.php\/wp-json\/wp\/v2\/posts\/3846","targetHints":{"allow":["GET"]}}],"collection":[{"href":"https:\/\/snupden-fsu.fr\/index.php\/wp-json\/wp\/v2\/posts"}],"about":[{"href":"https:\/\/snupden-fsu.fr\/index.php\/wp-json\/wp\/v2\/types\/post"}],"author":[{"embeddable":true,"href":"https:\/\/snupden-fsu.fr\/index.php\/wp-json\/wp\/v2\/users\/9"}],"replies":[{"embeddable":true,"href":"https:\/\/snupden-fsu.fr\/index.php\/wp-json\/wp\/v2\/comments?post=3846"}],"version-history":[{"count":1,"href":"https:\/\/snupden-fsu.fr\/index.php\/wp-json\/wp\/v2\/posts\/3846\/revisions"}],"predecessor-version":[{"id":3847,"href":"https:\/\/snupden-fsu.fr\/index.php\/wp-json\/wp\/v2\/posts\/3846\/revisions\/3847"}],"wp:attachment":[{"href":"https:\/\/snupden-fsu.fr\/index.php\/wp-json\/wp\/v2\/media?parent=3846"}],"wp:term":[{"taxonomy":"category","embeddable":true,"href":"https:\/\/snupden-fsu.fr\/index.php\/wp-json\/wp\/v2\/categories?post=3846"},{"taxonomy":"post_tag","embeddable":true,"href":"https:\/\/snupden-fsu.fr\/index.php\/wp-json\/wp\/v2\/tags?post=3846"}],"curies":[{"name":"wp","href":"https:\/\/api.w.org\/{rel}","templated":true}]}}