{"id":3833,"date":"2023-02-03T13:24:31","date_gmt":"2023-02-03T12:24:31","guid":{"rendered":"http:\/\/snupden-fsu.fr\/?p=3833"},"modified":"2023-08-24T15:51:06","modified_gmt":"2023-08-24T13:51:06","slug":"retraite-lentetement-jusqua-quand","status":"publish","type":"post","link":"https:\/\/snupden-fsu.fr\/index.php\/2023\/02\/03\/retraite-lentetement-jusqua-quand\/","title":{"rendered":"Retraite\u00a0: l&rsquo;ent\u00eatement jusqu&rsquo;\u00e0 quand\u00a0?"},"content":{"rendered":"\n<h1 class=\"has-medium-font-size wp-block-heading\">9 travailleurs sur 10 rejettent la r\u00e9forme, 2\/3 de la population soutiennent les mobilisations en y participant massivement.<\/h1>\n\n\n\n<h1 class=\"has-medium-font-size wp-block-heading\"><\/h1>\n\n\n\n<p>La r\u00e9ussite des mobilisations du 19 janvier et leur amplification lors des manifestations du 31 janvier confirment la d\u00e9termination \u00e0 refuser le projet de r\u00e9forme des retraites du gouvernement.<\/p>\n\n\n\n<p>La population se retrouve dans les revendications des organisations syndicales qui s\u2019opposent au recul de l\u2019\u00e2ge de d\u00e9part en retraite \u00e0 64 ans et aux 43 annuit\u00e9s de cotisation. 9 travailleurs sur 10 rejettent la r\u00e9forme, 2\/3 de la population soutiennent les mobilisations en y participant massivement.<\/p>\n\n\n\n<p>Les organisations syndicales ont protest\u00e9 contre l&rsquo;envoi d&rsquo;un&nbsp;mail du ministre de la Transformation et de la Fonction Publique<s>,<\/s> tant aux agents publics qu\u2019\u00e0 des salari\u00e9s de droit priv\u00e9. Mail qui listait des arguments en faveur de la r\u00e9forme des retraites.<\/p>\n\n\n\n<p>Malgr\u00e9 un service \u00ab&nbsp;apr\u00e8s vente&nbsp;\u00bb gouvernemental se voulant \u00ab&nbsp;p\u00e9dagogique&nbsp;\u00bb, personne ne s\u2019est laiss\u00e9 tromper. <strong>Rien ne justifie cette r\u00e9forme aussi injuste que brutale. Le gouvernement doit entendre le rejet massif de son projet et le retirer.<\/strong><\/p>\n\n\n\n<p><em>La premi\u00e8re ministre confirmant son refus de retirer la mesure d&rsquo;\u00e2ge, l\u2019intersyndicale appelle toute la population \u00e0 se mobiliser, encore plus massivement, par la gr\u00e8ve et la manifestation le mardi 7 f\u00e9vrier et le samedi 11 f\u00e9vrier pour obtenir le retrait de cette r\u00e9forme.<\/em><\/p>\n\n\n\n<p><strong>Le sn<em>U.<\/em>pden-FSU appelle les personnels de direction \u00e0 se mobiliser, par la gr\u00e8ve et la participation aux manifestations lorsque l\u2019organisation des \u00e9tablissements le permet.<\/strong><\/p>\n\n\n\n<p>Bureau national<\/p>\n\n\n\n<p>Paris, le 3 f\u00e9vrier 2023<\/p>\n","protected":false},"excerpt":{"rendered":"<div class=\"mh-excerpt\"><p>9 travailleurs sur 10 rejettent la r\u00e9forme, 2\/3 de la population soutiennent les mobilisations en y participant massivement. La r\u00e9ussite des mobilisations du 19 janvier et leur amplification lors des <a class=\"mh-excerpt-more\" href=\"https:\/\/snupden-fsu.fr\/index.php\/2023\/02\/03\/retraite-lentetement-jusqua-quand\/\" title=\"Retraite\u00a0: l&rsquo;ent\u00eatement jusqu&rsquo;\u00e0 quand\u00a0?\">[&#8230;]<\/a><\/p>\n<\/div>","protected":false},"author":9,"featured_media":0,"comment_status":"closed","ping_status":"closed","sticky":false,"template":"","format":"standard","meta":{"_bbp_topic_count":0,"_bbp_reply_count":0,"_bbp_total_topic_count":0,"_bbp_total_reply_count":0,"_bbp_voice_count":0,"_bbp_anonymous_reply_count":0,"_bbp_topic_count_hidden":0,"_bbp_reply_count_hidden":0,"_bbp_forum_subforum_count":0,"_exactmetrics_skip_tracking":false,"_exactmetrics_sitenote_active":false,"_exactmetrics_sitenote_note":"","_exactmetrics_sitenote_category":0,"footnotes":""},"categories":[283,10,287,24],"tags":[],"class_list":["post-3833","post","type-post","status-publish","format-standard","hentry","category-action","category-actualites","category-mobilisation-contre-la-reforme-des-retraites-2023","category-retraites"],"yoast_head":"<!-- This site is optimized with the Yoast SEO plugin v18.5.1 - https:\/\/yoast.com\/wordpress\/plugins\/seo\/ -->\n<title>Retraite\u00a0: l&#039;ent\u00eatement jusqu&#039;\u00e0 quand\u00a0? -<\/title>\n<meta name=\"robots\" content=\"index, follow, max-snippet:-1, max-image-preview:large, max-video-preview:-1\" \/>\n<link rel=\"canonical\" href=\"https:\/\/snupden-fsu.fr\/index.php\/2023\/02\/03\/retraite-lentetement-jusqua-quand\/\" \/>\n<meta property=\"og:locale\" content=\"fr_FR\" \/>\n<meta property=\"og:type\" content=\"article\" \/>\n<meta property=\"og:title\" content=\"Retraite\u00a0: l&#039;ent\u00eatement jusqu&#039;\u00e0 quand\u00a0? -\" \/>\n<meta property=\"og:description\" content=\"9 travailleurs sur 10 rejettent la r\u00e9forme, 2\/3 de la population soutiennent les mobilisations en y participant massivement. La r\u00e9ussite des mobilisations du 19 janvier et leur amplification lors des [...]\" \/>\n<meta property=\"og:url\" content=\"https:\/\/snupden-fsu.fr\/index.php\/2023\/02\/03\/retraite-lentetement-jusqua-quand\/\" \/>\n<meta property=\"article:published_time\" content=\"2023-02-03T12:24:31+00:00\" \/>\n<meta property=\"article:modified_time\" content=\"2023-08-24T13:51:06+00:00\" \/>\n<meta name=\"twitter:card\" content=\"summary_large_image\" \/>\n<meta name=\"twitter:label1\" content=\"\u00c9crit par\" \/>\n\t<meta name=\"twitter:data1\" content=\"Bureau national\" \/>\n\t<meta name=\"twitter:label2\" content=\"Dur\u00e9e de lecture estim\u00e9e\" \/>\n\t<meta name=\"twitter:data2\" content=\"2 minutes\" \/>\n<script type=\"application\/ld+json\" class=\"yoast-schema-graph\">{\"@context\":\"https:\/\/schema.org\",\"@graph\":[{\"@type\":\"Organization\",\"@id\":\"https:\/\/snupden-fsu.fr\/#organization\",\"name\":\"snU.Pden-FSU\",\"url\":\"https:\/\/snupden-fsu.fr\/\",\"sameAs\":[],\"logo\":{\"@type\":\"ImageObject\",\"@id\":\"https:\/\/snupden-fsu.fr\/#logo\",\"inLanguage\":\"fr-FR\",\"url\":\"http:\/\/snupden-fsu.fr\/wp-content\/uploads\/2018\/03\/logo_snupden-3.jpg\",\"contentUrl\":\"http:\/\/snupden-fsu.fr\/wp-content\/uploads\/2018\/03\/logo_snupden-3.jpg\",\"width\":612,\"height\":183,\"caption\":\"snU.Pden-FSU\"},\"image\":{\"@id\":\"https:\/\/snupden-fsu.fr\/#logo\"}},{\"@type\":\"WebSite\",\"@id\":\"https:\/\/snupden-fsu.fr\/#website\",\"url\":\"https:\/\/snupden-fsu.fr\/\",\"name\":\"snU.pden-FSU\",\"description\":\"Le snU.pden-FSU devient FSU Per Dir\",\"publisher\":{\"@id\":\"https:\/\/snupden-fsu.fr\/#organization\"},\"potentialAction\":[{\"@type\":\"SearchAction\",\"target\":{\"@type\":\"EntryPoint\",\"urlTemplate\":\"https:\/\/snupden-fsu.fr\/?s={search_term_string}\"},\"query-input\":\"required name=search_term_string\"}],\"inLanguage\":\"fr-FR\"},{\"@type\":\"WebPage\",\"@id\":\"https:\/\/snupden-fsu.fr\/index.php\/2023\/02\/03\/retraite-lentetement-jusqua-quand\/#webpage\",\"url\":\"https:\/\/snupden-fsu.fr\/index.php\/2023\/02\/03\/retraite-lentetement-jusqua-quand\/\",\"name\":\"Retraite\u00a0: l'ent\u00eatement jusqu'\u00e0 quand\u00a0? -\",\"isPartOf\":{\"@id\":\"https:\/\/snupden-fsu.fr\/#website\"},\"datePublished\":\"2023-02-03T12:24:31+00:00\",\"dateModified\":\"2023-08-24T13:51:06+00:00\",\"breadcrumb\":{\"@id\":\"https:\/\/snupden-fsu.fr\/index.php\/2023\/02\/03\/retraite-lentetement-jusqua-quand\/#breadcrumb\"},\"inLanguage\":\"fr-FR\",\"potentialAction\":[{\"@type\":\"ReadAction\",\"target\":[\"https:\/\/snupden-fsu.fr\/index.php\/2023\/02\/03\/retraite-lentetement-jusqua-quand\/\"]}]},{\"@type\":\"BreadcrumbList\",\"@id\":\"https:\/\/snupden-fsu.fr\/index.php\/2023\/02\/03\/retraite-lentetement-jusqua-quand\/#breadcrumb\",\"itemListElement\":[{\"@type\":\"ListItem\",\"position\":1,\"name\":\"Accueil\",\"item\":\"https:\/\/snupden-fsu.fr\/\"},{\"@type\":\"ListItem\",\"position\":2,\"name\":\"Retraite\u00a0: l&rsquo;ent\u00eatement jusqu&rsquo;\u00e0 quand\u00a0?\"}]},{\"@type\":\"Article\",\"@id\":\"https:\/\/snupden-fsu.fr\/index.php\/2023\/02\/03\/retraite-lentetement-jusqua-quand\/#article\",\"isPartOf\":{\"@id\":\"https:\/\/snupden-fsu.fr\/index.php\/2023\/02\/03\/retraite-lentetement-jusqua-quand\/#webpage\"},\"author\":{\"@id\":\"https:\/\/snupden-fsu.fr\/#\/schema\/person\/1edf71884cc9d0706bf4b4b380456f72\"},\"headline\":\"Retraite\u00a0: l&rsquo;ent\u00eatement jusqu&rsquo;\u00e0 quand\u00a0?\",\"datePublished\":\"2023-02-03T12:24:31+00:00\",\"dateModified\":\"2023-08-24T13:51:06+00:00\",\"mainEntityOfPage\":{\"@id\":\"https:\/\/snupden-fsu.fr\/index.php\/2023\/02\/03\/retraite-lentetement-jusqua-quand\/#webpage\"},\"wordCount\":264,\"publisher\":{\"@id\":\"https:\/\/snupden-fsu.fr\/#organization\"},\"articleSection\":[\"Action\",\"Actualit\u00e9s\",\"Mobilisation contre la r\u00e9forme des retraites 2023\",\"Retraites\"],\"inLanguage\":\"fr-FR\"},{\"@type\":\"Person\",\"@id\":\"https:\/\/snupden-fsu.fr\/#\/schema\/person\/1edf71884cc9d0706bf4b4b380456f72\",\"name\":\"Bureau national\",\"image\":{\"@type\":\"ImageObject\",\"@id\":\"https:\/\/snupden-fsu.fr\/#personlogo\",\"inLanguage\":\"fr-FR\",\"url\":\"https:\/\/secure.gravatar.com\/avatar\/a5ca06c32142c6dde84bb9bd5e7908779d6b092fef2b54818fd5a687421141d9?s=96&d=mm&r=g\",\"contentUrl\":\"https:\/\/secure.gravatar.com\/avatar\/a5ca06c32142c6dde84bb9bd5e7908779d6b092fef2b54818fd5a687421141d9?s=96&d=mm&r=g\",\"caption\":\"Bureau national\"},\"url\":\"https:\/\/snupden-fsu.fr\/index.php\/author\/bureau-national\/\"}]}<\/script>\n<!-- \/ Yoast SEO plugin. -->","yoast_head_json":{"title":"Retraite\u00a0: l'ent\u00eatement jusqu'\u00e0 quand\u00a0? -","robots":{"index":"index","follow":"follow","max-snippet":"max-snippet:-1","max-image-preview":"max-image-preview:large","max-video-preview":"max-video-preview:-1"},"canonical":"https:\/\/snupden-fsu.fr\/index.php\/2023\/02\/03\/retraite-lentetement-jusqua-quand\/","og_locale":"fr_FR","og_type":"article","og_title":"Retraite\u00a0: l'ent\u00eatement jusqu'\u00e0 quand\u00a0? -","og_description":"9 travailleurs sur 10 rejettent la r\u00e9forme, 2\/3 de la population soutiennent les mobilisations en y participant massivement. La r\u00e9ussite des mobilisations du 19 janvier et leur amplification lors des [...]","og_url":"https:\/\/snupden-fsu.fr\/index.php\/2023\/02\/03\/retraite-lentetement-jusqua-quand\/","article_published_time":"2023-02-03T12:24:31+00:00","article_modified_time":"2023-08-24T13:51:06+00:00","twitter_card":"summary_large_image","twitter_misc":{"\u00c9crit par":"Bureau national","Dur\u00e9e de lecture estim\u00e9e":"2 minutes"},"schema":{"@context":"https:\/\/schema.org","@graph":[{"@type":"Organization","@id":"https:\/\/snupden-fsu.fr\/#organization","name":"snU.Pden-FSU","url":"https:\/\/snupden-fsu.fr\/","sameAs":[],"logo":{"@type":"ImageObject","@id":"https:\/\/snupden-fsu.fr\/#logo","inLanguage":"fr-FR","url":"http:\/\/snupden-fsu.fr\/wp-content\/uploads\/2018\/03\/logo_snupden-3.jpg","contentUrl":"http:\/\/snupden-fsu.fr\/wp-content\/uploads\/2018\/03\/logo_snupden-3.jpg","width":612,"height":183,"caption":"snU.Pden-FSU"},"image":{"@id":"https:\/\/snupden-fsu.fr\/#logo"}},{"@type":"WebSite","@id":"https:\/\/snupden-fsu.fr\/#website","url":"https:\/\/snupden-fsu.fr\/","name":"snU.pden-FSU","description":"Le snU.pden-FSU devient FSU Per Dir","publisher":{"@id":"https:\/\/snupden-fsu.fr\/#organization"},"potentialAction":[{"@type":"SearchAction","target":{"@type":"EntryPoint","urlTemplate":"https:\/\/snupden-fsu.fr\/?s={search_term_string}"},"query-input":"required name=search_term_string"}],"inLanguage":"fr-FR"},{"@type":"WebPage","@id":"https:\/\/snupden-fsu.fr\/index.php\/2023\/02\/03\/retraite-lentetement-jusqua-quand\/#webpage","url":"https:\/\/snupden-fsu.fr\/index.php\/2023\/02\/03\/retraite-lentetement-jusqua-quand\/","name":"Retraite\u00a0: l'ent\u00eatement jusqu'\u00e0 quand\u00a0? -","isPartOf":{"@id":"https:\/\/snupden-fsu.fr\/#website"},"datePublished":"2023-02-03T12:24:31+00:00","dateModified":"2023-08-24T13:51:06+00:00","breadcrumb":{"@id":"https:\/\/snupden-fsu.fr\/index.php\/2023\/02\/03\/retraite-lentetement-jusqua-quand\/#breadcrumb"},"inLanguage":"fr-FR","potentialAction":[{"@type":"ReadAction","target":["https:\/\/snupden-fsu.fr\/index.php\/2023\/02\/03\/retraite-lentetement-jusqua-quand\/"]}]},{"@type":"BreadcrumbList","@id":"https:\/\/snupden-fsu.fr\/index.php\/2023\/02\/03\/retraite-lentetement-jusqua-quand\/#breadcrumb","itemListElement":[{"@type":"ListItem","position":1,"name":"Accueil","item":"https:\/\/snupden-fsu.fr\/"},{"@type":"ListItem","position":2,"name":"Retraite\u00a0: l&rsquo;ent\u00eatement jusqu&rsquo;\u00e0 quand\u00a0?"}]},{"@type":"Article","@id":"https:\/\/snupden-fsu.fr\/index.php\/2023\/02\/03\/retraite-lentetement-jusqua-quand\/#article","isPartOf":{"@id":"https:\/\/snupden-fsu.fr\/index.php\/2023\/02\/03\/retraite-lentetement-jusqua-quand\/#webpage"},"author":{"@id":"https:\/\/snupden-fsu.fr\/#\/schema\/person\/1edf71884cc9d0706bf4b4b380456f72"},"headline":"Retraite\u00a0: l&rsquo;ent\u00eatement jusqu&rsquo;\u00e0 quand\u00a0?","datePublished":"2023-02-03T12:24:31+00:00","dateModified":"2023-08-24T13:51:06+00:00","mainEntityOfPage":{"@id":"https:\/\/snupden-fsu.fr\/index.php\/2023\/02\/03\/retraite-lentetement-jusqua-quand\/#webpage"},"wordCount":264,"publisher":{"@id":"https:\/\/snupden-fsu.fr\/#organization"},"articleSection":["Action","Actualit\u00e9s","Mobilisation contre la r\u00e9forme des retraites 2023","Retraites"],"inLanguage":"fr-FR"},{"@type":"Person","@id":"https:\/\/snupden-fsu.fr\/#\/schema\/person\/1edf71884cc9d0706bf4b4b380456f72","name":"Bureau national","image":{"@type":"ImageObject","@id":"https:\/\/snupden-fsu.fr\/#personlogo","inLanguage":"fr-FR","url":"https:\/\/secure.gravatar.com\/avatar\/a5ca06c32142c6dde84bb9bd5e7908779d6b092fef2b54818fd5a687421141d9?s=96&d=mm&r=g","contentUrl":"https:\/\/secure.gravatar.com\/avatar\/a5ca06c32142c6dde84bb9bd5e7908779d6b092fef2b54818fd5a687421141d9?s=96&d=mm&r=g","caption":"Bureau national"},"url":"https:\/\/snupden-fsu.fr\/index.php\/author\/bureau-national\/"}]}},"_links":{"self":[{"href":"https:\/\/snupden-fsu.fr\/index.php\/wp-json\/wp\/v2\/posts\/3833","targetHints":{"allow":["GET"]}}],"collection":[{"href":"https:\/\/snupden-fsu.fr\/index.php\/wp-json\/wp\/v2\/posts"}],"about":[{"href":"https:\/\/snupden-fsu.fr\/index.php\/wp-json\/wp\/v2\/types\/post"}],"author":[{"embeddable":true,"href":"https:\/\/snupden-fsu.fr\/index.php\/wp-json\/wp\/v2\/users\/9"}],"replies":[{"embeddable":true,"href":"https:\/\/snupden-fsu.fr\/index.php\/wp-json\/wp\/v2\/comments?post=3833"}],"version-history":[{"count":2,"href":"https:\/\/snupden-fsu.fr\/index.php\/wp-json\/wp\/v2\/posts\/3833\/revisions"}],"predecessor-version":[{"id":3838,"href":"https:\/\/snupden-fsu.fr\/index.php\/wp-json\/wp\/v2\/posts\/3833\/revisions\/3838"}],"wp:attachment":[{"href":"https:\/\/snupden-fsu.fr\/index.php\/wp-json\/wp\/v2\/media?parent=3833"}],"wp:term":[{"taxonomy":"category","embeddable":true,"href":"https:\/\/snupden-fsu.fr\/index.php\/wp-json\/wp\/v2\/categories?post=3833"},{"taxonomy":"post_tag","embeddable":true,"href":"https:\/\/snupden-fsu.fr\/index.php\/wp-json\/wp\/v2\/tags?post=3833"}],"curies":[{"name":"wp","href":"https:\/\/api.w.org\/{rel}","templated":true}]}}