{"id":3753,"date":"2022-12-29T12:30:09","date_gmt":"2022-12-29T11:30:09","guid":{"rendered":"http:\/\/snupden-fsu.fr\/?p=3753"},"modified":"2023-08-24T16:28:24","modified_gmt":"2023-08-24T14:28:24","slug":"cadres-de-leducation-nationale-publication-au-journal-officiel","status":"publish","type":"post","link":"https:\/\/snupden-fsu.fr\/index.php\/2022\/12\/29\/cadres-de-leducation-nationale-publication-au-journal-officiel\/","title":{"rendered":"Carri\u00e8re &#8211; Acc\u00e8s \u00e0 la hors classe &#8211; Publication au Journal Officiel &#8211; D\u00e9cembre 2022"},"content":{"rendered":"\n<p>Les taux de promotion \u00e0 la hors classe des IA-IPR et des IEN passent \u00e0 30 %, pour les personnels de direction de 12,5 % \u00e0 15 % pour les ann\u00e9es 2023, 2024 et 2025  (<a href=\"https:\/\/www.legifrance.gouv.fr\/jorf\/id\/JORFTEXT000046820553)),\">https:\/\/www.legifrance.gouv.fr\/jorf\/id\/JORFTEXT000046820553<\/a><a href=\"https:\/\/www.legifrance.gouv.fr\/jorf\/id\/JORFTEXT000046820553)),\" target=\"_blank\" rel=\"noreferrer noopener\">),<\/a>\u00a0\u00e0 20 % pour l&rsquo;acc\u00e8s \u00e0 l&rsquo;\u00e9chelon sp\u00e9cial des IEN (<a href=\"https:\/\/www.legifrance.gouv.fr\/jorf\/id\/JORFTEXT000046820566)\" target=\"_blank\" rel=\"noreferrer noopener\">https:\/\/www.legifrance.gouv.fr\/jorf\/id\/JORFTEXT000046820566)<\/a>, \u00e0 30 % pour l&rsquo;acc\u00e8s au 2e \u00e9chelon sp\u00e9cial des IGESR (<a href=\"https:\/\/www.legifrance.gouv.fr\/jorf\/id\/JORFTEXT000046820572)\" target=\"_blank\" rel=\"noreferrer noopener\">https:\/\/www.legifrance.gouv.fr\/jorf\/id\/JORFTEXT000046820572)<\/a>.<\/p>\n","protected":false},"excerpt":{"rendered":"<div class=\"mh-excerpt\"><p>Les taux de promotion \u00e0 la hors classe des IA-IPR et des IEN passent \u00e0 30 %, pour les personnels de direction de 12,5 % \u00e0 15 % pour les <a class=\"mh-excerpt-more\" href=\"https:\/\/snupden-fsu.fr\/index.php\/2022\/12\/29\/cadres-de-leducation-nationale-publication-au-journal-officiel\/\" title=\"Carri\u00e8re &#8211; Acc\u00e8s \u00e0 la hors classe &#8211; Publication au Journal Officiel &#8211; D\u00e9cembre 2022\">[&#8230;]<\/a><\/p>\n<\/div>","protected":false},"author":9,"featured_media":0,"comment_status":"closed","ping_status":"closed","sticky":false,"template":"","format":"standard","meta":{"_bbp_topic_count":0,"_bbp_reply_count":0,"_bbp_total_topic_count":0,"_bbp_total_reply_count":0,"_bbp_voice_count":0,"_bbp_anonymous_reply_count":0,"_bbp_topic_count_hidden":0,"_bbp_reply_count_hidden":0,"_bbp_forum_subforum_count":0,"_exactmetrics_skip_tracking":false,"_exactmetrics_sitenote_active":false,"_exactmetrics_sitenote_note":"","_exactmetrics_sitenote_category":0,"footnotes":""},"categories":[22],"tags":[],"class_list":["post-3753","post","type-post","status-publish","format-standard","hentry","category-carriere"],"yoast_head":"<!-- This site is optimized with the Yoast SEO plugin v18.5.1 - https:\/\/yoast.com\/wordpress\/plugins\/seo\/ -->\n<title>Carri\u00e8re - Acc\u00e8s \u00e0 la hors classe - Publication au Journal Officiel - D\u00e9cembre 2022 -<\/title>\n<meta name=\"robots\" content=\"index, follow, max-snippet:-1, max-image-preview:large, max-video-preview:-1\" \/>\n<link rel=\"canonical\" href=\"https:\/\/snupden-fsu.fr\/index.php\/2022\/12\/29\/cadres-de-leducation-nationale-publication-au-journal-officiel\/\" \/>\n<meta property=\"og:locale\" content=\"fr_FR\" \/>\n<meta property=\"og:type\" content=\"article\" \/>\n<meta property=\"og:title\" content=\"Carri\u00e8re - Acc\u00e8s \u00e0 la hors classe - Publication au Journal Officiel - D\u00e9cembre 2022 -\" \/>\n<meta property=\"og:description\" content=\"Les taux de promotion \u00e0 la hors classe des IA-IPR et des IEN passent \u00e0 30 %, pour les personnels de direction de 12,5 % \u00e0 15 % pour les [...]\" \/>\n<meta property=\"og:url\" content=\"https:\/\/snupden-fsu.fr\/index.php\/2022\/12\/29\/cadres-de-leducation-nationale-publication-au-journal-officiel\/\" \/>\n<meta property=\"article:published_time\" content=\"2022-12-29T11:30:09+00:00\" \/>\n<meta property=\"article:modified_time\" content=\"2023-08-24T14:28:24+00:00\" \/>\n<meta name=\"twitter:card\" content=\"summary_large_image\" \/>\n<meta name=\"twitter:label1\" content=\"\u00c9crit par\" \/>\n\t<meta name=\"twitter:data1\" content=\"Bureau national\" \/>\n\t<meta name=\"twitter:label2\" content=\"Dur\u00e9e de lecture estim\u00e9e\" \/>\n\t<meta name=\"twitter:data2\" content=\"1 minute\" \/>\n<script type=\"application\/ld+json\" class=\"yoast-schema-graph\">{\"@context\":\"https:\/\/schema.org\",\"@graph\":[{\"@type\":\"Organization\",\"@id\":\"https:\/\/snupden-fsu.fr\/#organization\",\"name\":\"snU.Pden-FSU\",\"url\":\"https:\/\/snupden-fsu.fr\/\",\"sameAs\":[],\"logo\":{\"@type\":\"ImageObject\",\"@id\":\"https:\/\/snupden-fsu.fr\/#logo\",\"inLanguage\":\"fr-FR\",\"url\":\"http:\/\/snupden-fsu.fr\/wp-content\/uploads\/2018\/03\/logo_snupden-3.jpg\",\"contentUrl\":\"http:\/\/snupden-fsu.fr\/wp-content\/uploads\/2018\/03\/logo_snupden-3.jpg\",\"width\":612,\"height\":183,\"caption\":\"snU.Pden-FSU\"},\"image\":{\"@id\":\"https:\/\/snupden-fsu.fr\/#logo\"}},{\"@type\":\"WebSite\",\"@id\":\"https:\/\/snupden-fsu.fr\/#website\",\"url\":\"https:\/\/snupden-fsu.fr\/\",\"name\":\"snU.pden-FSU\",\"description\":\"Le snU.pden-FSU devient FSU Per Dir\",\"publisher\":{\"@id\":\"https:\/\/snupden-fsu.fr\/#organization\"},\"potentialAction\":[{\"@type\":\"SearchAction\",\"target\":{\"@type\":\"EntryPoint\",\"urlTemplate\":\"https:\/\/snupden-fsu.fr\/?s={search_term_string}\"},\"query-input\":\"required name=search_term_string\"}],\"inLanguage\":\"fr-FR\"},{\"@type\":\"WebPage\",\"@id\":\"https:\/\/snupden-fsu.fr\/index.php\/2022\/12\/29\/cadres-de-leducation-nationale-publication-au-journal-officiel\/#webpage\",\"url\":\"https:\/\/snupden-fsu.fr\/index.php\/2022\/12\/29\/cadres-de-leducation-nationale-publication-au-journal-officiel\/\",\"name\":\"Carri\u00e8re - Acc\u00e8s \u00e0 la hors classe - Publication au Journal Officiel - D\u00e9cembre 2022 -\",\"isPartOf\":{\"@id\":\"https:\/\/snupden-fsu.fr\/#website\"},\"datePublished\":\"2022-12-29T11:30:09+00:00\",\"dateModified\":\"2023-08-24T14:28:24+00:00\",\"breadcrumb\":{\"@id\":\"https:\/\/snupden-fsu.fr\/index.php\/2022\/12\/29\/cadres-de-leducation-nationale-publication-au-journal-officiel\/#breadcrumb\"},\"inLanguage\":\"fr-FR\",\"potentialAction\":[{\"@type\":\"ReadAction\",\"target\":[\"https:\/\/snupden-fsu.fr\/index.php\/2022\/12\/29\/cadres-de-leducation-nationale-publication-au-journal-officiel\/\"]}]},{\"@type\":\"BreadcrumbList\",\"@id\":\"https:\/\/snupden-fsu.fr\/index.php\/2022\/12\/29\/cadres-de-leducation-nationale-publication-au-journal-officiel\/#breadcrumb\",\"itemListElement\":[{\"@type\":\"ListItem\",\"position\":1,\"name\":\"Accueil\",\"item\":\"https:\/\/snupden-fsu.fr\/\"},{\"@type\":\"ListItem\",\"position\":2,\"name\":\"Carri\u00e8re &#8211; Acc\u00e8s \u00e0 la hors classe &#8211; Publication au Journal Officiel &#8211; D\u00e9cembre 2022\"}]},{\"@type\":\"Article\",\"@id\":\"https:\/\/snupden-fsu.fr\/index.php\/2022\/12\/29\/cadres-de-leducation-nationale-publication-au-journal-officiel\/#article\",\"isPartOf\":{\"@id\":\"https:\/\/snupden-fsu.fr\/index.php\/2022\/12\/29\/cadres-de-leducation-nationale-publication-au-journal-officiel\/#webpage\"},\"author\":{\"@id\":\"https:\/\/snupden-fsu.fr\/#\/schema\/person\/1edf71884cc9d0706bf4b4b380456f72\"},\"headline\":\"Carri\u00e8re &#8211; Acc\u00e8s \u00e0 la hors classe &#8211; Publication au Journal Officiel &#8211; D\u00e9cembre 2022\",\"datePublished\":\"2022-12-29T11:30:09+00:00\",\"dateModified\":\"2023-08-24T14:28:24+00:00\",\"mainEntityOfPage\":{\"@id\":\"https:\/\/snupden-fsu.fr\/index.php\/2022\/12\/29\/cadres-de-leducation-nationale-publication-au-journal-officiel\/#webpage\"},\"wordCount\":83,\"publisher\":{\"@id\":\"https:\/\/snupden-fsu.fr\/#organization\"},\"articleSection\":[\"Carri\u00e8re\"],\"inLanguage\":\"fr-FR\"},{\"@type\":\"Person\",\"@id\":\"https:\/\/snupden-fsu.fr\/#\/schema\/person\/1edf71884cc9d0706bf4b4b380456f72\",\"name\":\"Bureau national\",\"image\":{\"@type\":\"ImageObject\",\"@id\":\"https:\/\/snupden-fsu.fr\/#personlogo\",\"inLanguage\":\"fr-FR\",\"url\":\"https:\/\/secure.gravatar.com\/avatar\/a5ca06c32142c6dde84bb9bd5e7908779d6b092fef2b54818fd5a687421141d9?s=96&d=mm&r=g\",\"contentUrl\":\"https:\/\/secure.gravatar.com\/avatar\/a5ca06c32142c6dde84bb9bd5e7908779d6b092fef2b54818fd5a687421141d9?s=96&d=mm&r=g\",\"caption\":\"Bureau national\"},\"url\":\"https:\/\/snupden-fsu.fr\/index.php\/author\/bureau-national\/\"}]}<\/script>\n<!-- \/ Yoast SEO plugin. -->","yoast_head_json":{"title":"Carri\u00e8re - Acc\u00e8s \u00e0 la hors classe - Publication au Journal Officiel - D\u00e9cembre 2022 -","robots":{"index":"index","follow":"follow","max-snippet":"max-snippet:-1","max-image-preview":"max-image-preview:large","max-video-preview":"max-video-preview:-1"},"canonical":"https:\/\/snupden-fsu.fr\/index.php\/2022\/12\/29\/cadres-de-leducation-nationale-publication-au-journal-officiel\/","og_locale":"fr_FR","og_type":"article","og_title":"Carri\u00e8re - Acc\u00e8s \u00e0 la hors classe - Publication au Journal Officiel - D\u00e9cembre 2022 -","og_description":"Les taux de promotion \u00e0 la hors classe des IA-IPR et des IEN passent \u00e0 30 %, pour les personnels de direction de 12,5 % \u00e0 15 % pour les [...]","og_url":"https:\/\/snupden-fsu.fr\/index.php\/2022\/12\/29\/cadres-de-leducation-nationale-publication-au-journal-officiel\/","article_published_time":"2022-12-29T11:30:09+00:00","article_modified_time":"2023-08-24T14:28:24+00:00","twitter_card":"summary_large_image","twitter_misc":{"\u00c9crit par":"Bureau national","Dur\u00e9e de lecture estim\u00e9e":"1 minute"},"schema":{"@context":"https:\/\/schema.org","@graph":[{"@type":"Organization","@id":"https:\/\/snupden-fsu.fr\/#organization","name":"snU.Pden-FSU","url":"https:\/\/snupden-fsu.fr\/","sameAs":[],"logo":{"@type":"ImageObject","@id":"https:\/\/snupden-fsu.fr\/#logo","inLanguage":"fr-FR","url":"http:\/\/snupden-fsu.fr\/wp-content\/uploads\/2018\/03\/logo_snupden-3.jpg","contentUrl":"http:\/\/snupden-fsu.fr\/wp-content\/uploads\/2018\/03\/logo_snupden-3.jpg","width":612,"height":183,"caption":"snU.Pden-FSU"},"image":{"@id":"https:\/\/snupden-fsu.fr\/#logo"}},{"@type":"WebSite","@id":"https:\/\/snupden-fsu.fr\/#website","url":"https:\/\/snupden-fsu.fr\/","name":"snU.pden-FSU","description":"Le snU.pden-FSU devient FSU Per Dir","publisher":{"@id":"https:\/\/snupden-fsu.fr\/#organization"},"potentialAction":[{"@type":"SearchAction","target":{"@type":"EntryPoint","urlTemplate":"https:\/\/snupden-fsu.fr\/?s={search_term_string}"},"query-input":"required name=search_term_string"}],"inLanguage":"fr-FR"},{"@type":"WebPage","@id":"https:\/\/snupden-fsu.fr\/index.php\/2022\/12\/29\/cadres-de-leducation-nationale-publication-au-journal-officiel\/#webpage","url":"https:\/\/snupden-fsu.fr\/index.php\/2022\/12\/29\/cadres-de-leducation-nationale-publication-au-journal-officiel\/","name":"Carri\u00e8re - Acc\u00e8s \u00e0 la hors classe - Publication au Journal Officiel - D\u00e9cembre 2022 -","isPartOf":{"@id":"https:\/\/snupden-fsu.fr\/#website"},"datePublished":"2022-12-29T11:30:09+00:00","dateModified":"2023-08-24T14:28:24+00:00","breadcrumb":{"@id":"https:\/\/snupden-fsu.fr\/index.php\/2022\/12\/29\/cadres-de-leducation-nationale-publication-au-journal-officiel\/#breadcrumb"},"inLanguage":"fr-FR","potentialAction":[{"@type":"ReadAction","target":["https:\/\/snupden-fsu.fr\/index.php\/2022\/12\/29\/cadres-de-leducation-nationale-publication-au-journal-officiel\/"]}]},{"@type":"BreadcrumbList","@id":"https:\/\/snupden-fsu.fr\/index.php\/2022\/12\/29\/cadres-de-leducation-nationale-publication-au-journal-officiel\/#breadcrumb","itemListElement":[{"@type":"ListItem","position":1,"name":"Accueil","item":"https:\/\/snupden-fsu.fr\/"},{"@type":"ListItem","position":2,"name":"Carri\u00e8re &#8211; Acc\u00e8s \u00e0 la hors classe &#8211; Publication au Journal Officiel &#8211; D\u00e9cembre 2022"}]},{"@type":"Article","@id":"https:\/\/snupden-fsu.fr\/index.php\/2022\/12\/29\/cadres-de-leducation-nationale-publication-au-journal-officiel\/#article","isPartOf":{"@id":"https:\/\/snupden-fsu.fr\/index.php\/2022\/12\/29\/cadres-de-leducation-nationale-publication-au-journal-officiel\/#webpage"},"author":{"@id":"https:\/\/snupden-fsu.fr\/#\/schema\/person\/1edf71884cc9d0706bf4b4b380456f72"},"headline":"Carri\u00e8re &#8211; Acc\u00e8s \u00e0 la hors classe &#8211; Publication au Journal Officiel &#8211; D\u00e9cembre 2022","datePublished":"2022-12-29T11:30:09+00:00","dateModified":"2023-08-24T14:28:24+00:00","mainEntityOfPage":{"@id":"https:\/\/snupden-fsu.fr\/index.php\/2022\/12\/29\/cadres-de-leducation-nationale-publication-au-journal-officiel\/#webpage"},"wordCount":83,"publisher":{"@id":"https:\/\/snupden-fsu.fr\/#organization"},"articleSection":["Carri\u00e8re"],"inLanguage":"fr-FR"},{"@type":"Person","@id":"https:\/\/snupden-fsu.fr\/#\/schema\/person\/1edf71884cc9d0706bf4b4b380456f72","name":"Bureau national","image":{"@type":"ImageObject","@id":"https:\/\/snupden-fsu.fr\/#personlogo","inLanguage":"fr-FR","url":"https:\/\/secure.gravatar.com\/avatar\/a5ca06c32142c6dde84bb9bd5e7908779d6b092fef2b54818fd5a687421141d9?s=96&d=mm&r=g","contentUrl":"https:\/\/secure.gravatar.com\/avatar\/a5ca06c32142c6dde84bb9bd5e7908779d6b092fef2b54818fd5a687421141d9?s=96&d=mm&r=g","caption":"Bureau national"},"url":"https:\/\/snupden-fsu.fr\/index.php\/author\/bureau-national\/"}]}},"_links":{"self":[{"href":"https:\/\/snupden-fsu.fr\/index.php\/wp-json\/wp\/v2\/posts\/3753","targetHints":{"allow":["GET"]}}],"collection":[{"href":"https:\/\/snupden-fsu.fr\/index.php\/wp-json\/wp\/v2\/posts"}],"about":[{"href":"https:\/\/snupden-fsu.fr\/index.php\/wp-json\/wp\/v2\/types\/post"}],"author":[{"embeddable":true,"href":"https:\/\/snupden-fsu.fr\/index.php\/wp-json\/wp\/v2\/users\/9"}],"replies":[{"embeddable":true,"href":"https:\/\/snupden-fsu.fr\/index.php\/wp-json\/wp\/v2\/comments?post=3753"}],"version-history":[{"count":4,"href":"https:\/\/snupden-fsu.fr\/index.php\/wp-json\/wp\/v2\/posts\/3753\/revisions"}],"predecessor-version":[{"id":3759,"href":"https:\/\/snupden-fsu.fr\/index.php\/wp-json\/wp\/v2\/posts\/3753\/revisions\/3759"}],"wp:attachment":[{"href":"https:\/\/snupden-fsu.fr\/index.php\/wp-json\/wp\/v2\/media?parent=3753"}],"wp:term":[{"taxonomy":"category","embeddable":true,"href":"https:\/\/snupden-fsu.fr\/index.php\/wp-json\/wp\/v2\/categories?post=3753"},{"taxonomy":"post_tag","embeddable":true,"href":"https:\/\/snupden-fsu.fr\/index.php\/wp-json\/wp\/v2\/tags?post=3753"}],"curies":[{"name":"wp","href":"https:\/\/api.w.org\/{rel}","templated":true}]}}