{"id":3746,"date":"2022-12-13T10:13:09","date_gmt":"2022-12-13T09:13:09","guid":{"rendered":"http:\/\/snupden-fsu.fr\/?p=3746"},"modified":"2023-08-24T16:28:25","modified_gmt":"2023-08-24T14:28:25","slug":"pour-une-revalorisation-de-lensemble-des-personnels-tout-de-suite-sanscondition-pour-le-retrait-de-la-reforme-de-la-voie-pro-pour-nos-conditionsde-travail-appel-a-une-journee-dact","status":"publish","type":"post","link":"https:\/\/snupden-fsu.fr\/index.php\/2022\/12\/13\/pour-une-revalorisation-de-lensemble-des-personnels-tout-de-suite-sanscondition-pour-le-retrait-de-la-reforme-de-la-voie-pro-pour-nos-conditionsde-travail-appel-a-une-journee-dact\/","title":{"rendered":"Pour une revalorisation de l\u2019ensemble des personnels tout de suite sans<br>condition, pour le retrait de la r\u00e9forme de la voie pro, pour nos conditions<br>de travail, appel \u00e0 une journ\u00e9e d\u2019action le 17 janvier"},"content":{"rendered":"\n<p><\/p>\n\n\n\n<div data-wp-interactive=\"core\/file\" class=\"wp-block-file\"><object data-wp-bind--hidden=\"!state.hasPdfPreview\" hidden class=\"wp-block-file__embed\" data=\"http:\/\/snupden-fsu.fr\/wp-content\/uploads\/2022\/12\/Appel_FSU_Educ_17_01_23.pdf\" type=\"application\/pdf\" style=\"width:100%;height:600px\" aria-label=\"Contenu embarqu\u00e9 Appel_FSU_Educ_17_01_23.\"><\/object><a id=\"wp-block-file--media-7166e278-8f2f-4397-a487-f6fb0627e4f0\" href=\"http:\/\/snupden-fsu.fr\/wp-content\/uploads\/2022\/12\/Appel_FSU_Educ_17_01_23.pdf\">Appel_FSU_Educ_17_01_23<\/a><a href=\"http:\/\/snupden-fsu.fr\/wp-content\/uploads\/2022\/12\/Appel_FSU_Educ_17_01_23.pdf\" class=\"wp-block-file__button wp-element-button\" download aria-describedby=\"wp-block-file--media-7166e278-8f2f-4397-a487-f6fb0627e4f0\">T\u00e9l\u00e9charger<\/a><\/div>\n","protected":false},"excerpt":{"rendered":"<div class=\"mh-excerpt\"><\/div>","protected":false},"author":9,"featured_media":0,"comment_status":"closed","ping_status":"closed","sticky":false,"template":"","format":"standard","meta":{"_bbp_topic_count":0,"_bbp_reply_count":0,"_bbp_total_topic_count":0,"_bbp_total_reply_count":0,"_bbp_voice_count":0,"_bbp_anonymous_reply_count":0,"_bbp_topic_count_hidden":0,"_bbp_reply_count_hidden":0,"_bbp_forum_subforum_count":0,"_exactmetrics_skip_tracking":false,"_exactmetrics_sitenote_active":false,"_exactmetrics_sitenote_note":"","_exactmetrics_sitenote_category":0,"footnotes":""},"categories":[283,10,1],"tags":[],"class_list":["post-3746","post","type-post","status-publish","format-standard","hentry","category-action","category-actualites","category-non-classe"],"yoast_head":"<!-- This site is optimized with the Yoast SEO plugin v18.5.1 - https:\/\/yoast.com\/wordpress\/plugins\/seo\/ -->\n<title>Pour une revalorisation de l\u2019ensemble des personnels tout de suite sanscondition, pour le retrait de la r\u00e9forme de la voie pro, pour nos conditionsde travail, appel \u00e0 une journ\u00e9e d\u2019action le 17 janvier -<\/title>\n<meta name=\"robots\" content=\"index, follow, max-snippet:-1, max-image-preview:large, max-video-preview:-1\" \/>\n<link rel=\"canonical\" href=\"https:\/\/snupden-fsu.fr\/index.php\/2022\/12\/13\/pour-une-revalorisation-de-lensemble-des-personnels-tout-de-suite-sanscondition-pour-le-retrait-de-la-reforme-de-la-voie-pro-pour-nos-conditionsde-travail-appel-a-une-journee-dact\/\" \/>\n<meta property=\"og:locale\" content=\"fr_FR\" \/>\n<meta property=\"og:type\" content=\"article\" \/>\n<meta property=\"og:title\" content=\"Pour une revalorisation de l\u2019ensemble des personnels tout de suite sanscondition, pour le retrait de la r\u00e9forme de la voie pro, pour nos conditionsde travail, appel \u00e0 une journ\u00e9e d\u2019action le 17 janvier -\" \/>\n<meta property=\"og:url\" content=\"https:\/\/snupden-fsu.fr\/index.php\/2022\/12\/13\/pour-une-revalorisation-de-lensemble-des-personnels-tout-de-suite-sanscondition-pour-le-retrait-de-la-reforme-de-la-voie-pro-pour-nos-conditionsde-travail-appel-a-une-journee-dact\/\" \/>\n<meta property=\"article:published_time\" content=\"2022-12-13T09:13:09+00:00\" \/>\n<meta property=\"article:modified_time\" content=\"2023-08-24T14:28:25+00:00\" \/>\n<meta name=\"twitter:card\" content=\"summary_large_image\" \/>\n<meta name=\"twitter:label1\" content=\"\u00c9crit par\" \/>\n\t<meta name=\"twitter:data1\" content=\"Bureau national\" \/>\n\t<meta name=\"twitter:label2\" content=\"Dur\u00e9e de lecture estim\u00e9e\" \/>\n\t<meta name=\"twitter:data2\" content=\"1 minute\" \/>\n<script type=\"application\/ld+json\" class=\"yoast-schema-graph\">{\"@context\":\"https:\/\/schema.org\",\"@graph\":[{\"@type\":\"Organization\",\"@id\":\"https:\/\/snupden-fsu.fr\/#organization\",\"name\":\"snU.Pden-FSU\",\"url\":\"https:\/\/snupden-fsu.fr\/\",\"sameAs\":[],\"logo\":{\"@type\":\"ImageObject\",\"@id\":\"https:\/\/snupden-fsu.fr\/#logo\",\"inLanguage\":\"fr-FR\",\"url\":\"http:\/\/snupden-fsu.fr\/wp-content\/uploads\/2018\/03\/logo_snupden-3.jpg\",\"contentUrl\":\"http:\/\/snupden-fsu.fr\/wp-content\/uploads\/2018\/03\/logo_snupden-3.jpg\",\"width\":612,\"height\":183,\"caption\":\"snU.Pden-FSU\"},\"image\":{\"@id\":\"https:\/\/snupden-fsu.fr\/#logo\"}},{\"@type\":\"WebSite\",\"@id\":\"https:\/\/snupden-fsu.fr\/#website\",\"url\":\"https:\/\/snupden-fsu.fr\/\",\"name\":\"snU.pden-FSU\",\"description\":\"Le snU.pden-FSU devient FSU Per Dir\",\"publisher\":{\"@id\":\"https:\/\/snupden-fsu.fr\/#organization\"},\"potentialAction\":[{\"@type\":\"SearchAction\",\"target\":{\"@type\":\"EntryPoint\",\"urlTemplate\":\"https:\/\/snupden-fsu.fr\/?s={search_term_string}\"},\"query-input\":\"required name=search_term_string\"}],\"inLanguage\":\"fr-FR\"},{\"@type\":\"WebPage\",\"@id\":\"https:\/\/snupden-fsu.fr\/index.php\/2022\/12\/13\/pour-une-revalorisation-de-lensemble-des-personnels-tout-de-suite-sanscondition-pour-le-retrait-de-la-reforme-de-la-voie-pro-pour-nos-conditionsde-travail-appel-a-une-journee-dact\/#webpage\",\"url\":\"https:\/\/snupden-fsu.fr\/index.php\/2022\/12\/13\/pour-une-revalorisation-de-lensemble-des-personnels-tout-de-suite-sanscondition-pour-le-retrait-de-la-reforme-de-la-voie-pro-pour-nos-conditionsde-travail-appel-a-une-journee-dact\/\",\"name\":\"Pour une revalorisation de l\u2019ensemble des personnels tout de suite sans condition, pour le retrait de la r\u00e9forme de la voie pro, pour nos conditions de travail, appel \u00e0 une journ\u00e9e d\u2019action le 17 janvier -\",\"isPartOf\":{\"@id\":\"https:\/\/snupden-fsu.fr\/#website\"},\"datePublished\":\"2022-12-13T09:13:09+00:00\",\"dateModified\":\"2023-08-24T14:28:25+00:00\",\"breadcrumb\":{\"@id\":\"https:\/\/snupden-fsu.fr\/index.php\/2022\/12\/13\/pour-une-revalorisation-de-lensemble-des-personnels-tout-de-suite-sanscondition-pour-le-retrait-de-la-reforme-de-la-voie-pro-pour-nos-conditionsde-travail-appel-a-une-journee-dact\/#breadcrumb\"},\"inLanguage\":\"fr-FR\",\"potentialAction\":[{\"@type\":\"ReadAction\",\"target\":[\"https:\/\/snupden-fsu.fr\/index.php\/2022\/12\/13\/pour-une-revalorisation-de-lensemble-des-personnels-tout-de-suite-sanscondition-pour-le-retrait-de-la-reforme-de-la-voie-pro-pour-nos-conditionsde-travail-appel-a-une-journee-dact\/\"]}]},{\"@type\":\"BreadcrumbList\",\"@id\":\"https:\/\/snupden-fsu.fr\/index.php\/2022\/12\/13\/pour-une-revalorisation-de-lensemble-des-personnels-tout-de-suite-sanscondition-pour-le-retrait-de-la-reforme-de-la-voie-pro-pour-nos-conditionsde-travail-appel-a-une-journee-dact\/#breadcrumb\",\"itemListElement\":[{\"@type\":\"ListItem\",\"position\":1,\"name\":\"Accueil\",\"item\":\"https:\/\/snupden-fsu.fr\/\"},{\"@type\":\"ListItem\",\"position\":2,\"name\":\"Pour une revalorisation de l\u2019ensemble des personnels tout de suite sanscondition, pour le retrait de la r\u00e9forme de la voie pro, pour nos conditionsde travail, appel \u00e0 une journ\u00e9e d\u2019action le 17 janvier\"}]},{\"@type\":\"Article\",\"@id\":\"https:\/\/snupden-fsu.fr\/index.php\/2022\/12\/13\/pour-une-revalorisation-de-lensemble-des-personnels-tout-de-suite-sanscondition-pour-le-retrait-de-la-reforme-de-la-voie-pro-pour-nos-conditionsde-travail-appel-a-une-journee-dact\/#article\",\"isPartOf\":{\"@id\":\"https:\/\/snupden-fsu.fr\/index.php\/2022\/12\/13\/pour-une-revalorisation-de-lensemble-des-personnels-tout-de-suite-sanscondition-pour-le-retrait-de-la-reforme-de-la-voie-pro-pour-nos-conditionsde-travail-appel-a-une-journee-dact\/#webpage\"},\"author\":{\"@id\":\"https:\/\/snupden-fsu.fr\/#\/schema\/person\/1edf71884cc9d0706bf4b4b380456f72\"},\"headline\":\"Pour une revalorisation de l\u2019ensemble des personnels tout de suite sans condition, pour le retrait de la r\u00e9forme de la voie pro, pour nos conditions de travail, appel \u00e0 une journ\u00e9e d\u2019action le 17 janvier\",\"datePublished\":\"2022-12-13T09:13:09+00:00\",\"dateModified\":\"2023-08-24T14:28:25+00:00\",\"mainEntityOfPage\":{\"@id\":\"https:\/\/snupden-fsu.fr\/index.php\/2022\/12\/13\/pour-une-revalorisation-de-lensemble-des-personnels-tout-de-suite-sanscondition-pour-le-retrait-de-la-reforme-de-la-voie-pro-pour-nos-conditionsde-travail-appel-a-une-journee-dact\/#webpage\"},\"wordCount\":41,\"publisher\":{\"@id\":\"https:\/\/snupden-fsu.fr\/#organization\"},\"articleSection\":[\"Action\",\"Actualit\u00e9s\"],\"inLanguage\":\"fr-FR\"},{\"@type\":\"Person\",\"@id\":\"https:\/\/snupden-fsu.fr\/#\/schema\/person\/1edf71884cc9d0706bf4b4b380456f72\",\"name\":\"Bureau national\",\"image\":{\"@type\":\"ImageObject\",\"@id\":\"https:\/\/snupden-fsu.fr\/#personlogo\",\"inLanguage\":\"fr-FR\",\"url\":\"https:\/\/secure.gravatar.com\/avatar\/a5ca06c32142c6dde84bb9bd5e7908779d6b092fef2b54818fd5a687421141d9?s=96&d=mm&r=g\",\"contentUrl\":\"https:\/\/secure.gravatar.com\/avatar\/a5ca06c32142c6dde84bb9bd5e7908779d6b092fef2b54818fd5a687421141d9?s=96&d=mm&r=g\",\"caption\":\"Bureau national\"},\"url\":\"https:\/\/snupden-fsu.fr\/index.php\/author\/bureau-national\/\"}]}<\/script>\n<!-- \/ Yoast SEO plugin. -->","yoast_head_json":{"title":"Pour une revalorisation de l\u2019ensemble des personnels tout de suite sanscondition, pour le retrait de la r\u00e9forme de la voie pro, pour nos conditionsde travail, appel \u00e0 une journ\u00e9e d\u2019action le 17 janvier -","robots":{"index":"index","follow":"follow","max-snippet":"max-snippet:-1","max-image-preview":"max-image-preview:large","max-video-preview":"max-video-preview:-1"},"canonical":"https:\/\/snupden-fsu.fr\/index.php\/2022\/12\/13\/pour-une-revalorisation-de-lensemble-des-personnels-tout-de-suite-sanscondition-pour-le-retrait-de-la-reforme-de-la-voie-pro-pour-nos-conditionsde-travail-appel-a-une-journee-dact\/","og_locale":"fr_FR","og_type":"article","og_title":"Pour une revalorisation de l\u2019ensemble des personnels tout de suite sanscondition, pour le retrait de la r\u00e9forme de la voie pro, pour nos conditionsde travail, appel \u00e0 une journ\u00e9e d\u2019action le 17 janvier -","og_url":"https:\/\/snupden-fsu.fr\/index.php\/2022\/12\/13\/pour-une-revalorisation-de-lensemble-des-personnels-tout-de-suite-sanscondition-pour-le-retrait-de-la-reforme-de-la-voie-pro-pour-nos-conditionsde-travail-appel-a-une-journee-dact\/","article_published_time":"2022-12-13T09:13:09+00:00","article_modified_time":"2023-08-24T14:28:25+00:00","twitter_card":"summary_large_image","twitter_misc":{"\u00c9crit par":"Bureau national","Dur\u00e9e de lecture estim\u00e9e":"1 minute"},"schema":{"@context":"https:\/\/schema.org","@graph":[{"@type":"Organization","@id":"https:\/\/snupden-fsu.fr\/#organization","name":"snU.Pden-FSU","url":"https:\/\/snupden-fsu.fr\/","sameAs":[],"logo":{"@type":"ImageObject","@id":"https:\/\/snupden-fsu.fr\/#logo","inLanguage":"fr-FR","url":"http:\/\/snupden-fsu.fr\/wp-content\/uploads\/2018\/03\/logo_snupden-3.jpg","contentUrl":"http:\/\/snupden-fsu.fr\/wp-content\/uploads\/2018\/03\/logo_snupden-3.jpg","width":612,"height":183,"caption":"snU.Pden-FSU"},"image":{"@id":"https:\/\/snupden-fsu.fr\/#logo"}},{"@type":"WebSite","@id":"https:\/\/snupden-fsu.fr\/#website","url":"https:\/\/snupden-fsu.fr\/","name":"snU.pden-FSU","description":"Le snU.pden-FSU devient FSU Per Dir","publisher":{"@id":"https:\/\/snupden-fsu.fr\/#organization"},"potentialAction":[{"@type":"SearchAction","target":{"@type":"EntryPoint","urlTemplate":"https:\/\/snupden-fsu.fr\/?s={search_term_string}"},"query-input":"required name=search_term_string"}],"inLanguage":"fr-FR"},{"@type":"WebPage","@id":"https:\/\/snupden-fsu.fr\/index.php\/2022\/12\/13\/pour-une-revalorisation-de-lensemble-des-personnels-tout-de-suite-sanscondition-pour-le-retrait-de-la-reforme-de-la-voie-pro-pour-nos-conditionsde-travail-appel-a-une-journee-dact\/#webpage","url":"https:\/\/snupden-fsu.fr\/index.php\/2022\/12\/13\/pour-une-revalorisation-de-lensemble-des-personnels-tout-de-suite-sanscondition-pour-le-retrait-de-la-reforme-de-la-voie-pro-pour-nos-conditionsde-travail-appel-a-une-journee-dact\/","name":"Pour une revalorisation de l\u2019ensemble des personnels tout de suite sans condition, pour le retrait de la r\u00e9forme de la voie pro, pour nos conditions de travail, appel \u00e0 une journ\u00e9e d\u2019action le 17 janvier -","isPartOf":{"@id":"https:\/\/snupden-fsu.fr\/#website"},"datePublished":"2022-12-13T09:13:09+00:00","dateModified":"2023-08-24T14:28:25+00:00","breadcrumb":{"@id":"https:\/\/snupden-fsu.fr\/index.php\/2022\/12\/13\/pour-une-revalorisation-de-lensemble-des-personnels-tout-de-suite-sanscondition-pour-le-retrait-de-la-reforme-de-la-voie-pro-pour-nos-conditionsde-travail-appel-a-une-journee-dact\/#breadcrumb"},"inLanguage":"fr-FR","potentialAction":[{"@type":"ReadAction","target":["https:\/\/snupden-fsu.fr\/index.php\/2022\/12\/13\/pour-une-revalorisation-de-lensemble-des-personnels-tout-de-suite-sanscondition-pour-le-retrait-de-la-reforme-de-la-voie-pro-pour-nos-conditionsde-travail-appel-a-une-journee-dact\/"]}]},{"@type":"BreadcrumbList","@id":"https:\/\/snupden-fsu.fr\/index.php\/2022\/12\/13\/pour-une-revalorisation-de-lensemble-des-personnels-tout-de-suite-sanscondition-pour-le-retrait-de-la-reforme-de-la-voie-pro-pour-nos-conditionsde-travail-appel-a-une-journee-dact\/#breadcrumb","itemListElement":[{"@type":"ListItem","position":1,"name":"Accueil","item":"https:\/\/snupden-fsu.fr\/"},{"@type":"ListItem","position":2,"name":"Pour une revalorisation de l\u2019ensemble des personnels tout de suite sanscondition, pour le retrait de la r\u00e9forme de la voie pro, pour nos conditionsde travail, appel \u00e0 une journ\u00e9e d\u2019action le 17 janvier"}]},{"@type":"Article","@id":"https:\/\/snupden-fsu.fr\/index.php\/2022\/12\/13\/pour-une-revalorisation-de-lensemble-des-personnels-tout-de-suite-sanscondition-pour-le-retrait-de-la-reforme-de-la-voie-pro-pour-nos-conditionsde-travail-appel-a-une-journee-dact\/#article","isPartOf":{"@id":"https:\/\/snupden-fsu.fr\/index.php\/2022\/12\/13\/pour-une-revalorisation-de-lensemble-des-personnels-tout-de-suite-sanscondition-pour-le-retrait-de-la-reforme-de-la-voie-pro-pour-nos-conditionsde-travail-appel-a-une-journee-dact\/#webpage"},"author":{"@id":"https:\/\/snupden-fsu.fr\/#\/schema\/person\/1edf71884cc9d0706bf4b4b380456f72"},"headline":"Pour une revalorisation de l\u2019ensemble des personnels tout de suite sans condition, pour le retrait de la r\u00e9forme de la voie pro, pour nos conditions de travail, appel \u00e0 une journ\u00e9e d\u2019action le 17 janvier","datePublished":"2022-12-13T09:13:09+00:00","dateModified":"2023-08-24T14:28:25+00:00","mainEntityOfPage":{"@id":"https:\/\/snupden-fsu.fr\/index.php\/2022\/12\/13\/pour-une-revalorisation-de-lensemble-des-personnels-tout-de-suite-sanscondition-pour-le-retrait-de-la-reforme-de-la-voie-pro-pour-nos-conditionsde-travail-appel-a-une-journee-dact\/#webpage"},"wordCount":41,"publisher":{"@id":"https:\/\/snupden-fsu.fr\/#organization"},"articleSection":["Action","Actualit\u00e9s"],"inLanguage":"fr-FR"},{"@type":"Person","@id":"https:\/\/snupden-fsu.fr\/#\/schema\/person\/1edf71884cc9d0706bf4b4b380456f72","name":"Bureau national","image":{"@type":"ImageObject","@id":"https:\/\/snupden-fsu.fr\/#personlogo","inLanguage":"fr-FR","url":"https:\/\/secure.gravatar.com\/avatar\/a5ca06c32142c6dde84bb9bd5e7908779d6b092fef2b54818fd5a687421141d9?s=96&d=mm&r=g","contentUrl":"https:\/\/secure.gravatar.com\/avatar\/a5ca06c32142c6dde84bb9bd5e7908779d6b092fef2b54818fd5a687421141d9?s=96&d=mm&r=g","caption":"Bureau national"},"url":"https:\/\/snupden-fsu.fr\/index.php\/author\/bureau-national\/"}]}},"_links":{"self":[{"href":"https:\/\/snupden-fsu.fr\/index.php\/wp-json\/wp\/v2\/posts\/3746","targetHints":{"allow":["GET"]}}],"collection":[{"href":"https:\/\/snupden-fsu.fr\/index.php\/wp-json\/wp\/v2\/posts"}],"about":[{"href":"https:\/\/snupden-fsu.fr\/index.php\/wp-json\/wp\/v2\/types\/post"}],"author":[{"embeddable":true,"href":"https:\/\/snupden-fsu.fr\/index.php\/wp-json\/wp\/v2\/users\/9"}],"replies":[{"embeddable":true,"href":"https:\/\/snupden-fsu.fr\/index.php\/wp-json\/wp\/v2\/comments?post=3746"}],"version-history":[{"count":1,"href":"https:\/\/snupden-fsu.fr\/index.php\/wp-json\/wp\/v2\/posts\/3746\/revisions"}],"predecessor-version":[{"id":3748,"href":"https:\/\/snupden-fsu.fr\/index.php\/wp-json\/wp\/v2\/posts\/3746\/revisions\/3748"}],"wp:attachment":[{"href":"https:\/\/snupden-fsu.fr\/index.php\/wp-json\/wp\/v2\/media?parent=3746"}],"wp:term":[{"taxonomy":"category","embeddable":true,"href":"https:\/\/snupden-fsu.fr\/index.php\/wp-json\/wp\/v2\/categories?post=3746"},{"taxonomy":"post_tag","embeddable":true,"href":"https:\/\/snupden-fsu.fr\/index.php\/wp-json\/wp\/v2\/tags?post=3746"}],"curies":[{"name":"wp","href":"https:\/\/api.w.org\/{rel}","templated":true}]}}