{"id":3727,"date":"2022-12-05T12:18:00","date_gmt":"2022-12-05T11:18:00","guid":{"rendered":"http:\/\/snupden-fsu.fr\/?p=3727"},"modified":"2023-08-24T16:28:24","modified_gmt":"2023-08-24T14:28:24","slug":"elections-professionnelles-2022-derniere-ligne-droite","status":"publish","type":"post","link":"https:\/\/snupden-fsu.fr\/index.php\/2022\/12\/05\/elections-professionnelles-2022-derniere-ligne-droite\/","title":{"rendered":"\u00c9LECTIONS PROFESSIONNELLES 2022                                                  derni\u00e8re ligne droite"},"content":{"rendered":"<div class=\"wp-block-image is-style-rounded\">\n<figure class=\"aligncenter size-full is-resized\"><img loading=\"lazy\" decoding=\"async\" src=\"http:\/\/snupden-fsu.fr\/wp-content\/uploads\/2022\/11\/je-vote-snUpden.jpg\" alt=\"je vote snUpden\" class=\"wp-image-3704\" width=\"358\" height=\"200\"\/><\/figure>\n<\/div>\n\n\n<p class=\"has-medium-font-size\">Attention, <strong>il ne reste plus que 3 jours<\/strong> pour choisir nos repr\u00e9sentants pour 4 ans !<\/p>\n\n\n\n<p class=\"has-text-align-center has-medium-font-size\"><mark style=\"background-color:rgba(0, 0, 0, 0);color:#f20606\" class=\"has-inline-color\"><strong>CAPN &#8211; CAPA &#8211; CSA minist\u00e9riel &#8211; CSA de proximit\u00e9.<\/strong><\/mark><\/p>\n\n\n\n<p>Il est donc encore temps , pour nous, personnels de direction, de choisir les repr\u00e9sentants qui vous accompagneront et vous d\u00e9fendront dans toutes circonstances, pour toutes difficult\u00e9s ou renseignements. Si vous voulez que les op\u00e9rations concernant la carri\u00e8re, soient d\u00e9fendues, en toute <mark style=\"background-color:rgba(0, 0, 0, 0);color:#f40202\" class=\"has-inline-color\"><strong>transparence<\/strong>,<\/mark> en toute <strong><mark style=\"background-color:rgba(0, 0, 0, 0);color:#f60303\" class=\"has-inline-color\">\u00e9quit\u00e9<\/mark><\/strong>, alors lisez bien toutes les professions de foi. <\/p>\n\n\n\n<p class=\"has-medium-font-size\">Il sera temps alors de <strong>choisir les listes pr\u00e9sent\u00e9es par le sn<em><mark style=\"background-color:rgba(0, 0, 0, 0);color:#fd0000\" class=\"has-inline-color\">U.<\/mark><\/em>pden <\/strong>aux CAPA et \u00e0 la CAPN. En cas de probl\u00e8me, vous pouvez joindre un militant au <strong><mark style=\"background-color:rgba(0, 0, 0, 0);color:#8b00d2\" class=\"has-inline-color\">06-36-95-35-94<\/mark><\/strong><\/p>\n\n\n\n<figure class=\"wp-block-image size-large\"><img loading=\"lazy\" decoding=\"async\" width=\"1024\" height=\"964\" src=\"http:\/\/snupden-fsu.fr\/wp-content\/uploads\/2022\/12\/B248AEC9-5E23-4253-AAE3-8DDCD8508E48-1024x964.jpeg\" alt=\"\" class=\"wp-image-3724\" srcset=\"https:\/\/snupden-fsu.fr\/wp-content\/uploads\/2022\/12\/B248AEC9-5E23-4253-AAE3-8DDCD8508E48-1024x964.jpeg 1024w, https:\/\/snupden-fsu.fr\/wp-content\/uploads\/2022\/12\/B248AEC9-5E23-4253-AAE3-8DDCD8508E48-300x283.jpeg 300w, https:\/\/snupden-fsu.fr\/wp-content\/uploads\/2022\/12\/B248AEC9-5E23-4253-AAE3-8DDCD8508E48-768x723.jpeg 768w, https:\/\/snupden-fsu.fr\/wp-content\/uploads\/2022\/12\/B248AEC9-5E23-4253-AAE3-8DDCD8508E48-1536x1447.jpeg 1536w, https:\/\/snupden-fsu.fr\/wp-content\/uploads\/2022\/12\/B248AEC9-5E23-4253-AAE3-8DDCD8508E48.jpeg 1924w\" sizes=\"auto, (max-width: 1024px) 100vw, 1024px\" \/><\/figure>\n","protected":false},"excerpt":{"rendered":"<div class=\"mh-excerpt\"><p>Attention, il ne reste plus que 3 jours pour choisir nos repr\u00e9sentants pour 4 ans ! CAPN &#8211; CAPA &#8211; CSA minist\u00e9riel &#8211; CSA de proximit\u00e9. Il est donc encore <a class=\"mh-excerpt-more\" href=\"https:\/\/snupden-fsu.fr\/index.php\/2022\/12\/05\/elections-professionnelles-2022-derniere-ligne-droite\/\" title=\"\u00c9LECTIONS PROFESSIONNELLES 2022                                                  derni\u00e8re ligne droite\">[&#8230;]<\/a><\/p>\n<\/div>","protected":false},"author":9,"featured_media":0,"comment_status":"closed","ping_status":"closed","sticky":false,"template":"","format":"standard","meta":{"_bbp_topic_count":0,"_bbp_reply_count":0,"_bbp_total_topic_count":0,"_bbp_total_reply_count":0,"_bbp_voice_count":0,"_bbp_anonymous_reply_count":0,"_bbp_topic_count_hidden":0,"_bbp_reply_count_hidden":0,"_bbp_forum_subforum_count":0,"_exactmetrics_skip_tracking":false,"_exactmetrics_sitenote_active":false,"_exactmetrics_sitenote_note":"","_exactmetrics_sitenote_category":0,"footnotes":""},"categories":[286],"tags":[],"class_list":["post-3727","post","type-post","status-publish","format-standard","hentry","category-elections-professionnelles-2022"],"yoast_head":"<!-- This site is optimized with the Yoast SEO plugin v18.5.1 - https:\/\/yoast.com\/wordpress\/plugins\/seo\/ -->\n<title>\u00c9LECTIONS PROFESSIONNELLES 2022                         derni\u00e8re ligne droite -<\/title>\n<meta name=\"robots\" content=\"index, follow, max-snippet:-1, max-image-preview:large, max-video-preview:-1\" \/>\n<link rel=\"canonical\" href=\"https:\/\/snupden-fsu.fr\/index.php\/2022\/12\/05\/elections-professionnelles-2022-derniere-ligne-droite\/\" \/>\n<meta property=\"og:locale\" content=\"fr_FR\" \/>\n<meta property=\"og:type\" content=\"article\" \/>\n<meta property=\"og:title\" content=\"\u00c9LECTIONS PROFESSIONNELLES 2022                         derni\u00e8re ligne droite -\" \/>\n<meta property=\"og:description\" content=\"Attention, il ne reste plus que 3 jours pour choisir nos repr\u00e9sentants pour 4 ans ! CAPN &#8211; CAPA &#8211; CSA minist\u00e9riel &#8211; CSA de proximit\u00e9. Il est donc encore [...]\" \/>\n<meta property=\"og:url\" content=\"https:\/\/snupden-fsu.fr\/index.php\/2022\/12\/05\/elections-professionnelles-2022-derniere-ligne-droite\/\" \/>\n<meta property=\"article:published_time\" content=\"2022-12-05T11:18:00+00:00\" \/>\n<meta property=\"article:modified_time\" content=\"2023-08-24T14:28:24+00:00\" \/>\n<meta property=\"og:image\" content=\"http:\/\/snupden-fsu.fr\/wp-content\/uploads\/2022\/11\/je-vote-snUpden.jpg\" \/>\n<meta name=\"twitter:card\" content=\"summary_large_image\" \/>\n<meta name=\"twitter:label1\" content=\"\u00c9crit par\" \/>\n\t<meta name=\"twitter:data1\" content=\"Bureau national\" \/>\n\t<meta name=\"twitter:label2\" content=\"Dur\u00e9e de lecture estim\u00e9e\" \/>\n\t<meta name=\"twitter:data2\" content=\"1 minute\" \/>\n<script type=\"application\/ld+json\" class=\"yoast-schema-graph\">{\"@context\":\"https:\/\/schema.org\",\"@graph\":[{\"@type\":\"Organization\",\"@id\":\"https:\/\/snupden-fsu.fr\/#organization\",\"name\":\"snU.Pden-FSU\",\"url\":\"https:\/\/snupden-fsu.fr\/\",\"sameAs\":[],\"logo\":{\"@type\":\"ImageObject\",\"@id\":\"https:\/\/snupden-fsu.fr\/#logo\",\"inLanguage\":\"fr-FR\",\"url\":\"http:\/\/snupden-fsu.fr\/wp-content\/uploads\/2018\/03\/logo_snupden-3.jpg\",\"contentUrl\":\"http:\/\/snupden-fsu.fr\/wp-content\/uploads\/2018\/03\/logo_snupden-3.jpg\",\"width\":612,\"height\":183,\"caption\":\"snU.Pden-FSU\"},\"image\":{\"@id\":\"https:\/\/snupden-fsu.fr\/#logo\"}},{\"@type\":\"WebSite\",\"@id\":\"https:\/\/snupden-fsu.fr\/#website\",\"url\":\"https:\/\/snupden-fsu.fr\/\",\"name\":\"snU.pden-FSU\",\"description\":\"Le snU.pden-FSU devient FSU Per Dir\",\"publisher\":{\"@id\":\"https:\/\/snupden-fsu.fr\/#organization\"},\"potentialAction\":[{\"@type\":\"SearchAction\",\"target\":{\"@type\":\"EntryPoint\",\"urlTemplate\":\"https:\/\/snupden-fsu.fr\/?s={search_term_string}\"},\"query-input\":\"required name=search_term_string\"}],\"inLanguage\":\"fr-FR\"},{\"@type\":\"ImageObject\",\"@id\":\"https:\/\/snupden-fsu.fr\/index.php\/2022\/12\/05\/elections-professionnelles-2022-derniere-ligne-droite\/#primaryimage\",\"inLanguage\":\"fr-FR\",\"url\":\"https:\/\/snupden-fsu.fr\/wp-content\/uploads\/2022\/11\/je-vote-snUpden.jpg\",\"contentUrl\":\"https:\/\/snupden-fsu.fr\/wp-content\/uploads\/2022\/11\/je-vote-snUpden.jpg\",\"width\":200,\"height\":112,\"caption\":\"je vote snUpden\"},{\"@type\":\"WebPage\",\"@id\":\"https:\/\/snupden-fsu.fr\/index.php\/2022\/12\/05\/elections-professionnelles-2022-derniere-ligne-droite\/#webpage\",\"url\":\"https:\/\/snupden-fsu.fr\/index.php\/2022\/12\/05\/elections-professionnelles-2022-derniere-ligne-droite\/\",\"name\":\"\u00c9LECTIONS PROFESSIONNELLES 2022 derni\u00e8re ligne droite -\",\"isPartOf\":{\"@id\":\"https:\/\/snupden-fsu.fr\/#website\"},\"primaryImageOfPage\":{\"@id\":\"https:\/\/snupden-fsu.fr\/index.php\/2022\/12\/05\/elections-professionnelles-2022-derniere-ligne-droite\/#primaryimage\"},\"datePublished\":\"2022-12-05T11:18:00+00:00\",\"dateModified\":\"2023-08-24T14:28:24+00:00\",\"breadcrumb\":{\"@id\":\"https:\/\/snupden-fsu.fr\/index.php\/2022\/12\/05\/elections-professionnelles-2022-derniere-ligne-droite\/#breadcrumb\"},\"inLanguage\":\"fr-FR\",\"potentialAction\":[{\"@type\":\"ReadAction\",\"target\":[\"https:\/\/snupden-fsu.fr\/index.php\/2022\/12\/05\/elections-professionnelles-2022-derniere-ligne-droite\/\"]}]},{\"@type\":\"BreadcrumbList\",\"@id\":\"https:\/\/snupden-fsu.fr\/index.php\/2022\/12\/05\/elections-professionnelles-2022-derniere-ligne-droite\/#breadcrumb\",\"itemListElement\":[{\"@type\":\"ListItem\",\"position\":1,\"name\":\"Accueil\",\"item\":\"https:\/\/snupden-fsu.fr\/\"},{\"@type\":\"ListItem\",\"position\":2,\"name\":\"\u00c9LECTIONS PROFESSIONNELLES 2022 derni\u00e8re ligne droite\"}]},{\"@type\":\"Article\",\"@id\":\"https:\/\/snupden-fsu.fr\/index.php\/2022\/12\/05\/elections-professionnelles-2022-derniere-ligne-droite\/#article\",\"isPartOf\":{\"@id\":\"https:\/\/snupden-fsu.fr\/index.php\/2022\/12\/05\/elections-professionnelles-2022-derniere-ligne-droite\/#webpage\"},\"author\":{\"@id\":\"https:\/\/snupden-fsu.fr\/#\/schema\/person\/1edf71884cc9d0706bf4b4b380456f72\"},\"headline\":\"\u00c9LECTIONS PROFESSIONNELLES 2022 derni\u00e8re ligne droite\",\"datePublished\":\"2022-12-05T11:18:00+00:00\",\"dateModified\":\"2023-08-24T14:28:24+00:00\",\"mainEntityOfPage\":{\"@id\":\"https:\/\/snupden-fsu.fr\/index.php\/2022\/12\/05\/elections-professionnelles-2022-derniere-ligne-droite\/#webpage\"},\"wordCount\":125,\"publisher\":{\"@id\":\"https:\/\/snupden-fsu.fr\/#organization\"},\"image\":{\"@id\":\"https:\/\/snupden-fsu.fr\/index.php\/2022\/12\/05\/elections-professionnelles-2022-derniere-ligne-droite\/#primaryimage\"},\"thumbnailUrl\":\"http:\/\/snupden-fsu.fr\/wp-content\/uploads\/2022\/11\/je-vote-snUpden.jpg\",\"articleSection\":[\"Elections professionnelles 2022\"],\"inLanguage\":\"fr-FR\"},{\"@type\":\"Person\",\"@id\":\"https:\/\/snupden-fsu.fr\/#\/schema\/person\/1edf71884cc9d0706bf4b4b380456f72\",\"name\":\"Bureau national\",\"image\":{\"@type\":\"ImageObject\",\"@id\":\"https:\/\/snupden-fsu.fr\/#personlogo\",\"inLanguage\":\"fr-FR\",\"url\":\"https:\/\/secure.gravatar.com\/avatar\/a5ca06c32142c6dde84bb9bd5e7908779d6b092fef2b54818fd5a687421141d9?s=96&d=mm&r=g\",\"contentUrl\":\"https:\/\/secure.gravatar.com\/avatar\/a5ca06c32142c6dde84bb9bd5e7908779d6b092fef2b54818fd5a687421141d9?s=96&d=mm&r=g\",\"caption\":\"Bureau national\"},\"url\":\"https:\/\/snupden-fsu.fr\/index.php\/author\/bureau-national\/\"}]}<\/script>\n<!-- \/ Yoast SEO plugin. -->","yoast_head_json":{"title":"\u00c9LECTIONS PROFESSIONNELLES 2022                         derni\u00e8re ligne droite -","robots":{"index":"index","follow":"follow","max-snippet":"max-snippet:-1","max-image-preview":"max-image-preview:large","max-video-preview":"max-video-preview:-1"},"canonical":"https:\/\/snupden-fsu.fr\/index.php\/2022\/12\/05\/elections-professionnelles-2022-derniere-ligne-droite\/","og_locale":"fr_FR","og_type":"article","og_title":"\u00c9LECTIONS PROFESSIONNELLES 2022                         derni\u00e8re ligne droite -","og_description":"Attention, il ne reste plus que 3 jours pour choisir nos repr\u00e9sentants pour 4 ans ! CAPN &#8211; CAPA &#8211; CSA minist\u00e9riel &#8211; CSA de proximit\u00e9. Il est donc encore [...]","og_url":"https:\/\/snupden-fsu.fr\/index.php\/2022\/12\/05\/elections-professionnelles-2022-derniere-ligne-droite\/","article_published_time":"2022-12-05T11:18:00+00:00","article_modified_time":"2023-08-24T14:28:24+00:00","og_image":[{"url":"http:\/\/snupden-fsu.fr\/wp-content\/uploads\/2022\/11\/je-vote-snUpden.jpg"}],"twitter_card":"summary_large_image","twitter_misc":{"\u00c9crit par":"Bureau national","Dur\u00e9e de lecture estim\u00e9e":"1 minute"},"schema":{"@context":"https:\/\/schema.org","@graph":[{"@type":"Organization","@id":"https:\/\/snupden-fsu.fr\/#organization","name":"snU.Pden-FSU","url":"https:\/\/snupden-fsu.fr\/","sameAs":[],"logo":{"@type":"ImageObject","@id":"https:\/\/snupden-fsu.fr\/#logo","inLanguage":"fr-FR","url":"http:\/\/snupden-fsu.fr\/wp-content\/uploads\/2018\/03\/logo_snupden-3.jpg","contentUrl":"http:\/\/snupden-fsu.fr\/wp-content\/uploads\/2018\/03\/logo_snupden-3.jpg","width":612,"height":183,"caption":"snU.Pden-FSU"},"image":{"@id":"https:\/\/snupden-fsu.fr\/#logo"}},{"@type":"WebSite","@id":"https:\/\/snupden-fsu.fr\/#website","url":"https:\/\/snupden-fsu.fr\/","name":"snU.pden-FSU","description":"Le snU.pden-FSU devient FSU Per Dir","publisher":{"@id":"https:\/\/snupden-fsu.fr\/#organization"},"potentialAction":[{"@type":"SearchAction","target":{"@type":"EntryPoint","urlTemplate":"https:\/\/snupden-fsu.fr\/?s={search_term_string}"},"query-input":"required name=search_term_string"}],"inLanguage":"fr-FR"},{"@type":"ImageObject","@id":"https:\/\/snupden-fsu.fr\/index.php\/2022\/12\/05\/elections-professionnelles-2022-derniere-ligne-droite\/#primaryimage","inLanguage":"fr-FR","url":"https:\/\/snupden-fsu.fr\/wp-content\/uploads\/2022\/11\/je-vote-snUpden.jpg","contentUrl":"https:\/\/snupden-fsu.fr\/wp-content\/uploads\/2022\/11\/je-vote-snUpden.jpg","width":200,"height":112,"caption":"je vote snUpden"},{"@type":"WebPage","@id":"https:\/\/snupden-fsu.fr\/index.php\/2022\/12\/05\/elections-professionnelles-2022-derniere-ligne-droite\/#webpage","url":"https:\/\/snupden-fsu.fr\/index.php\/2022\/12\/05\/elections-professionnelles-2022-derniere-ligne-droite\/","name":"\u00c9LECTIONS PROFESSIONNELLES 2022 derni\u00e8re ligne droite -","isPartOf":{"@id":"https:\/\/snupden-fsu.fr\/#website"},"primaryImageOfPage":{"@id":"https:\/\/snupden-fsu.fr\/index.php\/2022\/12\/05\/elections-professionnelles-2022-derniere-ligne-droite\/#primaryimage"},"datePublished":"2022-12-05T11:18:00+00:00","dateModified":"2023-08-24T14:28:24+00:00","breadcrumb":{"@id":"https:\/\/snupden-fsu.fr\/index.php\/2022\/12\/05\/elections-professionnelles-2022-derniere-ligne-droite\/#breadcrumb"},"inLanguage":"fr-FR","potentialAction":[{"@type":"ReadAction","target":["https:\/\/snupden-fsu.fr\/index.php\/2022\/12\/05\/elections-professionnelles-2022-derniere-ligne-droite\/"]}]},{"@type":"BreadcrumbList","@id":"https:\/\/snupden-fsu.fr\/index.php\/2022\/12\/05\/elections-professionnelles-2022-derniere-ligne-droite\/#breadcrumb","itemListElement":[{"@type":"ListItem","position":1,"name":"Accueil","item":"https:\/\/snupden-fsu.fr\/"},{"@type":"ListItem","position":2,"name":"\u00c9LECTIONS PROFESSIONNELLES 2022 derni\u00e8re ligne droite"}]},{"@type":"Article","@id":"https:\/\/snupden-fsu.fr\/index.php\/2022\/12\/05\/elections-professionnelles-2022-derniere-ligne-droite\/#article","isPartOf":{"@id":"https:\/\/snupden-fsu.fr\/index.php\/2022\/12\/05\/elections-professionnelles-2022-derniere-ligne-droite\/#webpage"},"author":{"@id":"https:\/\/snupden-fsu.fr\/#\/schema\/person\/1edf71884cc9d0706bf4b4b380456f72"},"headline":"\u00c9LECTIONS PROFESSIONNELLES 2022 derni\u00e8re ligne droite","datePublished":"2022-12-05T11:18:00+00:00","dateModified":"2023-08-24T14:28:24+00:00","mainEntityOfPage":{"@id":"https:\/\/snupden-fsu.fr\/index.php\/2022\/12\/05\/elections-professionnelles-2022-derniere-ligne-droite\/#webpage"},"wordCount":125,"publisher":{"@id":"https:\/\/snupden-fsu.fr\/#organization"},"image":{"@id":"https:\/\/snupden-fsu.fr\/index.php\/2022\/12\/05\/elections-professionnelles-2022-derniere-ligne-droite\/#primaryimage"},"thumbnailUrl":"http:\/\/snupden-fsu.fr\/wp-content\/uploads\/2022\/11\/je-vote-snUpden.jpg","articleSection":["Elections professionnelles 2022"],"inLanguage":"fr-FR"},{"@type":"Person","@id":"https:\/\/snupden-fsu.fr\/#\/schema\/person\/1edf71884cc9d0706bf4b4b380456f72","name":"Bureau national","image":{"@type":"ImageObject","@id":"https:\/\/snupden-fsu.fr\/#personlogo","inLanguage":"fr-FR","url":"https:\/\/secure.gravatar.com\/avatar\/a5ca06c32142c6dde84bb9bd5e7908779d6b092fef2b54818fd5a687421141d9?s=96&d=mm&r=g","contentUrl":"https:\/\/secure.gravatar.com\/avatar\/a5ca06c32142c6dde84bb9bd5e7908779d6b092fef2b54818fd5a687421141d9?s=96&d=mm&r=g","caption":"Bureau national"},"url":"https:\/\/snupden-fsu.fr\/index.php\/author\/bureau-national\/"}]}},"_links":{"self":[{"href":"https:\/\/snupden-fsu.fr\/index.php\/wp-json\/wp\/v2\/posts\/3727","targetHints":{"allow":["GET"]}}],"collection":[{"href":"https:\/\/snupden-fsu.fr\/index.php\/wp-json\/wp\/v2\/posts"}],"about":[{"href":"https:\/\/snupden-fsu.fr\/index.php\/wp-json\/wp\/v2\/types\/post"}],"author":[{"embeddable":true,"href":"https:\/\/snupden-fsu.fr\/index.php\/wp-json\/wp\/v2\/users\/9"}],"replies":[{"embeddable":true,"href":"https:\/\/snupden-fsu.fr\/index.php\/wp-json\/wp\/v2\/comments?post=3727"}],"version-history":[{"count":2,"href":"https:\/\/snupden-fsu.fr\/index.php\/wp-json\/wp\/v2\/posts\/3727\/revisions"}],"predecessor-version":[{"id":3731,"href":"https:\/\/snupden-fsu.fr\/index.php\/wp-json\/wp\/v2\/posts\/3727\/revisions\/3731"}],"wp:attachment":[{"href":"https:\/\/snupden-fsu.fr\/index.php\/wp-json\/wp\/v2\/media?parent=3727"}],"wp:term":[{"taxonomy":"category","embeddable":true,"href":"https:\/\/snupden-fsu.fr\/index.php\/wp-json\/wp\/v2\/categories?post=3727"},{"taxonomy":"post_tag","embeddable":true,"href":"https:\/\/snupden-fsu.fr\/index.php\/wp-json\/wp\/v2\/tags?post=3727"}],"curies":[{"name":"wp","href":"https:\/\/api.w.org\/{rel}","templated":true}]}}