{"id":3617,"date":"2022-11-03T11:20:31","date_gmt":"2022-11-03T10:20:31","guid":{"rendered":"http:\/\/snupden-fsu.fr\/?p=3617"},"modified":"2022-11-03T11:30:53","modified_gmt":"2022-11-03T10:30:53","slug":"pour-la-promotion-du-service-public-national-deducation-2","status":"publish","type":"post","link":"https:\/\/snupden-fsu.fr\/index.php\/2022\/11\/03\/pour-la-promotion-du-service-public-national-deducation-2\/","title":{"rendered":"Pour la promotion du Service Public National d\u2019\u00c9ducation"},"content":{"rendered":"\n<p>La destruction en cours de nombre de services publics se ressent tr\u00e8s fortement au sein de l\u2019\u00c9ducation Nationale.&nbsp;<\/p>\n\n\n\n<p>La contractualisation, la mise en concurrence des \u00e9tablissements, l\u2019abandon du principe de carri\u00e8re, affaiblissent le c\u0153ur m\u00eame du Service Public.<\/p>\n\n\n\n<p>Le cadre national doit permettre le d\u00e9veloppement positif de l\u2019autonomie des \u00e9tablissements, sans mise en concurrence des EPLE, des \u00e9l\u00e8ves et des personnels.&nbsp;&nbsp;<\/p>\n\n\n\n<p>Le renforcement des pouvoirs des r\u00e9gions, les fusions d\u2019Acad\u00e9mies r\u00e9alis\u00e9es, les r\u00e9formes de l\u2019enseignement professionnel et du lyc\u00e9e g\u00e9n\u00e9ral affaiblissent l\u2019\u00e9galit\u00e9 de traitement sur l\u2019ensemble du territoire.&nbsp;<\/p>\n\n\n\n<p class=\"has-base-3-color has-accent-background-color has-text-color has-background has-medium-font-size\">Nous exigeons que le cadre national demeure le garant de l\u2019\u00e9galit\u00e9&nbsp;r\u00e9publicaine de traitement des \u00e9l\u00e8ves et des personnels..<\/p>\n","protected":false},"excerpt":{"rendered":"<div class=\"mh-excerpt\"><p>La destruction en cours de nombre de services publics se ressent tr\u00e8s fortement au sein de l\u2019\u00c9ducation Nationale.&nbsp; La contractualisation, la mise en concurrence des \u00e9tablissements, l\u2019abandon du principe de <a class=\"mh-excerpt-more\" href=\"https:\/\/snupden-fsu.fr\/index.php\/2022\/11\/03\/pour-la-promotion-du-service-public-national-deducation-2\/\" title=\"Pour la promotion du Service Public National d\u2019\u00c9ducation\">[&#8230;]<\/a><\/p>\n<\/div>","protected":false},"author":9,"featured_media":0,"comment_status":"closed","ping_status":"closed","sticky":false,"template":"","format":"standard","meta":{"_bbp_topic_count":0,"_bbp_reply_count":0,"_bbp_total_topic_count":0,"_bbp_total_reply_count":0,"_bbp_voice_count":0,"_bbp_anonymous_reply_count":0,"_bbp_topic_count_hidden":0,"_bbp_reply_count_hidden":0,"_bbp_forum_subforum_count":0,"_exactmetrics_skip_tracking":false,"_exactmetrics_sitenote_active":false,"_exactmetrics_sitenote_note":"","_exactmetrics_sitenote_category":0,"footnotes":""},"categories":[286],"tags":[],"class_list":["post-3617","post","type-post","status-publish","format-standard","hentry","category-elections-professionnelles-2022"],"yoast_head":"<!-- This site is optimized with the Yoast SEO plugin v18.5.1 - https:\/\/yoast.com\/wordpress\/plugins\/seo\/ -->\n<title>Pour la promotion du Service Public National d\u2019\u00c9ducation -<\/title>\n<meta name=\"robots\" content=\"index, follow, max-snippet:-1, max-image-preview:large, max-video-preview:-1\" \/>\n<link rel=\"canonical\" href=\"https:\/\/snupden-fsu.fr\/index.php\/2022\/11\/03\/pour-la-promotion-du-service-public-national-deducation-2\/\" \/>\n<meta property=\"og:locale\" content=\"fr_FR\" \/>\n<meta property=\"og:type\" content=\"article\" \/>\n<meta property=\"og:title\" content=\"Pour la promotion du Service Public National d\u2019\u00c9ducation -\" \/>\n<meta property=\"og:description\" content=\"La destruction en cours de nombre de services publics se ressent tr\u00e8s fortement au sein de l\u2019\u00c9ducation Nationale.&nbsp; La contractualisation, la mise en concurrence des \u00e9tablissements, l\u2019abandon du principe de [...]\" \/>\n<meta property=\"og:url\" content=\"https:\/\/snupden-fsu.fr\/index.php\/2022\/11\/03\/pour-la-promotion-du-service-public-national-deducation-2\/\" \/>\n<meta property=\"article:published_time\" content=\"2022-11-03T10:20:31+00:00\" \/>\n<meta property=\"article:modified_time\" content=\"2022-11-03T10:30:53+00:00\" \/>\n<meta name=\"twitter:card\" content=\"summary_large_image\" \/>\n<meta name=\"twitter:label1\" content=\"\u00c9crit par\" \/>\n\t<meta name=\"twitter:data1\" content=\"Bureau national\" \/>\n\t<meta name=\"twitter:label2\" content=\"Dur\u00e9e de lecture estim\u00e9e\" \/>\n\t<meta name=\"twitter:data2\" content=\"1 minute\" \/>\n<script type=\"application\/ld+json\" class=\"yoast-schema-graph\">{\"@context\":\"https:\/\/schema.org\",\"@graph\":[{\"@type\":\"Organization\",\"@id\":\"https:\/\/snupden-fsu.fr\/#organization\",\"name\":\"snU.Pden-FSU\",\"url\":\"https:\/\/snupden-fsu.fr\/\",\"sameAs\":[],\"logo\":{\"@type\":\"ImageObject\",\"@id\":\"https:\/\/snupden-fsu.fr\/#logo\",\"inLanguage\":\"fr-FR\",\"url\":\"http:\/\/snupden-fsu.fr\/wp-content\/uploads\/2018\/03\/logo_snupden-3.jpg\",\"contentUrl\":\"http:\/\/snupden-fsu.fr\/wp-content\/uploads\/2018\/03\/logo_snupden-3.jpg\",\"width\":612,\"height\":183,\"caption\":\"snU.Pden-FSU\"},\"image\":{\"@id\":\"https:\/\/snupden-fsu.fr\/#logo\"}},{\"@type\":\"WebSite\",\"@id\":\"https:\/\/snupden-fsu.fr\/#website\",\"url\":\"https:\/\/snupden-fsu.fr\/\",\"name\":\"snU.pden-FSU\",\"description\":\"Le snU.pden-FSU devient FSU Per Dir\",\"publisher\":{\"@id\":\"https:\/\/snupden-fsu.fr\/#organization\"},\"potentialAction\":[{\"@type\":\"SearchAction\",\"target\":{\"@type\":\"EntryPoint\",\"urlTemplate\":\"https:\/\/snupden-fsu.fr\/?s={search_term_string}\"},\"query-input\":\"required name=search_term_string\"}],\"inLanguage\":\"fr-FR\"},{\"@type\":\"WebPage\",\"@id\":\"https:\/\/snupden-fsu.fr\/index.php\/2022\/11\/03\/pour-la-promotion-du-service-public-national-deducation-2\/#webpage\",\"url\":\"https:\/\/snupden-fsu.fr\/index.php\/2022\/11\/03\/pour-la-promotion-du-service-public-national-deducation-2\/\",\"name\":\"Pour la promotion du Service Public National d\u2019\u00c9ducation -\",\"isPartOf\":{\"@id\":\"https:\/\/snupden-fsu.fr\/#website\"},\"datePublished\":\"2022-11-03T10:20:31+00:00\",\"dateModified\":\"2022-11-03T10:30:53+00:00\",\"breadcrumb\":{\"@id\":\"https:\/\/snupden-fsu.fr\/index.php\/2022\/11\/03\/pour-la-promotion-du-service-public-national-deducation-2\/#breadcrumb\"},\"inLanguage\":\"fr-FR\",\"potentialAction\":[{\"@type\":\"ReadAction\",\"target\":[\"https:\/\/snupden-fsu.fr\/index.php\/2022\/11\/03\/pour-la-promotion-du-service-public-national-deducation-2\/\"]}]},{\"@type\":\"BreadcrumbList\",\"@id\":\"https:\/\/snupden-fsu.fr\/index.php\/2022\/11\/03\/pour-la-promotion-du-service-public-national-deducation-2\/#breadcrumb\",\"itemListElement\":[{\"@type\":\"ListItem\",\"position\":1,\"name\":\"Accueil\",\"item\":\"https:\/\/snupden-fsu.fr\/\"},{\"@type\":\"ListItem\",\"position\":2,\"name\":\"Pour la promotion du Service Public National d\u2019\u00c9ducation\"}]},{\"@type\":\"Article\",\"@id\":\"https:\/\/snupden-fsu.fr\/index.php\/2022\/11\/03\/pour-la-promotion-du-service-public-national-deducation-2\/#article\",\"isPartOf\":{\"@id\":\"https:\/\/snupden-fsu.fr\/index.php\/2022\/11\/03\/pour-la-promotion-du-service-public-national-deducation-2\/#webpage\"},\"author\":{\"@id\":\"https:\/\/snupden-fsu.fr\/#\/schema\/person\/1edf71884cc9d0706bf4b4b380456f72\"},\"headline\":\"Pour la promotion du Service Public National d\u2019\u00c9ducation\",\"datePublished\":\"2022-11-03T10:20:31+00:00\",\"dateModified\":\"2022-11-03T10:30:53+00:00\",\"mainEntityOfPage\":{\"@id\":\"https:\/\/snupden-fsu.fr\/index.php\/2022\/11\/03\/pour-la-promotion-du-service-public-national-deducation-2\/#webpage\"},\"wordCount\":145,\"publisher\":{\"@id\":\"https:\/\/snupden-fsu.fr\/#organization\"},\"articleSection\":[\"Elections professionnelles 2022\"],\"inLanguage\":\"fr-FR\"},{\"@type\":\"Person\",\"@id\":\"https:\/\/snupden-fsu.fr\/#\/schema\/person\/1edf71884cc9d0706bf4b4b380456f72\",\"name\":\"Bureau national\",\"image\":{\"@type\":\"ImageObject\",\"@id\":\"https:\/\/snupden-fsu.fr\/#personlogo\",\"inLanguage\":\"fr-FR\",\"url\":\"https:\/\/secure.gravatar.com\/avatar\/a5ca06c32142c6dde84bb9bd5e7908779d6b092fef2b54818fd5a687421141d9?s=96&d=mm&r=g\",\"contentUrl\":\"https:\/\/secure.gravatar.com\/avatar\/a5ca06c32142c6dde84bb9bd5e7908779d6b092fef2b54818fd5a687421141d9?s=96&d=mm&r=g\",\"caption\":\"Bureau national\"},\"url\":\"https:\/\/snupden-fsu.fr\/index.php\/author\/bureau-national\/\"}]}<\/script>\n<!-- \/ Yoast SEO plugin. -->","yoast_head_json":{"title":"Pour la promotion du Service Public National d\u2019\u00c9ducation -","robots":{"index":"index","follow":"follow","max-snippet":"max-snippet:-1","max-image-preview":"max-image-preview:large","max-video-preview":"max-video-preview:-1"},"canonical":"https:\/\/snupden-fsu.fr\/index.php\/2022\/11\/03\/pour-la-promotion-du-service-public-national-deducation-2\/","og_locale":"fr_FR","og_type":"article","og_title":"Pour la promotion du Service Public National d\u2019\u00c9ducation -","og_description":"La destruction en cours de nombre de services publics se ressent tr\u00e8s fortement au sein de l\u2019\u00c9ducation Nationale.&nbsp; La contractualisation, la mise en concurrence des \u00e9tablissements, l\u2019abandon du principe de [...]","og_url":"https:\/\/snupden-fsu.fr\/index.php\/2022\/11\/03\/pour-la-promotion-du-service-public-national-deducation-2\/","article_published_time":"2022-11-03T10:20:31+00:00","article_modified_time":"2022-11-03T10:30:53+00:00","twitter_card":"summary_large_image","twitter_misc":{"\u00c9crit par":"Bureau national","Dur\u00e9e de lecture estim\u00e9e":"1 minute"},"schema":{"@context":"https:\/\/schema.org","@graph":[{"@type":"Organization","@id":"https:\/\/snupden-fsu.fr\/#organization","name":"snU.Pden-FSU","url":"https:\/\/snupden-fsu.fr\/","sameAs":[],"logo":{"@type":"ImageObject","@id":"https:\/\/snupden-fsu.fr\/#logo","inLanguage":"fr-FR","url":"http:\/\/snupden-fsu.fr\/wp-content\/uploads\/2018\/03\/logo_snupden-3.jpg","contentUrl":"http:\/\/snupden-fsu.fr\/wp-content\/uploads\/2018\/03\/logo_snupden-3.jpg","width":612,"height":183,"caption":"snU.Pden-FSU"},"image":{"@id":"https:\/\/snupden-fsu.fr\/#logo"}},{"@type":"WebSite","@id":"https:\/\/snupden-fsu.fr\/#website","url":"https:\/\/snupden-fsu.fr\/","name":"snU.pden-FSU","description":"Le snU.pden-FSU devient FSU Per Dir","publisher":{"@id":"https:\/\/snupden-fsu.fr\/#organization"},"potentialAction":[{"@type":"SearchAction","target":{"@type":"EntryPoint","urlTemplate":"https:\/\/snupden-fsu.fr\/?s={search_term_string}"},"query-input":"required name=search_term_string"}],"inLanguage":"fr-FR"},{"@type":"WebPage","@id":"https:\/\/snupden-fsu.fr\/index.php\/2022\/11\/03\/pour-la-promotion-du-service-public-national-deducation-2\/#webpage","url":"https:\/\/snupden-fsu.fr\/index.php\/2022\/11\/03\/pour-la-promotion-du-service-public-national-deducation-2\/","name":"Pour la promotion du Service Public National d\u2019\u00c9ducation -","isPartOf":{"@id":"https:\/\/snupden-fsu.fr\/#website"},"datePublished":"2022-11-03T10:20:31+00:00","dateModified":"2022-11-03T10:30:53+00:00","breadcrumb":{"@id":"https:\/\/snupden-fsu.fr\/index.php\/2022\/11\/03\/pour-la-promotion-du-service-public-national-deducation-2\/#breadcrumb"},"inLanguage":"fr-FR","potentialAction":[{"@type":"ReadAction","target":["https:\/\/snupden-fsu.fr\/index.php\/2022\/11\/03\/pour-la-promotion-du-service-public-national-deducation-2\/"]}]},{"@type":"BreadcrumbList","@id":"https:\/\/snupden-fsu.fr\/index.php\/2022\/11\/03\/pour-la-promotion-du-service-public-national-deducation-2\/#breadcrumb","itemListElement":[{"@type":"ListItem","position":1,"name":"Accueil","item":"https:\/\/snupden-fsu.fr\/"},{"@type":"ListItem","position":2,"name":"Pour la promotion du Service Public National d\u2019\u00c9ducation"}]},{"@type":"Article","@id":"https:\/\/snupden-fsu.fr\/index.php\/2022\/11\/03\/pour-la-promotion-du-service-public-national-deducation-2\/#article","isPartOf":{"@id":"https:\/\/snupden-fsu.fr\/index.php\/2022\/11\/03\/pour-la-promotion-du-service-public-national-deducation-2\/#webpage"},"author":{"@id":"https:\/\/snupden-fsu.fr\/#\/schema\/person\/1edf71884cc9d0706bf4b4b380456f72"},"headline":"Pour la promotion du Service Public National d\u2019\u00c9ducation","datePublished":"2022-11-03T10:20:31+00:00","dateModified":"2022-11-03T10:30:53+00:00","mainEntityOfPage":{"@id":"https:\/\/snupden-fsu.fr\/index.php\/2022\/11\/03\/pour-la-promotion-du-service-public-national-deducation-2\/#webpage"},"wordCount":145,"publisher":{"@id":"https:\/\/snupden-fsu.fr\/#organization"},"articleSection":["Elections professionnelles 2022"],"inLanguage":"fr-FR"},{"@type":"Person","@id":"https:\/\/snupden-fsu.fr\/#\/schema\/person\/1edf71884cc9d0706bf4b4b380456f72","name":"Bureau national","image":{"@type":"ImageObject","@id":"https:\/\/snupden-fsu.fr\/#personlogo","inLanguage":"fr-FR","url":"https:\/\/secure.gravatar.com\/avatar\/a5ca06c32142c6dde84bb9bd5e7908779d6b092fef2b54818fd5a687421141d9?s=96&d=mm&r=g","contentUrl":"https:\/\/secure.gravatar.com\/avatar\/a5ca06c32142c6dde84bb9bd5e7908779d6b092fef2b54818fd5a687421141d9?s=96&d=mm&r=g","caption":"Bureau national"},"url":"https:\/\/snupden-fsu.fr\/index.php\/author\/bureau-national\/"}]}},"_links":{"self":[{"href":"https:\/\/snupden-fsu.fr\/index.php\/wp-json\/wp\/v2\/posts\/3617","targetHints":{"allow":["GET"]}}],"collection":[{"href":"https:\/\/snupden-fsu.fr\/index.php\/wp-json\/wp\/v2\/posts"}],"about":[{"href":"https:\/\/snupden-fsu.fr\/index.php\/wp-json\/wp\/v2\/types\/post"}],"author":[{"embeddable":true,"href":"https:\/\/snupden-fsu.fr\/index.php\/wp-json\/wp\/v2\/users\/9"}],"replies":[{"embeddable":true,"href":"https:\/\/snupden-fsu.fr\/index.php\/wp-json\/wp\/v2\/comments?post=3617"}],"version-history":[{"count":1,"href":"https:\/\/snupden-fsu.fr\/index.php\/wp-json\/wp\/v2\/posts\/3617\/revisions"}],"predecessor-version":[{"id":3618,"href":"https:\/\/snupden-fsu.fr\/index.php\/wp-json\/wp\/v2\/posts\/3617\/revisions\/3618"}],"wp:attachment":[{"href":"https:\/\/snupden-fsu.fr\/index.php\/wp-json\/wp\/v2\/media?parent=3617"}],"wp:term":[{"taxonomy":"category","embeddable":true,"href":"https:\/\/snupden-fsu.fr\/index.php\/wp-json\/wp\/v2\/categories?post=3617"},{"taxonomy":"post_tag","embeddable":true,"href":"https:\/\/snupden-fsu.fr\/index.php\/wp-json\/wp\/v2\/tags?post=3617"}],"curies":[{"name":"wp","href":"https:\/\/api.w.org\/{rel}","templated":true}]}}