{"id":292,"date":"2018-06-15T08:38:07","date_gmt":"2018-06-15T06:38:07","guid":{"rendered":"http:\/\/snupden-fsu.fr\/?p=292"},"modified":"2023-08-24T16:30:07","modified_gmt":"2023-08-24T14:30:07","slug":"reforme-de-la-fonction-publique-a-laune-du-regne-du-pognon","status":"publish","type":"post","link":"https:\/\/snupden-fsu.fr\/index.php\/2018\/06\/15\/reforme-de-la-fonction-publique-a-laune-du-regne-du-pognon\/","title":{"rendered":"R\u00e9forme de la Fonction Publique \u00e0 l\u2019aune du r\u00e8gne du \u00ab\u00a0pognon\u00a0\u00bb"},"content":{"rendered":"<p align=\"justify\"><span style=\"font-size: medium;\">Le Ministre de l\u2019Action et des Comptes Publics ainsi que son Secr\u00e9taire d\u2019\u00c9tat ont pr\u00e9sent\u00e9 en conseil des ministres du 12 juin dernier leur projet de r\u00e9forme de la Fonction Publique.<\/span><\/p>\n<p align=\"justify\"><span style=\"font-size: medium;\">Il est clair que celui-ci vise \u00e0 mettre en \u0153uvre la promesse \u00e9lectorale du Pr\u00e9sident Macron\u00a0: <strong>diminuer les effectifs de la Fonction Publique de 120000 fonctionnaires d\u2019ici la fin de son quinquennat<\/strong>. <\/span><\/p>\n<p align=\"justify\"><span style=\"font-size: medium;\">Les mesures pr\u00e9sent\u00e9es avec\u00a0:<\/span><\/p>\n<ul>\n<li>\n<p align=\"justify\"><span style=\"font-size: medium;\">l\u2019\u00e9largissement du recours au contrat, <\/span><\/p>\n<\/li>\n<li>\n<p align=\"justify\"><span style=\"font-size: medium;\">la remise en question du paritarisme <\/span><\/p>\n<\/li>\n<\/ul>\n<p align=\"justify\"><span style=\"font-size: medium;\">s\u2019attaquent directement aux fonctionnaires. <\/span><\/p>\n<p align=\"justify\"><span style=\"font-size: medium;\">Les promesses de \u00ab\u00a0refonte de r\u00e9mun\u00e9rations des agents publics\u00a0\u00bb coupl\u00e9es au \u00ab\u00a0renforcement de l\u2019accompagnement des agents\u00a0\u00bb annoncent en fait <strong>un vaste plan social dans la Fonction Publique<\/strong>.<\/span><\/p>\n<p align=\"justify\"><span style=\"font-size: medium;\">Tout est fait pour que les personnels courbent l\u2019\u00e9chine, se taisent et croient en leur bonne \u00e9toile pour \u00e9viter de voir leur avenir professionnel et personnel boulevers\u00e9 par le rouleau compresseur Macron.<\/span><\/p>\n<p align=\"justify\"><span style=\"font-size: medium;\">Pour le sn<strong><i>U<\/i><\/strong>.pden-FSU, tout n\u2019est pas qu\u2019une question de \u00ab\u00a0pognon\u00a0\u00bb et les valeurs humanistes doivent pr\u00e9valoir pour maintenir les fondements de la R\u00e9publique dont ceux d&rsquo;une Fonction Publique de qualit\u00e9, pr\u00e9sente sur l&rsquo;ensemble du territoire.<\/span><\/p>\n<p align=\"justify\"><strong>Paris, le 15 juin 2018<\/strong><\/p>\n<p align=\"justify\"><strong>Le Bureau National<\/strong><\/p>\n","protected":false},"excerpt":{"rendered":"<div class=\"mh-excerpt\"><p>Le Ministre de l\u2019Action et des Comptes Publics ainsi que son Secr\u00e9taire d\u2019\u00c9tat ont pr\u00e9sent\u00e9 en conseil des ministres du 12 juin dernier leur projet de r\u00e9forme de la Fonction <a class=\"mh-excerpt-more\" href=\"https:\/\/snupden-fsu.fr\/index.php\/2018\/06\/15\/reforme-de-la-fonction-publique-a-laune-du-regne-du-pognon\/\" title=\"R\u00e9forme de la Fonction Publique \u00e0 l\u2019aune du r\u00e8gne du \u00ab\u00a0pognon\u00a0\u00bb\">[&#8230;]<\/a><\/p>\n<\/div>","protected":false},"author":3,"featured_media":0,"comment_status":"closed","ping_status":"closed","sticky":false,"template":"","format":"standard","meta":{"footnotes":""},"categories":[10,22,13],"tags":[],"class_list":["post-292","post","type-post","status-publish","format-standard","hentry","category-actualites","category-carriere","category-se-syndiquer"],"_links":{"self":[{"href":"https:\/\/snupden-fsu.fr\/index.php\/wp-json\/wp\/v2\/posts\/292","targetHints":{"allow":["GET"]}}],"collection":[{"href":"https:\/\/snupden-fsu.fr\/index.php\/wp-json\/wp\/v2\/posts"}],"about":[{"href":"https:\/\/snupden-fsu.fr\/index.php\/wp-json\/wp\/v2\/types\/post"}],"author":[{"embeddable":true,"href":"https:\/\/snupden-fsu.fr\/index.php\/wp-json\/wp\/v2\/users\/3"}],"replies":[{"embeddable":true,"href":"https:\/\/snupden-fsu.fr\/index.php\/wp-json\/wp\/v2\/comments?post=292"}],"version-history":[{"count":1,"href":"https:\/\/snupden-fsu.fr\/index.php\/wp-json\/wp\/v2\/posts\/292\/revisions"}],"predecessor-version":[{"id":293,"href":"https:\/\/snupden-fsu.fr\/index.php\/wp-json\/wp\/v2\/posts\/292\/revisions\/293"}],"wp:attachment":[{"href":"https:\/\/snupden-fsu.fr\/index.php\/wp-json\/wp\/v2\/media?parent=292"}],"wp:term":[{"taxonomy":"category","embeddable":true,"href":"https:\/\/snupden-fsu.fr\/index.php\/wp-json\/wp\/v2\/categories?post=292"},{"taxonomy":"post_tag","embeddable":true,"href":"https:\/\/snupden-fsu.fr\/index.php\/wp-json\/wp\/v2\/tags?post=292"}],"curies":[{"name":"wp","href":"https:\/\/api.w.org\/{rel}","templated":true}]}}