{"id":245,"date":"2018-05-24T09:48:08","date_gmt":"2018-05-24T07:48:08","guid":{"rendered":"http:\/\/snupden-fsu.fr\/?p=245"},"modified":"2023-08-24T16:30:07","modified_gmt":"2023-08-24T14:30:07","slug":"parcoursup-ou-la-mise-en-oeuvre-dun-systeme-de-selection-naturelle","status":"publish","type":"post","link":"https:\/\/snupden-fsu.fr\/index.php\/2018\/05\/24\/parcoursup-ou-la-mise-en-oeuvre-dun-systeme-de-selection-naturelle\/","title":{"rendered":"Parcoursup ou la mise en \u0153uvre d\u2019un syst\u00e8me de s\u00e9lection naturelle"},"content":{"rendered":"<h3 align=\"justify\"><img loading=\"lazy\" decoding=\"async\" class=\"wp-image-57 alignleft\" src=\"http:\/\/snupden-fsu.fr\/wp-content\/uploads\/2018\/02\/Parcoursup.jpeg\" alt=\"\" width=\"258\" height=\"130\" srcset=\"https:\/\/snupden-fsu.fr\/wp-content\/uploads\/2018\/02\/Parcoursup.jpeg 996w, https:\/\/snupden-fsu.fr\/wp-content\/uploads\/2018\/02\/Parcoursup-300x151.jpeg 300w, https:\/\/snupden-fsu.fr\/wp-content\/uploads\/2018\/02\/Parcoursup-768x386.jpeg 768w\" sizes=\"auto, (max-width: 258px) 100vw, 258px\" \/>D&rsquo;un acc\u00e8s difficile aux r\u00e9sultats &#8230;.. \u00c0 la longue attente d&rsquo;une affectation \u00a0:<\/h3>\n<p align=\"justify\">La plateforme Parcoursup a livr\u00e9 ses r\u00e9sultats mardi 22 mai \u00e0 18h. Pour ceux et celles qui ont eu la chance de se connecter. Pour les autres, il a fallu patienter\u00a0: vu le nombre important de connexions, le site a connu un \u00e9norme bug. Impossible de se connecter \u00e0 l\u2019heure annonc\u00e9e. Finalement, un site de d\u00e9bordement a \u00e9t\u00e9 mis en place, sur lequel les \u00e9l\u00e8ves pouvaient prendre connaissance des d\u00e9cisions d\u2019affectation. Pour donner leurs r\u00e9ponses, il leur a fallu ensuite patienter que le site principal soit remis en fonction.<\/p>\n<p align=\"justify\">Pour l\u2019heure, un lyc\u00e9en sur deux n\u2019a pas d\u2019affectation. Le Minist\u00e8re estime que 80% des \u00e9l\u00e8ves devraient conna\u00eetre leur affectation pour le 18 juin. Ceux ayant des v\u0153ux en attente peuvent conserver l\u2019espoir que suite \u00e0 des d\u00e9sistements, ils aient une place. Ce jeu de chaise musicale durera jusqu\u2019au 21 septembre. Ceux qui n\u2019ont que des <strong>r\u00e9ponses n\u00e9gatives<\/strong> \u2013 <strong>ils sont actuellement 30000<\/strong> \u2013 pourront b\u00e9n\u00e9ficier de l\u2019aide des \u00e9quipes de direction mobilis\u00e9es, mais aussi d\u2019une commission d\u2019acc\u00e8s \u00e0 l\u2019enseignement sup\u00e9rieur, pilot\u00e9e par chaque Rectorat.<\/p>\n<p align=\"justify\">Il n\u2019emp\u00eache que l\u2019on imagine ais\u00e9ment <strong>l\u2019angoisse des \u00e9l\u00e8ves et des familles<\/strong> confront\u00e9s \u00e0 des r\u00e9ponses n\u00e9gatives \u00e0 quelques semaines \u00e0 peine du d\u00e9but du baccalaur\u00e9at. La mise en place d\u2019un num\u00e9ro vert ne suffira pas \u00e0 redonner le moral aux plus fragiles et on imagine les difficult\u00e9s rencontr\u00e9es ces derni\u00e8res heures par les \u00e9quipes de direction et les \u00e9quipes p\u00e9dagogiques pour motiver les troupes.<\/p>\n<p align=\"justify\">Il semble aussi que l\u2019absence de classement des v\u0153ux pour les lyc\u00e9ens ait pouss\u00e9 les structures d\u2019accueil \u00e0 une strat\u00e9gie d\u2019<em><strong>overbooking<\/strong><\/em>, pour attribuer toutes les places disponibles. Certaines doivent aussi croiser les doigts pour que les candidats choisis en premier rang d\u00e9cident de se porter sur d\u2019autres solutions et qu\u2019elles ne se retrouvent pas en situation de surcapacit\u00e9 d\u2019accueil&#8230;<\/p>\n<p align=\"justify\">Enfin, m\u00eame si le secret des d\u00e9lib\u00e9rations, prot\u00e9g\u00e9 par la loi, sera bien gard\u00e9, certains crit\u00e8res choisis commencent \u00e0 fuiter. La mise en place de crit\u00e8res sociaux, de taux de r\u00e9ussite au baccalaur\u00e9at des \u00e9tablissements d\u2019origine revient <em>in fine<\/em> \u00e0 mettre en place des crit\u00e8res de s\u00e9lection alors que l\u2019on nous avait jur\u00e9, main sur le c\u0153ur, que cela ne se passerait pas comme cela.<\/p>\n<p align=\"justify\"><a name=\"Bookmark\"><\/a> Cette s\u00e9lection est bien celle que nous d\u00e9noncions dans nos colonnes.<\/p>\n<p align=\"justify\">\u00ab\u00a0Heureux les \u00e9lus\u00a0\u00bb pourrait-on penser. Mais pour ceux qui \u00e9taient \u00ab\u00a0m\u00e9ritants\u00a0\u00bb, satisfaisant \u00e0 tous les crit\u00e8res et qui ne sont pas dans la bonne case, quels sentiments \u00e9prouvent-ils\u00a0? De la ranc\u0153ur, de la col\u00e8re\u00a0? Un sentiment d\u2019injustice\u00a0? L\u2019avenir nous le dira.<\/p>\n<p align=\"justify\"><strong>Paris, le 24 mai 2018<\/strong><\/p>\n<p align=\"justify\"><strong>Le Bureau national<\/strong><\/p>\n<h6>CALENDRIER DE PARCOURSUP<\/h6>\n<h6>22 mai au 21 septembre 2018<\/h6>\n<h6>Acc\u00e8s aux d\u00e9cisions des \u00e9tablissements de formation<\/h6>\n<h6>R\u00e9ponse aux propositions d&rsquo;admission<\/h6>\n<h6>26 juin 2018<\/h6>\n<h6>Ouverture de la phase compl\u00e9mentaire<\/h6>\n<h6>Et\u00e9 2018<\/h6>\n<h6>Inscription administrative dans la formation<\/h6>\n<h6>21 septembre 2018 inclus<\/h6>\n","protected":false},"excerpt":{"rendered":"<div class=\"mh-excerpt\"><p>D&rsquo;un acc\u00e8s difficile aux r\u00e9sultats &#8230;.. \u00c0 la longue attente d&rsquo;une affectation \u00a0: La plateforme Parcoursup a livr\u00e9 ses r\u00e9sultats mardi 22 mai \u00e0 18h. Pour ceux et celles qui <a class=\"mh-excerpt-more\" href=\"https:\/\/snupden-fsu.fr\/index.php\/2018\/05\/24\/parcoursup-ou-la-mise-en-oeuvre-dun-systeme-de-selection-naturelle\/\" title=\"Parcoursup ou la mise en \u0153uvre d\u2019un syst\u00e8me de s\u00e9lection naturelle\">[&#8230;]<\/a><\/p>\n<\/div>","protected":false},"author":3,"featured_media":0,"comment_status":"closed","ping_status":"closed","sticky":false,"template":"","format":"standard","meta":{"footnotes":""},"categories":[10,4,12,23],"tags":[],"class_list":["post-245","post","type-post","status-publish","format-standard","hentry","category-actualites","category-edito","category-lycee","category-parcoursup"],"_links":{"self":[{"href":"https:\/\/snupden-fsu.fr\/index.php\/wp-json\/wp\/v2\/posts\/245","targetHints":{"allow":["GET"]}}],"collection":[{"href":"https:\/\/snupden-fsu.fr\/index.php\/wp-json\/wp\/v2\/posts"}],"about":[{"href":"https:\/\/snupden-fsu.fr\/index.php\/wp-json\/wp\/v2\/types\/post"}],"author":[{"embeddable":true,"href":"https:\/\/snupden-fsu.fr\/index.php\/wp-json\/wp\/v2\/users\/3"}],"replies":[{"embeddable":true,"href":"https:\/\/snupden-fsu.fr\/index.php\/wp-json\/wp\/v2\/comments?post=245"}],"version-history":[{"count":1,"href":"https:\/\/snupden-fsu.fr\/index.php\/wp-json\/wp\/v2\/posts\/245\/revisions"}],"predecessor-version":[{"id":246,"href":"https:\/\/snupden-fsu.fr\/index.php\/wp-json\/wp\/v2\/posts\/245\/revisions\/246"}],"wp:attachment":[{"href":"https:\/\/snupden-fsu.fr\/index.php\/wp-json\/wp\/v2\/media?parent=245"}],"wp:term":[{"taxonomy":"category","embeddable":true,"href":"https:\/\/snupden-fsu.fr\/index.php\/wp-json\/wp\/v2\/categories?post=245"},{"taxonomy":"post_tag","embeddable":true,"href":"https:\/\/snupden-fsu.fr\/index.php\/wp-json\/wp\/v2\/tags?post=245"}],"curies":[{"name":"wp","href":"https:\/\/api.w.org\/{rel}","templated":true}]}}