{"id":241,"date":"2018-05-19T14:43:29","date_gmt":"2018-05-19T12:43:29","guid":{"rendered":"http:\/\/snupden-fsu.fr\/?p=241"},"modified":"2019-12-18T09:32:47","modified_gmt":"2019-12-18T08:32:47","slug":"22-mai-toutes-et-tous-uni-e-s-pour-la-defense-des-services-publics","status":"publish","type":"post","link":"https:\/\/snupden-fsu.fr\/index.php\/2018\/05\/19\/22-mai-toutes-et-tous-uni-e-s-pour-la-defense-des-services-publics\/","title":{"rendered":"22 mai : Toutes et tous uni-e-s pour la d\u00e9fense des services publics"},"content":{"rendered":"<p><em><img loading=\"lazy\" decoding=\"async\" class=\"wp-image-151 alignleft\" src=\"http:\/\/snupden-fsu.fr\/wp-content\/uploads\/2018\/03\/fsu-sign-horiz-bleu-01.png\" alt=\"\" width=\"286\" height=\"127\" srcset=\"https:\/\/snupden-fsu.fr\/wp-content\/uploads\/2018\/03\/fsu-sign-horiz-bleu-01.png 929w, https:\/\/snupden-fsu.fr\/wp-content\/uploads\/2018\/03\/fsu-sign-horiz-bleu-01-300x133.png 300w, https:\/\/snupden-fsu.fr\/wp-content\/uploads\/2018\/03\/fsu-sign-horiz-bleu-01-768x341.png 768w, https:\/\/snupden-fsu.fr\/wp-content\/uploads\/2018\/03\/fsu-sign-horiz-bleu-01-600x266.png 600w\" sizes=\"auto, (max-width: 286px) 100vw, 286px\" \/>Le snU.pden-FSU appelle l\u2019ensemble des personnels de direction \u00e0 participer aux actions de la <strong>journ\u00e9e unitaire (CFE-CGC, CFTC, CGT, FA fp, FO, FSU, Solidaires, UNSA et CFDT) de gr\u00e8ve et de manifestations le 22 mai prochain pour :<\/strong><\/em><\/p>\n<p>&nbsp;<\/p>\n<ul>\n<li>l\u2019arr\u00eat des suppressions d\u2019emplois et les cr\u00e9ations d\u2019emplois statutaires n\u00e9cessaires<\/li>\n<li>un plan de titularisation des contractuels et de nouvelles mesures pour combatte la pr\u00e9carit\u00e9<\/li>\n<li>la pr\u00e9servation du statut g\u00e9n\u00e9ral des fonctionnaires<\/li>\n<li>le maintien du code des pensions civiles et militaires, un des piliers de la Fonction Publique<\/li>\n<li>l\u2019am\u00e9lioration du pouvoir d\u2019achat pour toutes et tous les agent-e-s<\/li>\n<li>l\u2019ouverture de discussions pour r\u00e9pondre mieux aux besoins de la population et permettre aux agent-e-s de remplir correctement toutes les missions des services publics (formation, conditions de travail&#8230;)<\/li>\n<\/ul>\n<p><strong>Le sn<em>U<\/em>.pden-FSU s\u2019est exprim\u00e9 \u00e0 de nombreuses reprises contre la mise en place du Nouveau Management Public au sein de l\u2019\u00c9ducation Nationale. A travers le programme \u00ab Action Publique 2022 \u00bb, le gouvernement use et abuse du vocable de la modernisation pour justifier l\u2019acc\u00e9l\u00e9ration d\u2019une gestion n\u00e9o\u2010manag\u00e9riale des services publics, des suppressions de postes et une r\u00e9duction du p\u00e9rim\u00e8tre du service public au d\u00e9triment des solidarit\u00e9s collectives. <\/strong><strong>Ce programme vise \u00e0 r\u00e9duire les possibilit\u00e9s d\u2019action de l\u2019\u00c9tat et des collectivit\u00e9s territoriales et ne prend pas en compte les besoins exprim\u00e9s par les usager-e-s.<\/strong><\/p>\n<h3><span style=\"color: #000080;\"><strong>Les cons\u00e9quences sont pr\u00e9visibles :<\/strong><\/span><\/h3>\n<p><strong>L\u2019abandon <\/strong>au secteur priv\u00e9 de certaines missions actuellement assur\u00e9es par les agent-e-s publics.<\/p>\n<p><strong>La mise en concurrence <\/strong>de services aujourd\u2019hui assur\u00e9s en partie par l\u2019\u00c9tat et les collectivit\u00e9s : \u00e9ducation, sant\u00e9, transport&#8230;<\/p>\n<p><strong>La r\u00e9duction des moyens <\/strong>des services publics avec la suppression de 120 000 emplois dont 70 000 dans les collectivit\u00e9s territoriales sur les quatre prochaines ann\u00e9es. Il en est ainsi du projet de fusion des acad\u00e9mies.<\/p>\n<p><strong>La r\u00e9duction des protections des agents publics : <\/strong>recrutements de contractuels en lieu et place de fonctionnaires, c\u2019est r\u00e9duire les principes qui font la force de la Fonction Publique pour les usager-e-s comme pour les agent-e-s : neutralit\u00e9 des agents publics, ind\u00e9pendance vis-\u00e0-vis des politiques, absence de corruption&#8230;<\/p>\n<p><strong>Au-del\u00e0 de la d\u00e9gradation inadmissible du service rendu \u00e0 la population, beaucoup de ces mesures ne peuvent qu\u2019engendrer de nouvelles d\u00e9gradations de nos conditions de travail.<\/strong><\/p>\n<p><strong>La Fonction publique est un pilier du mod\u00e8le social de notre pays qui joue un r\u00f4le essentiel dans la coh\u00e9sion sociale et contribue \u00e0 plus de justice sociale.<\/strong><\/p>\n<p><strong>En fonction de nos contraintes, prenons part aux actions du 22 mai\u00a0!<\/strong><\/p>\n<p>&nbsp;<\/p>\n<p style=\"text-align: right;\"><strong>Paris, le 19 mai 2018<\/strong><\/p>\n<p style=\"text-align: right;\"><strong>Le bureau national<\/strong><\/p>\n<p>&nbsp;<\/p>\n","protected":false},"excerpt":{"rendered":"<div class=\"mh-excerpt\"><p>Le snU.pden-FSU appelle l\u2019ensemble des personnels de direction \u00e0 participer aux actions de la journ\u00e9e unitaire (CFE-CGC, CFTC, CGT, FA fp, FO, FSU, Solidaires, UNSA et CFDT) de gr\u00e8ve et <a class=\"mh-excerpt-more\" href=\"https:\/\/snupden-fsu.fr\/index.php\/2018\/05\/19\/22-mai-toutes-et-tous-uni-e-s-pour-la-defense-des-services-publics\/\" title=\"22 mai : Toutes et tous uni-e-s pour la d\u00e9fense des services publics\">[&#8230;]<\/a><\/p>\n<\/div>","protected":false},"author":4,"featured_media":0,"comment_status":"closed","ping_status":"closed","sticky":false,"template":"","format":"standard","meta":{"footnotes":""},"categories":[101],"tags":[],"class_list":["post-241","post","type-post","status-publish","format-standard","hentry","category-communique"],"_links":{"self":[{"href":"https:\/\/snupden-fsu.fr\/index.php\/wp-json\/wp\/v2\/posts\/241","targetHints":{"allow":["GET"]}}],"collection":[{"href":"https:\/\/snupden-fsu.fr\/index.php\/wp-json\/wp\/v2\/posts"}],"about":[{"href":"https:\/\/snupden-fsu.fr\/index.php\/wp-json\/wp\/v2\/types\/post"}],"author":[{"embeddable":true,"href":"https:\/\/snupden-fsu.fr\/index.php\/wp-json\/wp\/v2\/users\/4"}],"replies":[{"embeddable":true,"href":"https:\/\/snupden-fsu.fr\/index.php\/wp-json\/wp\/v2\/comments?post=241"}],"version-history":[{"count":3,"href":"https:\/\/snupden-fsu.fr\/index.php\/wp-json\/wp\/v2\/posts\/241\/revisions"}],"predecessor-version":[{"id":244,"href":"https:\/\/snupden-fsu.fr\/index.php\/wp-json\/wp\/v2\/posts\/241\/revisions\/244"}],"wp:attachment":[{"href":"https:\/\/snupden-fsu.fr\/index.php\/wp-json\/wp\/v2\/media?parent=241"}],"wp:term":[{"taxonomy":"category","embeddable":true,"href":"https:\/\/snupden-fsu.fr\/index.php\/wp-json\/wp\/v2\/categories?post=241"},{"taxonomy":"post_tag","embeddable":true,"href":"https:\/\/snupden-fsu.fr\/index.php\/wp-json\/wp\/v2\/tags?post=241"}],"curies":[{"name":"wp","href":"https:\/\/api.w.org\/{rel}","templated":true}]}}