{"id":233,"date":"2018-04-25T11:18:13","date_gmt":"2018-04-25T09:18:13","guid":{"rendered":"http:\/\/snupden-fsu.fr\/?p=233"},"modified":"2023-08-24T16:29:52","modified_gmt":"2023-08-24T14:29:52","slug":"manifestons-le-1er-mai","status":"publish","type":"post","link":"https:\/\/snupden-fsu.fr\/index.php\/2018\/04\/25\/manifestons-le-1er-mai\/","title":{"rendered":"MANIFESTONS LE 1ER MAI"},"content":{"rendered":"<p><em><img loading=\"lazy\" decoding=\"async\" class=\"wp-image-151 alignleft\" src=\"http:\/\/snupden-fsu.fr\/wp-content\/uploads\/2018\/03\/fsu-sign-horiz-bleu-01.png\" alt=\"\" width=\"333\" height=\"148\" srcset=\"https:\/\/snupden-fsu.fr\/wp-content\/uploads\/2018\/03\/fsu-sign-horiz-bleu-01.png 929w, https:\/\/snupden-fsu.fr\/wp-content\/uploads\/2018\/03\/fsu-sign-horiz-bleu-01-300x133.png 300w, https:\/\/snupden-fsu.fr\/wp-content\/uploads\/2018\/03\/fsu-sign-horiz-bleu-01-768x341.png 768w, https:\/\/snupden-fsu.fr\/wp-content\/uploads\/2018\/03\/fsu-sign-horiz-bleu-01-600x266.png 600w\" sizes=\"auto, (max-width: 333px) 100vw, 333px\" \/>Depuis plusieurs semaines, avec d\u00e9termination, souvent dans l\u2019unit\u00e9, de nombreux salari\u00e9s du priv\u00e9 comme du public, enseignants et personnels de direction, retrait\u00e9s, priv\u00e9s d\u2019emploi, \u00e9tudiants, se mobilisent pour refuser les politiques gouvernementales et patronales et porter d\u2019autres perspectives de progr\u00e8s social.<\/em><\/p>\n<p>Les cheminots participent tr\u00e8s largement au mouvement de gr\u00e8ve, ils manifestent par dizaines de milliers contre la casse du service public ferroviaire, pour l\u2019am\u00e9lioration du service rendu aux usager-e-s, pour le maintien de leur statut.<\/p>\n<p>Les fonctionnaires, elles et eux aussi, s\u2019expriment, par la gr\u00e8ve et la manifestation, contre les 120 000 suppressions de postes, contre le r\u00e9tablissement du jour de carence, pour exiger la fin du gel des salaires et pour le d\u00e9veloppement du service public.<\/p>\n<p>De nombreux salari\u00e9s des entreprises priv\u00e9es se sont mobilis\u00e9s pour l\u2019emploi, l\u2019augmentation des salaires et pour la d\u00e9fense et le d\u00e9veloppement des services publics.<\/p>\n<p>Des milliers de jeunes, avec les personnels et les enseignants, s\u2019opposent a\u0300 la loi Vidal \u00ab Orientation et R\u00e9ussite \u00c9tudiante \u00bb. Ils refusent la s\u00e9lection des bacheliers et r\u00e9clament des moyens pour faire fonctionner des universit\u00e9s ouvertes permettant la r\u00e9ussite du plus grand nombre dans de bonnes conditions d\u2019\u00e9tude et de travail. Face \u00e0 eux, les r\u00e9pressions polici\u00e8res sont la seule r\u00e9ponse du gouvernement !<\/p>\n<p>Les retrait\u00e9s sont largement mobilis\u00e9s pour leur pouvoir d\u2019achat, contre l\u2019augmentation de 1,7% de la CSG.<\/p>\n<p>Face \u00e0 cette mobilisation massive, la seule r\u00e9ponse du gouvernement est le m\u00e9pris, et le refus d\u2019engager de v\u00e9ritables n\u00e9gociations. C\u2019est inacceptable !<\/p>\n<p>Le mardi 1er mai, partout dans le monde, les travailleurs, les salari\u00e9s, les retrait\u00e9s et priv\u00e9s d\u2019emplois vont s\u2019exprimer, se mobiliser pour faire entendre leurs revendications, des exigences pour la paix, le progr\u00e8s social, la possibilit\u00e9 de vivre dignement&#8230;<\/p>\n<p>La manifestation sera une nouvelle \u00e9tape pour exiger la prise en compte des revendications.<\/p>\n<ul>\n<li>&#8211; \u00a0D\u00e9fense et d\u00e9veloppement des services publics (ferroviaires, sante\u0301, \u00e9nergie, \u00e9ducation- formation&#8230;)<\/li>\n<li>&#8211; \u00a0POUR l\u2019augmentation des salaires, des pensions, du pouvoir d\u2019achat.<\/li>\n<li>&#8211; \u00a0NON aux ordonnances loi travail, POUR la d\u00e9fense des conventions collectives et des statuts<\/li>\n<li>&#8211; \u00a0POUR la d\u00e9fense de la protection sociale (S\u00e9curit\u00e9\u0301 sociale, retraites par r\u00e9partition, assurance ch\u00f4mage et minimas sociaux)<\/li>\n<li>&#8211; \u00a0NON a\u0300 la loi ORE, POUR des universit\u00e9s ouvertes a\u0300 toutes et tous via un investissement massif dans l\u2019enseignement sup\u00e9rieur<\/li>\n<\/ul>\n<p><strong>Partout en France, les personnels de direction doivent prendre toute leur place, avec le sn<em>U<\/em>.pden-FSU dans les cort\u00e8ges du 1<sup>er<\/sup> mai.<\/strong><\/p>\n<p>&nbsp;<\/p>\n<p style=\"text-align: right;\"><strong>Le bureau national<\/strong><\/p>\n<p style=\"text-align: right;\"><strong>Paris, le 25 avril 2018<\/strong><\/p>\n","protected":false},"excerpt":{"rendered":"<div class=\"mh-excerpt\"><p>Depuis plusieurs semaines, avec d\u00e9termination, souvent dans l\u2019unit\u00e9, de nombreux salari\u00e9s du priv\u00e9 comme du public, enseignants et personnels de direction, retrait\u00e9s, priv\u00e9s d\u2019emploi, \u00e9tudiants, se mobilisent pour refuser les <a class=\"mh-excerpt-more\" href=\"https:\/\/snupden-fsu.fr\/index.php\/2018\/04\/25\/manifestons-le-1er-mai\/\" title=\"MANIFESTONS LE 1ER MAI\">[&#8230;]<\/a><\/p>\n<\/div>","protected":false},"author":4,"featured_media":0,"comment_status":"closed","ping_status":"closed","sticky":false,"template":"","format":"standard","meta":{"footnotes":""},"categories":[10,4,13],"tags":[],"class_list":["post-233","post","type-post","status-publish","format-standard","hentry","category-actualites","category-edito","category-se-syndiquer"],"_links":{"self":[{"href":"https:\/\/snupden-fsu.fr\/index.php\/wp-json\/wp\/v2\/posts\/233","targetHints":{"allow":["GET"]}}],"collection":[{"href":"https:\/\/snupden-fsu.fr\/index.php\/wp-json\/wp\/v2\/posts"}],"about":[{"href":"https:\/\/snupden-fsu.fr\/index.php\/wp-json\/wp\/v2\/types\/post"}],"author":[{"embeddable":true,"href":"https:\/\/snupden-fsu.fr\/index.php\/wp-json\/wp\/v2\/users\/4"}],"replies":[{"embeddable":true,"href":"https:\/\/snupden-fsu.fr\/index.php\/wp-json\/wp\/v2\/comments?post=233"}],"version-history":[{"count":5,"href":"https:\/\/snupden-fsu.fr\/index.php\/wp-json\/wp\/v2\/posts\/233\/revisions"}],"predecessor-version":[{"id":238,"href":"https:\/\/snupden-fsu.fr\/index.php\/wp-json\/wp\/v2\/posts\/233\/revisions\/238"}],"wp:attachment":[{"href":"https:\/\/snupden-fsu.fr\/index.php\/wp-json\/wp\/v2\/media?parent=233"}],"wp:term":[{"taxonomy":"category","embeddable":true,"href":"https:\/\/snupden-fsu.fr\/index.php\/wp-json\/wp\/v2\/categories?post=233"},{"taxonomy":"post_tag","embeddable":true,"href":"https:\/\/snupden-fsu.fr\/index.php\/wp-json\/wp\/v2\/tags?post=233"}],"curies":[{"name":"wp","href":"https:\/\/api.w.org\/{rel}","templated":true}]}}