{"id":1857,"date":"2022-09-01T10:58:29","date_gmt":"2022-09-01T08:58:29","guid":{"rendered":"http:\/\/snupden-fsu.fr\/?p=1857"},"modified":"2023-08-24T16:29:31","modified_gmt":"2023-08-24T14:29:31","slug":"mobilite-2023-des-aujourdhui-1er-septembre","status":"publish","type":"post","link":"https:\/\/snupden-fsu.fr\/index.php\/2022\/09\/01\/mobilite-2023-des-aujourdhui-1er-septembre\/","title":{"rendered":"Mobilit\u00e9 2023 &#8211; d\u00e8s aujourd&rsquo;hui 1er septembre&#8230;"},"content":{"rendered":"\n<p class=\"has-medium-font-size\"><strong>Les op\u00e9rations de mobilit\u00e9 pour les personnels de direction commencent d\u00e8s ce jour,<\/strong><\/p>\n\n\n\n<p class=\"has-text-align-center has-contrast-color has-text-color has-medium-font-size\"><strong>1<sup>er<\/sup> septembre 2022,<\/strong><\/p>\n\n\n\n<p>En dehors d\u2019un court tableau avec les dates, vous trouverez en fin d\u2019article un lien qui vous renvoie au BO pr\u00e9cisant dans le d\u00e9tail, les dates, proc\u00e9dures, \u00e9l\u00e9ments de dossier et listes de postes utiles \u00e0 la pr\u00e9paration de votre dossier. Vous trouverez \u00e9galement un second lien renvoyant \u00e0 la note de la DGRH envoy\u00e9e aux rectrices et recteurs \u00e0 la fin du mois d&rsquo;aout.<\/p>\n\n\n\n<figure class=\"wp-block-table\"><table><thead><tr><th><strong><mark style=\"background-color:rgba(0, 0, 0, 0)\" class=\"has-inline-color has-accent-color\">OP\u00c9RATIONS<\/mark><\/strong><\/th><th><mark style=\"background-color:rgba(0, 0, 0, 0)\" class=\"has-inline-color has-accent-color\"><strong>P\u00e9riode pr\u00e9cis<\/strong>e<\/mark><\/th><th><strong><mark style=\"background-color:rgba(0, 0, 0, 0)\" class=\"has-inline-color has-accent-color\">liens<\/mark><\/strong><\/th><\/tr><\/thead><tbody><tr><td>Saisie de votre intention de mobilit\u00e9<\/td><td>Du 1<sup>er<\/sup> au 26 septembre 2022<\/td><td><a href=\"https:\/\/portail.agent.phm.education.gouv.fr\" target=\"_blank\" rel=\"noreferrer noopener\">Portail Agent<\/a><\/td><\/tr><tr><td>Publication des postes vacants<\/td><td>Du 9 novembre au 2 d\u00e9cembre 2022<\/td><td><a href=\"https:\/\/www.education.gouv.fr\/bo\/21\/Hebdo35\/MEND2122937N.htm\" target=\"_blank\" rel=\"noreferrer noopener\">Texte aux personnels de direction<\/a><\/td><\/tr><tr><td>Consulter les lignes directrices de gestion<\/td><td>Du 9 novembre au 2 d\u00e9cembre 2022<\/td><td><a href=\"https:\/\/www.education.gouv.fr\/bo\/20\/Special10\/MENH2030236X.htm\" target=\"_blank\" rel=\"noreferrer noopener\">Lignes directrices de gestio<\/a><a href=\"https:\/\/www.education.gouv.fr\/bo\/20\/Special10\/MENH2030236X.htm\">n<\/a><\/td><\/tr><tr><td>V\u00e9rification dans le portail agent<\/td><td>Du 9 novembre au 2 d\u00e9cembre 2022<\/td><td>Signalement \u00e0 l&rsquo;adresse suivante : <a href=\"mailto:pdir_signalement_mobilite@education.gouv.fr\">pdir_signalement_mobilite@education.gouv.fr<\/a><\/td><\/tr><\/tbody><\/table><\/figure>\n\n\n\n<p>Pour chacune des op\u00e9ration, contactez le sn<strong><em>U.<\/em><\/strong>pden :<\/p>\n\n\n\n<h2 class=\"has-text-color wp-block-heading\" style=\"color:#fb1404\"><mark style=\"background-color:rgba(0, 0, 0, 0)\" class=\"has-inline-color has-accent-color\"><strong>Avant de postuler :<\/strong><\/mark><\/h2>\n\n\n\n<p class=\"has-base-3-background-color has-background\">1) Nous pourrons vous aider \u00e0 <strong><mark style=\"background-color:rgba(0, 0, 0, 0);color:#f20505\" class=\"has-inline-color\">constituer votre dossier<\/mark><\/strong> nous vous aiderons \u00e0 pr\u00e9parer l&rsquo;entretien auquel vous serez convoqu\u00e9-e. En fonction du poste que vous occupez actuellement nous pourrons vous conseiller sur les postes vers lesquels vous pourrez utilement orienter vos choix.<\/p>\n\n\n\n<p>2) ensuite, apr\u00e8s que vous nous ayez envoy\u00e9 un double de votre dossier, nous vous aiderons \u00e0 <strong><mark style=\"background-color:rgba(0, 0, 0, 0);color:#f70202\" class=\"has-inline-color\">pr\u00e9parer l&rsquo;entretien<\/mark><\/strong> auquel vous serez convoqu\u00e9-e.<\/p>\n\n\n\n<p>3) si une obstruction doit \u00eatre faite \u00e0 votre dossier et en fonction des raisons \u00e9voqu\u00e9es, <mark style=\"background-color:rgba(0, 0, 0, 0);color:#f50f07\" class=\"has-inline-color\"><strong>nous <\/strong><\/mark><strong><mark style=\"background-color:rgba(0, 0, 0, 0);color:#df2305\" class=\"has-inline-color\">interviendrons avec vous ou sur mandatement<\/mark><\/strong> (voir fiche de mandatement)<\/p>\n\n\n\n<p class=\"has-white-color has-text-color\">Nous publierons ensuite les dates de publication des r\u00e9sultats<\/p>\n\n\n\n<figure class=\"wp-block-table\"><table><tbody><tr><td class=\"has-text-align-center\" data-align=\"center\"><strong>OP\u00c9RATIONS<\/strong><\/td><td class=\"has-text-align-center\" data-align=\"center\"><strong>P\u00e9riode pr\u00e9cise (ce jour)<\/strong><\/td><td class=\"has-text-align-center\" data-align=\"center\"><strong>liens<\/strong><\/td><\/tr><tr><td class=\"has-text-align-center\" data-align=\"center\">1<sup>er<\/sup> Ajout ou retrait des v\u0153ux<\/td><td class=\"has-text-align-center\" data-align=\"center\">Du 9 novembre au 17 d\u00e9cembre 2022<\/td><td class=\"has-text-align-center\" data-align=\"center\"><em>Saisie des modifications<\/em><\/td><\/tr><tr><td class=\"has-text-align-center\" data-align=\"center\">2<sup>nde<\/sup> Ajout ou retrait des v\u0153ux<\/td><td class=\"has-text-align-center\" data-align=\"center\">Du 21 avril au 3 mai 2023<\/td><td class=\"has-text-align-center\" data-align=\"center\"><em>Saisie des <em>modifications<\/em><\/em><\/td><\/tr><tr><td class=\"has-text-align-center\" data-align=\"center\">3<sup>\u00e8me<\/sup> Ajout ou retrait des v\u0153ux<\/td><td class=\"has-text-align-center\" data-align=\"center\">Du 10 au 14 juin 2023<\/td><td class=\"has-text-align-center\" data-align=\"center\"><em>Saisie des <em>modifications<\/em><\/em><\/td><\/tr><\/tbody><\/table><\/figure>\n\n\n\n<p>Enfin, la publication des r\u00e9sultats a lieu g\u00e9n\u00e9ralement en 3 phases. Nous reviendrons vers vous pour vous rappeler ces dates qui auront lieu en fin d&rsquo;ann\u00e9e scolaire&nbsp;:<\/p>\n\n\n\n<ol class=\"wp-block-list\" type=\"1\"><li>Publications des affectations des chefs<\/li><li>Publications des chefs mises \u00e0 jour et adjoints<\/li><li>Derniers ajustements<\/li><\/ol>\n\n\n\n<p class=\"has-text-color\" style=\"color:#f50505\">Entre chaque phase, saisissez le <strong>Sn<em>U.<\/em>pden-FSU<\/strong> pour toute erreur constat\u00e9e ou explication dont vous aurez besoin (par l\u2019interm\u00e9diaire de la fiche de mandatement (avec le lien). Pensez \u00e0 envoyer cette fiche de mandatement \u00e0 l&rsquo;administration <strong>ET AU SN<em>U.<\/em>PDEN<\/strong>, en pr\u00e9cisant que vous mandatez le <strong>Sn<em>U.<\/em>pden-FSU<\/strong> pour intervenir en votre nom.<\/p>\n\n\n\n<p>Cette proc\u00e9dure est indispensable et la seule depuis le retrait des comp\u00e9tences concernant les op\u00e9rations de gestions des personnels des Commissions paritaires.<\/p>\n\n\n\n<p>Cliquez sur le lien bleu suivant correspondant \u00e0 la <a href=\"http:\/\/snupden-fsu.fr\/wp-content\/uploads\/2022\/09\/Fiche-syndicale-mandatement-mobilite\u0301-2023-SNUPDEN.pdf\" target=\"_blank\" rel=\"noreferrer noopener\">fiche de mandatemen<\/a><a href=\"http:\/\/snupden-fsu.fr\/wp-content\/uploads\/2022\/09\/Fiche-syndicale-mandatement-mobilit\u00e9-2023-SNUPDEN.pdf\" target=\"_blank\" rel=\"noreferrer noopener\">t<\/a>.<\/p>\n\n\n\n<p>En dehors de toutes ces pr\u00e9cisions, n\u2019h\u00e9sitez pas \u00e0 nous contacter&nbsp;:<\/p>\n\n\n\n<p>Par t\u00e9l\u00e9phone&nbsp;: 06 36 95 35 94<\/p>\n\n\n\n<p>Par mail&nbsp;: <a href=\"mailto:snupden@fsu.fr\">snupden@fsu.fr<\/a> et double \u00e0 <a href=\"mailto:jean.klein@snupden.fsu.fr\">jean.klein@snupden.fsu.fr<\/a><\/p>\n\n\n\n<p class=\"has-text-color\" style=\"color:#ff0000\">Et surtout pensez \u00e0 nous faire parvenir (<strong>Sn<em>U.<\/em>pden-FSU)<\/strong> un double de votre dossier si vous souhaitez que nous en effectuions le suivi, comme tous les ans, aux m\u00eames adresses mail que pour les contacts. (<em>\u00e0 d\u00e9faut<\/em> par courrier \u00e0 l\u2019adresse du <strong>Sn<em>U.<\/em>pden-FSU).<\/strong><\/p>\n\n\n\n<p><\/p>\n\n\n\n<p>Le lien g\u00e9n\u00e9ral&nbsp;pour <a href=\"https:\/\/www.education.gouv.fr\/mobilite-et-carriere-des-personnels-de-direction-5393\">la note minist\u00e9rielle compl\u00e8te<\/a> <\/p>\n\n\n\n<p>Le lien vers la note de service de la dgrh :<a href=\"http:\/\/snupden-fsu.fr\/wp-content\/uploads\/2022\/09\/notedu18-08-2022-intentions_mobilite\u0301s_R2023.pdf\" target=\"_blank\" rel=\"noreferrer noopener\"> lien vers la note<\/a><\/p>\n\n\n\n<p><\/p>\n\n\n\n<p class=\"has-text-align-center\">Plus nombreux, nous sommes plus forts : rejoignez notre syndicat. \u00c0 cette fin, cliquez sur le lien suivant : <a href=\"http:\/\/snupden-fsu.fr\/wp-content\/uploads\/2022\/09\/Bulletin-dadhe\u0301sion-2022-2023.pdf\" target=\"_blank\" rel=\"noreferrer noopener\">ADH\u00c9SION<\/a><\/p>\n\n\n\n<p>Pour un paiement depuis ce site : cliquez sur le lien : <a href=\"https:\/\/www.payasso.fr\/.\" target=\"_blank\" rel=\"noreferrer noopener\">PAIEMENT PAR CB<\/a><\/p>\n\n\n\n<p class=\"has-text-color\" style=\"color:#f21101\">du 1<sup>er<\/sup> au 8 d\u00e9cembre Votez <strong>SN<em>U.<\/em>PDEN-FSU<\/strong><\/p>\n","protected":false},"excerpt":{"rendered":"<div class=\"mh-excerpt\"><p>Les op\u00e9rations de mobilit\u00e9 pour les personnels de direction commencent d\u00e8s ce jour, 1er septembre 2022, En dehors d\u2019un court tableau avec les dates, vous trouverez en fin d\u2019article un <a class=\"mh-excerpt-more\" href=\"https:\/\/snupden-fsu.fr\/index.php\/2022\/09\/01\/mobilite-2023-des-aujourdhui-1er-septembre\/\" title=\"Mobilit\u00e9 2023 &#8211; d\u00e8s aujourd&rsquo;hui 1er septembre&#8230;\">[&#8230;]<\/a><\/p>\n<\/div>","protected":false},"author":10,"featured_media":0,"comment_status":"closed","ping_status":"closed","sticky":false,"template":"","format":"standard","meta":{"_bbp_topic_count":0,"_bbp_reply_count":0,"_bbp_total_topic_count":0,"_bbp_total_reply_count":0,"_bbp_voice_count":0,"_bbp_anonymous_reply_count":0,"_bbp_topic_count_hidden":0,"_bbp_reply_count_hidden":0,"_bbp_forum_subforum_count":0,"_exactmetrics_skip_tracking":false,"_exactmetrics_sitenote_active":false,"_exactmetrics_sitenote_note":"","_exactmetrics_sitenote_category":0,"footnotes":""},"categories":[298],"tags":[],"class_list":["post-1857","post","type-post","status-publish","format-standard","hentry","category-mobilite-2023"],"yoast_head":"<!-- This site is optimized with the Yoast SEO plugin v18.5.1 - https:\/\/yoast.com\/wordpress\/plugins\/seo\/ -->\n<title>Mobilit\u00e9 2023 - d\u00e8s aujourd&#039;hui 1er septembre... -<\/title>\n<meta name=\"robots\" content=\"index, follow, max-snippet:-1, max-image-preview:large, max-video-preview:-1\" \/>\n<link rel=\"canonical\" href=\"https:\/\/snupden-fsu.fr\/index.php\/2022\/09\/01\/mobilite-2023-des-aujourdhui-1er-septembre\/\" \/>\n<meta property=\"og:locale\" content=\"fr_FR\" \/>\n<meta property=\"og:type\" content=\"article\" \/>\n<meta property=\"og:title\" content=\"Mobilit\u00e9 2023 - d\u00e8s aujourd&#039;hui 1er septembre... -\" \/>\n<meta property=\"og:description\" content=\"Les op\u00e9rations de mobilit\u00e9 pour les personnels de direction commencent d\u00e8s ce jour, 1er septembre 2022, En dehors d\u2019un court tableau avec les dates, vous trouverez en fin d\u2019article un [...]\" \/>\n<meta property=\"og:url\" content=\"https:\/\/snupden-fsu.fr\/index.php\/2022\/09\/01\/mobilite-2023-des-aujourdhui-1er-septembre\/\" \/>\n<meta property=\"article:published_time\" content=\"2022-09-01T08:58:29+00:00\" \/>\n<meta property=\"article:modified_time\" content=\"2023-08-24T14:29:31+00:00\" \/>\n<meta name=\"twitter:card\" content=\"summary_large_image\" \/>\n<meta name=\"twitter:label1\" content=\"\u00c9crit par\" \/>\n\t<meta name=\"twitter:data1\" content=\"jean klein\" \/>\n\t<meta name=\"twitter:label2\" content=\"Dur\u00e9e de lecture estim\u00e9e\" \/>\n\t<meta name=\"twitter:data2\" content=\"4 minutes\" \/>\n<script type=\"application\/ld+json\" class=\"yoast-schema-graph\">{\"@context\":\"https:\/\/schema.org\",\"@graph\":[{\"@type\":\"Organization\",\"@id\":\"https:\/\/snupden-fsu.fr\/#organization\",\"name\":\"snU.Pden-FSU\",\"url\":\"https:\/\/snupden-fsu.fr\/\",\"sameAs\":[],\"logo\":{\"@type\":\"ImageObject\",\"@id\":\"https:\/\/snupden-fsu.fr\/#logo\",\"inLanguage\":\"fr-FR\",\"url\":\"http:\/\/snupden-fsu.fr\/wp-content\/uploads\/2018\/03\/logo_snupden-3.jpg\",\"contentUrl\":\"http:\/\/snupden-fsu.fr\/wp-content\/uploads\/2018\/03\/logo_snupden-3.jpg\",\"width\":612,\"height\":183,\"caption\":\"snU.Pden-FSU\"},\"image\":{\"@id\":\"https:\/\/snupden-fsu.fr\/#logo\"}},{\"@type\":\"WebSite\",\"@id\":\"https:\/\/snupden-fsu.fr\/#website\",\"url\":\"https:\/\/snupden-fsu.fr\/\",\"name\":\"snU.pden-FSU\",\"description\":\"Le snU.pden-FSU devient FSU Per Dir\",\"publisher\":{\"@id\":\"https:\/\/snupden-fsu.fr\/#organization\"},\"potentialAction\":[{\"@type\":\"SearchAction\",\"target\":{\"@type\":\"EntryPoint\",\"urlTemplate\":\"https:\/\/snupden-fsu.fr\/?s={search_term_string}\"},\"query-input\":\"required name=search_term_string\"}],\"inLanguage\":\"fr-FR\"},{\"@type\":\"WebPage\",\"@id\":\"https:\/\/snupden-fsu.fr\/index.php\/2022\/09\/01\/mobilite-2023-des-aujourdhui-1er-septembre\/#webpage\",\"url\":\"https:\/\/snupden-fsu.fr\/index.php\/2022\/09\/01\/mobilite-2023-des-aujourdhui-1er-septembre\/\",\"name\":\"Mobilit\u00e9 2023 - d\u00e8s aujourd'hui 1er septembre... -\",\"isPartOf\":{\"@id\":\"https:\/\/snupden-fsu.fr\/#website\"},\"datePublished\":\"2022-09-01T08:58:29+00:00\",\"dateModified\":\"2023-08-24T14:29:31+00:00\",\"breadcrumb\":{\"@id\":\"https:\/\/snupden-fsu.fr\/index.php\/2022\/09\/01\/mobilite-2023-des-aujourdhui-1er-septembre\/#breadcrumb\"},\"inLanguage\":\"fr-FR\",\"potentialAction\":[{\"@type\":\"ReadAction\",\"target\":[\"https:\/\/snupden-fsu.fr\/index.php\/2022\/09\/01\/mobilite-2023-des-aujourdhui-1er-septembre\/\"]}]},{\"@type\":\"BreadcrumbList\",\"@id\":\"https:\/\/snupden-fsu.fr\/index.php\/2022\/09\/01\/mobilite-2023-des-aujourdhui-1er-septembre\/#breadcrumb\",\"itemListElement\":[{\"@type\":\"ListItem\",\"position\":1,\"name\":\"Accueil\",\"item\":\"https:\/\/snupden-fsu.fr\/\"},{\"@type\":\"ListItem\",\"position\":2,\"name\":\"Mobilit\u00e9 2023 &#8211; d\u00e8s aujourd&rsquo;hui 1er septembre&#8230;\"}]},{\"@type\":\"Article\",\"@id\":\"https:\/\/snupden-fsu.fr\/index.php\/2022\/09\/01\/mobilite-2023-des-aujourdhui-1er-septembre\/#article\",\"isPartOf\":{\"@id\":\"https:\/\/snupden-fsu.fr\/index.php\/2022\/09\/01\/mobilite-2023-des-aujourdhui-1er-septembre\/#webpage\"},\"author\":{\"@id\":\"https:\/\/snupden-fsu.fr\/#\/schema\/person\/f328fc98d73ca6c85ca6ca6d987b1e0e\"},\"headline\":\"Mobilit\u00e9 2023 &#8211; d\u00e8s aujourd&rsquo;hui 1er septembre&#8230;\",\"datePublished\":\"2022-09-01T08:58:29+00:00\",\"dateModified\":\"2023-08-24T14:29:31+00:00\",\"mainEntityOfPage\":{\"@id\":\"https:\/\/snupden-fsu.fr\/index.php\/2022\/09\/01\/mobilite-2023-des-aujourdhui-1er-septembre\/#webpage\"},\"wordCount\":589,\"publisher\":{\"@id\":\"https:\/\/snupden-fsu.fr\/#organization\"},\"articleSection\":[\"Mobilit\u00e9 2023\"],\"inLanguage\":\"fr-FR\"},{\"@type\":\"Person\",\"@id\":\"https:\/\/snupden-fsu.fr\/#\/schema\/person\/f328fc98d73ca6c85ca6ca6d987b1e0e\",\"name\":\"jean klein\",\"image\":{\"@type\":\"ImageObject\",\"@id\":\"https:\/\/snupden-fsu.fr\/#personlogo\",\"inLanguage\":\"fr-FR\",\"url\":\"https:\/\/secure.gravatar.com\/avatar\/cbd6ac971f6bb0bbd4697bbfeaa1fff02c1dbefc7a6243448920d7676d7c1688?s=96&d=mm&r=g\",\"contentUrl\":\"https:\/\/secure.gravatar.com\/avatar\/cbd6ac971f6bb0bbd4697bbfeaa1fff02c1dbefc7a6243448920d7676d7c1688?s=96&d=mm&r=g\",\"caption\":\"jean klein\"},\"url\":\"https:\/\/snupden-fsu.fr\/index.php\/author\/jean-klein\/\"}]}<\/script>\n<!-- \/ Yoast SEO plugin. -->","yoast_head_json":{"title":"Mobilit\u00e9 2023 - d\u00e8s aujourd'hui 1er septembre... -","robots":{"index":"index","follow":"follow","max-snippet":"max-snippet:-1","max-image-preview":"max-image-preview:large","max-video-preview":"max-video-preview:-1"},"canonical":"https:\/\/snupden-fsu.fr\/index.php\/2022\/09\/01\/mobilite-2023-des-aujourdhui-1er-septembre\/","og_locale":"fr_FR","og_type":"article","og_title":"Mobilit\u00e9 2023 - d\u00e8s aujourd'hui 1er septembre... -","og_description":"Les op\u00e9rations de mobilit\u00e9 pour les personnels de direction commencent d\u00e8s ce jour, 1er septembre 2022, En dehors d\u2019un court tableau avec les dates, vous trouverez en fin d\u2019article un [...]","og_url":"https:\/\/snupden-fsu.fr\/index.php\/2022\/09\/01\/mobilite-2023-des-aujourdhui-1er-septembre\/","article_published_time":"2022-09-01T08:58:29+00:00","article_modified_time":"2023-08-24T14:29:31+00:00","twitter_card":"summary_large_image","twitter_misc":{"\u00c9crit par":"jean klein","Dur\u00e9e de lecture estim\u00e9e":"4 minutes"},"schema":{"@context":"https:\/\/schema.org","@graph":[{"@type":"Organization","@id":"https:\/\/snupden-fsu.fr\/#organization","name":"snU.Pden-FSU","url":"https:\/\/snupden-fsu.fr\/","sameAs":[],"logo":{"@type":"ImageObject","@id":"https:\/\/snupden-fsu.fr\/#logo","inLanguage":"fr-FR","url":"http:\/\/snupden-fsu.fr\/wp-content\/uploads\/2018\/03\/logo_snupden-3.jpg","contentUrl":"http:\/\/snupden-fsu.fr\/wp-content\/uploads\/2018\/03\/logo_snupden-3.jpg","width":612,"height":183,"caption":"snU.Pden-FSU"},"image":{"@id":"https:\/\/snupden-fsu.fr\/#logo"}},{"@type":"WebSite","@id":"https:\/\/snupden-fsu.fr\/#website","url":"https:\/\/snupden-fsu.fr\/","name":"snU.pden-FSU","description":"Le snU.pden-FSU devient FSU Per Dir","publisher":{"@id":"https:\/\/snupden-fsu.fr\/#organization"},"potentialAction":[{"@type":"SearchAction","target":{"@type":"EntryPoint","urlTemplate":"https:\/\/snupden-fsu.fr\/?s={search_term_string}"},"query-input":"required name=search_term_string"}],"inLanguage":"fr-FR"},{"@type":"WebPage","@id":"https:\/\/snupden-fsu.fr\/index.php\/2022\/09\/01\/mobilite-2023-des-aujourdhui-1er-septembre\/#webpage","url":"https:\/\/snupden-fsu.fr\/index.php\/2022\/09\/01\/mobilite-2023-des-aujourdhui-1er-septembre\/","name":"Mobilit\u00e9 2023 - d\u00e8s aujourd'hui 1er septembre... -","isPartOf":{"@id":"https:\/\/snupden-fsu.fr\/#website"},"datePublished":"2022-09-01T08:58:29+00:00","dateModified":"2023-08-24T14:29:31+00:00","breadcrumb":{"@id":"https:\/\/snupden-fsu.fr\/index.php\/2022\/09\/01\/mobilite-2023-des-aujourdhui-1er-septembre\/#breadcrumb"},"inLanguage":"fr-FR","potentialAction":[{"@type":"ReadAction","target":["https:\/\/snupden-fsu.fr\/index.php\/2022\/09\/01\/mobilite-2023-des-aujourdhui-1er-septembre\/"]}]},{"@type":"BreadcrumbList","@id":"https:\/\/snupden-fsu.fr\/index.php\/2022\/09\/01\/mobilite-2023-des-aujourdhui-1er-septembre\/#breadcrumb","itemListElement":[{"@type":"ListItem","position":1,"name":"Accueil","item":"https:\/\/snupden-fsu.fr\/"},{"@type":"ListItem","position":2,"name":"Mobilit\u00e9 2023 &#8211; d\u00e8s aujourd&rsquo;hui 1er septembre&#8230;"}]},{"@type":"Article","@id":"https:\/\/snupden-fsu.fr\/index.php\/2022\/09\/01\/mobilite-2023-des-aujourdhui-1er-septembre\/#article","isPartOf":{"@id":"https:\/\/snupden-fsu.fr\/index.php\/2022\/09\/01\/mobilite-2023-des-aujourdhui-1er-septembre\/#webpage"},"author":{"@id":"https:\/\/snupden-fsu.fr\/#\/schema\/person\/f328fc98d73ca6c85ca6ca6d987b1e0e"},"headline":"Mobilit\u00e9 2023 &#8211; d\u00e8s aujourd&rsquo;hui 1er septembre&#8230;","datePublished":"2022-09-01T08:58:29+00:00","dateModified":"2023-08-24T14:29:31+00:00","mainEntityOfPage":{"@id":"https:\/\/snupden-fsu.fr\/index.php\/2022\/09\/01\/mobilite-2023-des-aujourdhui-1er-septembre\/#webpage"},"wordCount":589,"publisher":{"@id":"https:\/\/snupden-fsu.fr\/#organization"},"articleSection":["Mobilit\u00e9 2023"],"inLanguage":"fr-FR"},{"@type":"Person","@id":"https:\/\/snupden-fsu.fr\/#\/schema\/person\/f328fc98d73ca6c85ca6ca6d987b1e0e","name":"jean klein","image":{"@type":"ImageObject","@id":"https:\/\/snupden-fsu.fr\/#personlogo","inLanguage":"fr-FR","url":"https:\/\/secure.gravatar.com\/avatar\/cbd6ac971f6bb0bbd4697bbfeaa1fff02c1dbefc7a6243448920d7676d7c1688?s=96&d=mm&r=g","contentUrl":"https:\/\/secure.gravatar.com\/avatar\/cbd6ac971f6bb0bbd4697bbfeaa1fff02c1dbefc7a6243448920d7676d7c1688?s=96&d=mm&r=g","caption":"jean klein"},"url":"https:\/\/snupden-fsu.fr\/index.php\/author\/jean-klein\/"}]}},"_links":{"self":[{"href":"https:\/\/snupden-fsu.fr\/index.php\/wp-json\/wp\/v2\/posts\/1857","targetHints":{"allow":["GET"]}}],"collection":[{"href":"https:\/\/snupden-fsu.fr\/index.php\/wp-json\/wp\/v2\/posts"}],"about":[{"href":"https:\/\/snupden-fsu.fr\/index.php\/wp-json\/wp\/v2\/types\/post"}],"author":[{"embeddable":true,"href":"https:\/\/snupden-fsu.fr\/index.php\/wp-json\/wp\/v2\/users\/10"}],"replies":[{"embeddable":true,"href":"https:\/\/snupden-fsu.fr\/index.php\/wp-json\/wp\/v2\/comments?post=1857"}],"version-history":[{"count":13,"href":"https:\/\/snupden-fsu.fr\/index.php\/wp-json\/wp\/v2\/posts\/1857\/revisions"}],"predecessor-version":[{"id":1883,"href":"https:\/\/snupden-fsu.fr\/index.php\/wp-json\/wp\/v2\/posts\/1857\/revisions\/1883"}],"wp:attachment":[{"href":"https:\/\/snupden-fsu.fr\/index.php\/wp-json\/wp\/v2\/media?parent=1857"}],"wp:term":[{"taxonomy":"category","embeddable":true,"href":"https:\/\/snupden-fsu.fr\/index.php\/wp-json\/wp\/v2\/categories?post=1857"},{"taxonomy":"post_tag","embeddable":true,"href":"https:\/\/snupden-fsu.fr\/index.php\/wp-json\/wp\/v2\/tags?post=1857"}],"curies":[{"name":"wp","href":"https:\/\/api.w.org\/{rel}","templated":true}]}}