{"id":1782,"date":"2022-04-21T20:17:12","date_gmt":"2022-04-21T18:17:12","guid":{"rendered":"http:\/\/snupden-fsu.fr\/?p=1782"},"modified":"2023-08-24T16:31:59","modified_gmt":"2023-08-24T14:31:59","slug":"le-24-avril-pas-une-voix-pour-lextreme-droite","status":"publish","type":"post","link":"https:\/\/snupden-fsu.fr\/index.php\/2022\/04\/21\/le-24-avril-pas-une-voix-pour-lextreme-droite\/","title":{"rendered":"Le 24 avril : pas une voix pour l&rsquo;extr\u00eame droite"},"content":{"rendered":"\n<p>Le sn<em><strong>U<\/strong>.<\/em>pden-FSU appelle de nouveau \u00e0 s\u2019opposer dans les urnes \u00e0 l\u2019extr\u00eame droite lors du second tour des \u00e9lections pr\u00e9sidentielles.<\/p>\n\n\n\n<p>Madame Le Pen ouvre des voies dangereuses pour la France. Ses propositions pour l\u2019abandon du droit du sol, sa conception de la la\u00efcit\u00e9, la remise en cause de l\u2019abolition de la peine de mort\u2026 autant d\u2019exemples qui illustrent l\u2019extr\u00eame danger pour notre Nation port\u00e9 par cette candidate.<\/p>\n\n\n\n<p>Le sn<em><strong>U<\/strong>.<\/em>pden-FSU appelle \u00e0 ce qu\u2019aucune voix de ses adh\u00e9rents et sympathisants ne se porte sur Marine Le Pen.<\/p>\n\n\n\n<p>Les cinq ann\u00e9es v\u00e9cues et le programme d\u00e9crit par Monsieur Macron ne laissent aucunement pr\u00e9sager d\u2019un futur radieux pour le prochain quinquennat.<\/p>\n\n\n\n<p>Alors que Monsieur Bardela, pr\u00e9sident du Rassemblement National, a d\u00e9clar\u00e9 le mercredi 20 avril, refuser le d\u00e9gel du point d\u2019indice pour les fonctionnaires, Monsieur Macron d\u00e9clare vouloir poursuivre une politique du \u00ab travailler plus pour gagner plus \u00bb.<\/p>\n\n\n\n<p>Les conditions de travail dans lesquelles les personnels de l\u2019\u00c9ducation Nationale exercent leur m\u00e9tier prouvent l\u2019ineptie d\u2019une telle conception. Celles-ci anticipent une profonde transformation de la Fonction Publique, du mode de recrutement et d\u2019affectation de ses personnels&nbsp;: transformation antinomique avec les principes de la Fonction Publique de carri\u00e8re. Les modifications de la haute Fonction Publique, de l\u2019Inspection G\u00e9n\u00e9rale, du Corps Diplomatique, d\u00e8s \u00e0 pr\u00e9sent engag\u00e9es, fondent les premi\u00e8res \u00e9tapes du bouleversement de notre R\u00e9publique. L\u2019\u00e9pisode scandaleux Mac Kinsey ne repr\u00e9sente que la face \u00e9merg\u00e9e de l\u2019iceberg.<\/p>\n\n\n\n<p>Nous r\u00e9cusons et nous opposerons avec force \u00e0 ces orientations.<\/p>\n\n\n\n<p>Pour<\/p>\n\n\n\n<ul class=\"wp-block-list\"><li>une Fonction Publique qui ait les moyens de rendre un service de qualit\u00e9 aux usagers,<\/li><li>des fonctionnaires reconnus dans leur statut,<\/li><li>des fonctionnaires qui conservent leur enti\u00e8re citoyennet\u00e9,<\/li><li>une revalorisation des r\u00e9mun\u00e9rations qui s\u2019effectue par le d\u00e9blocage du point d\u2019indice et la revalorisation des grilles indiciaires,<\/li><li>un r\u00e9el dialogue social,<\/li><\/ul>\n\n\n\n<p><strong>nous appelons<\/strong>, au-del\u00e0 du vote de dimanche prochain, pour propulser des orientations alternatives aux programmes annonc\u00e9s des deux candidats au second tour de l\u2019\u00e9lection pr\u00e9sidentielle, <strong>\u00e0 pr\u00e9parer d\u00e8s maintenant le 1<sup>er<\/sup> mai par des actions fortes, unitaires qui marqueront notre opposition aux projets pr\u00e9sent\u00e9s pour le prochain quinquennat<\/strong>.<\/p>\n\n\n\n<p>Avec le sn<em><strong>U<\/strong>.<\/em>pden-FSU pour une R\u00e9publique sociale, fraternelle, solidaire et \u00e9galitaire.<\/p>\n\n\n\n<p class=\"has-text-align-right\"><strong>Le Bureau National, le 21 avril 2022<\/strong><\/p>\n","protected":false},"excerpt":{"rendered":"<div class=\"mh-excerpt\"><p>Le snU.pden-FSU appelle de nouveau \u00e0 s\u2019opposer dans les urnes \u00e0 l\u2019extr\u00eame droite lors du second tour des \u00e9lections pr\u00e9sidentielles. Madame Le Pen ouvre des voies dangereuses pour la France. <a class=\"mh-excerpt-more\" href=\"https:\/\/snupden-fsu.fr\/index.php\/2022\/04\/21\/le-24-avril-pas-une-voix-pour-lextreme-droite\/\" title=\"Le 24 avril : pas une voix pour l&rsquo;extr\u00eame droite\">[&#8230;]<\/a><\/p>\n<\/div>","protected":false},"author":9,"featured_media":0,"comment_status":"closed","ping_status":"closed","sticky":false,"template":"","format":"standard","meta":{"footnotes":""},"categories":[10,4],"tags":[],"class_list":["post-1782","post","type-post","status-publish","format-standard","hentry","category-actualites","category-edito"],"_links":{"self":[{"href":"https:\/\/snupden-fsu.fr\/index.php\/wp-json\/wp\/v2\/posts\/1782","targetHints":{"allow":["GET"]}}],"collection":[{"href":"https:\/\/snupden-fsu.fr\/index.php\/wp-json\/wp\/v2\/posts"}],"about":[{"href":"https:\/\/snupden-fsu.fr\/index.php\/wp-json\/wp\/v2\/types\/post"}],"author":[{"embeddable":true,"href":"https:\/\/snupden-fsu.fr\/index.php\/wp-json\/wp\/v2\/users\/9"}],"replies":[{"embeddable":true,"href":"https:\/\/snupden-fsu.fr\/index.php\/wp-json\/wp\/v2\/comments?post=1782"}],"version-history":[{"count":1,"href":"https:\/\/snupden-fsu.fr\/index.php\/wp-json\/wp\/v2\/posts\/1782\/revisions"}],"predecessor-version":[{"id":1783,"href":"https:\/\/snupden-fsu.fr\/index.php\/wp-json\/wp\/v2\/posts\/1782\/revisions\/1783"}],"wp:attachment":[{"href":"https:\/\/snupden-fsu.fr\/index.php\/wp-json\/wp\/v2\/media?parent=1782"}],"wp:term":[{"taxonomy":"category","embeddable":true,"href":"https:\/\/snupden-fsu.fr\/index.php\/wp-json\/wp\/v2\/categories?post=1782"},{"taxonomy":"post_tag","embeddable":true,"href":"https:\/\/snupden-fsu.fr\/index.php\/wp-json\/wp\/v2\/tags?post=1782"}],"curies":[{"name":"wp","href":"https:\/\/api.w.org\/{rel}","templated":true}]}}