{"id":1672,"date":"2021-11-29T10:59:29","date_gmt":"2021-11-29T09:59:29","guid":{"rendered":"http:\/\/snupden-fsu.fr\/?p=1672"},"modified":"2023-08-24T16:31:18","modified_gmt":"2023-08-24T14:31:18","slug":"respect-des-droits-fondamentaux-des-migrants","status":"publish","type":"post","link":"https:\/\/snupden-fsu.fr\/index.php\/2021\/11\/29\/respect-des-droits-fondamentaux-des-migrants\/","title":{"rendered":"Respect des droits fondamentaux des migrants :"},"content":{"rendered":"\n<h2 class=\"wp-block-heading\"><strong>de la libert\u00e9 de circulation au droit \u00e0 l\u2019\u00e9ducation<\/strong><\/h2>\n\n\n\n<p>Au lendemain du drame ayant vu la mort de 27 migrants dans la Manche, les r\u00e9actions ont \u00e9t\u00e9 nombreuses.<\/p>\n\n\n\n<p><strong>De l&rsquo;Europe qui s&rsquo;enferme&#8230;.<\/strong><\/p>\n\n\n\n<p>L\u2019Europe se barricade derri\u00e8re des grilles anti-migrants&nbsp;: comme Lampedusa, Ceuta, Lesbos ou plus r\u00e9cemment la fronti\u00e8re entre la Bi\u00e9lorussie et la Pologne. Le littoral de la Manche et de la mer du Nord est le th\u00e9\u00e2tre de la trag\u00e9die migratoire dans laquelle l\u2019Union Europ\u00e9enne s\u2019enlise. Depuis le d\u00e9mant\u00e8lement de la \u00ab&nbsp;Jungle&nbsp;\u00bb de Calais, la situation des r\u00e9fugi\u00e9s n\u2019a cess\u00e9 de se d\u00e9grader. La politique de fermeture des fronti\u00e8res conduit les migrants \u00e0 prendre de plus en plus de risques. La d\u00e9cision d\u2019une grande enseigne commerciale d\u2019articles de sport de retirer de la vente les kayaks dans les magasins de Calais et Grande-Synthe est la triste illustration d\u2019une \u00e9poque o\u00f9 l\u2019empathie c\u00e8de \u00e0 la peur de l\u2019autre. Depuis plusieurs mois, de nombreux r\u00e9fugi\u00e9s ont p\u00e9ri le long d\u2019autoroutes, sur des voies ferr\u00e9es ou dans des embarcations de fortune. Le quotidien des migrants est de plus en plus difficile&nbsp;: d\u00e9mant\u00e8lement syst\u00e9matique des abris et des tentes, interdiction par les mairies et la pr\u00e9fecture des distributions de repas\u2026<\/p>\n\n\n\n<p><strong>\u2026 au d\u00e9ni franco-britannique<\/strong><\/p>\n\n\n\n<p>A l\u2019\u00e9motion de l\u2019annonce de la disparition de 27 migrants, les autorit\u00e9s franco-britanniques ont r\u00e9pondu en d\u00e9non\u00e7ant la responsabilit\u00e9 des passeurs dans un climat d\u00e9l\u00e9t\u00e8re marqu\u00e9 par la x\u00e9nophobie\u2026&nbsp; Les voix sont beaucoup trop rares pour d\u00e9noncer une telle hypocrisie&nbsp;: des militants associatifs en gr\u00e8ve de la faim, des rassemblements en soutien aux migrants dans quelques villes en France ce weekend.<\/p>\n\n\n\n<p>Au sein de la FSU, le sn<strong><em>U.<\/em><\/strong>p.den-FSU exige des conditions d\u2019accueil dignes pour tous les exil\u00e9s, la libert\u00e9 de circulation et d\u2019installation pour toutes et pour tous, le droit \u00e0 la scolarisation de tous les mineurs, isol\u00e9s ou non.<\/p>\n\n\n\n<p>Les \u00e9tablissements scolaires doivent disposer des moyens n\u00e9cessaires pour r\u00e9pondre \u00e0 ce droit fondamental avec l\u2019ouverture en plus grand nombre d&rsquo;Unit\u00e9s P\u00e9dagogiques pour les El\u00e8ves Allophones Arrivants (UPE2A), une v\u00e9ritable formation des professeurs en Fran\u00e7ais Langue Seconde, et la hausse des budgets des fonds sociaux pour les aides d&rsquo;urgence\u00a0<strong>:<\/strong> v\u00eatements et fournitures scolaires&#8230;<\/p>\n\n\n\n<p class=\"has-text-align-right\"><strong>Emmanuel Dalbard<\/strong><\/p>\n\n\n\n<p class=\"has-text-align-right\"><strong>Secr\u00e9taire g\u00e9n\u00e9ral-adjoint du sn<em>U<\/em>.pden-FSU<\/strong><\/p>\n","protected":false},"excerpt":{"rendered":"<div class=\"mh-excerpt\"><p>de la libert\u00e9 de circulation au droit \u00e0 l\u2019\u00e9ducation Au lendemain du drame ayant vu la mort de 27 migrants dans la Manche, les r\u00e9actions ont \u00e9t\u00e9 nombreuses. De l&rsquo;Europe <a class=\"mh-excerpt-more\" href=\"https:\/\/snupden-fsu.fr\/index.php\/2021\/11\/29\/respect-des-droits-fondamentaux-des-migrants\/\" title=\"Respect des droits fondamentaux des migrants :\">[&#8230;]<\/a><\/p>\n<\/div>","protected":false},"author":9,"featured_media":0,"comment_status":"closed","ping_status":"closed","sticky":false,"template":"","format":"standard","meta":{"footnotes":""},"categories":[10,101],"tags":[],"class_list":["post-1672","post","type-post","status-publish","format-standard","hentry","category-actualites","category-communique"],"_links":{"self":[{"href":"https:\/\/snupden-fsu.fr\/index.php\/wp-json\/wp\/v2\/posts\/1672","targetHints":{"allow":["GET"]}}],"collection":[{"href":"https:\/\/snupden-fsu.fr\/index.php\/wp-json\/wp\/v2\/posts"}],"about":[{"href":"https:\/\/snupden-fsu.fr\/index.php\/wp-json\/wp\/v2\/types\/post"}],"author":[{"embeddable":true,"href":"https:\/\/snupden-fsu.fr\/index.php\/wp-json\/wp\/v2\/users\/9"}],"replies":[{"embeddable":true,"href":"https:\/\/snupden-fsu.fr\/index.php\/wp-json\/wp\/v2\/comments?post=1672"}],"version-history":[{"count":1,"href":"https:\/\/snupden-fsu.fr\/index.php\/wp-json\/wp\/v2\/posts\/1672\/revisions"}],"predecessor-version":[{"id":1673,"href":"https:\/\/snupden-fsu.fr\/index.php\/wp-json\/wp\/v2\/posts\/1672\/revisions\/1673"}],"wp:attachment":[{"href":"https:\/\/snupden-fsu.fr\/index.php\/wp-json\/wp\/v2\/media?parent=1672"}],"wp:term":[{"taxonomy":"category","embeddable":true,"href":"https:\/\/snupden-fsu.fr\/index.php\/wp-json\/wp\/v2\/categories?post=1672"},{"taxonomy":"post_tag","embeddable":true,"href":"https:\/\/snupden-fsu.fr\/index.php\/wp-json\/wp\/v2\/tags?post=1672"}],"curies":[{"name":"wp","href":"https:\/\/api.w.org\/{rel}","templated":true}]}}