{"id":1398,"date":"2021-05-10T13:17:39","date_gmt":"2021-05-10T11:17:39","guid":{"rendered":"http:\/\/snupden-fsu.fr\/?p=1398"},"modified":"2021-09-28T19:46:03","modified_gmt":"2021-09-28T17:46:03","slug":"procedure-daffectation-en-internat-demande-daudience-intersyndicale-a-madame-la-rectrice","status":"publish","type":"post","link":"https:\/\/snupden-fsu.fr\/index.php\/2021\/05\/10\/procedure-daffectation-en-internat-demande-daudience-intersyndicale-a-madame-la-rectrice\/","title":{"rendered":"Proc\u00e9dure d&rsquo;admission en internat lyc\u00e9e : demande d&rsquo;audience intersyndicale \u00e0 madame la Rectrice"},"content":{"rendered":"\n<p class=\"has-text-align-right\">Caen, le 10 mai 2021<strong><br><br><br><br><\/strong><\/p>\n\n\n\n<p>&nbsp;&nbsp;&nbsp;&nbsp;&nbsp;&nbsp;&nbsp;&nbsp;&nbsp;&nbsp;&nbsp;&nbsp;&nbsp; Madame la rectrice<\/p>\n\n\n\n<p>&nbsp;&nbsp;&nbsp;&nbsp;&nbsp;&nbsp;&nbsp;&nbsp;&nbsp;&nbsp;&nbsp;&nbsp;&nbsp; Dans une circulaire dat\u00e9e du 30 avril 2021, vous avez exprim\u00e9 le souhait que les modalit\u00e9s d\u2019affectation des \u00e9l\u00e8ves en internat en fin de troisi\u00e8me comme de seconde soient r\u00e9examin\u00e9es pour homog\u00e9n\u00e9iser les crit\u00e8res d\u2019admission en internat \u00e0 l\u2019\u00e9chelle acad\u00e9mique et pour am\u00e9liorer l\u2019ad\u00e9quation entre les v\u0153ux des \u00e9l\u00e8ves et le nombre de places offertes.<\/p>\n\n\n\n<p>&nbsp;&nbsp;&nbsp;&nbsp;&nbsp;&nbsp;&nbsp;&nbsp;&nbsp;&nbsp;&nbsp;&nbsp;&nbsp; Ce faisant, nous comprenons que le syst\u00e8me aujourd\u2019hui en place ne donnerait pas satisfaction. Nous aimerions conna\u00eetre pr\u00e9cis\u00e9ment les \u00e9cueils rencontr\u00e9s dans l\u2019organisation actuelle. Une mesure corrective ne se justifie en effet que par le dysfonctionnement \u00e0 corriger. Or, aucun diagnostic ne nous a \u00e9t\u00e9 pr\u00e9sent\u00e9, justifiant la mise en \u0153uvre d\u2019une nouvelle proc\u00e9dure chronophage et compliqu\u00e9e.<\/p>\n\n\n\n<p>&nbsp;&nbsp;&nbsp;&nbsp;&nbsp;&nbsp;&nbsp;&nbsp;&nbsp;&nbsp;&nbsp;&nbsp;&nbsp; Dans ce m\u00eame courrier, vous \u00e9voquez qu\u2019une r\u00e9flexion sur ce sujet a \u00e9t\u00e9 men\u00e9e dans le cadre d\u2019un groupe de travail avec des personnels de direction et pr\u00e9sent\u00e9 en Blanchet. Vous omettez toutefois de pr\u00e9ciser que le groupe de travail n\u2019a \u00e9t\u00e9 r\u00e9uni qu\u2019une seule fois le 8 avril dernier en visioconf\u00e9rence et que les personnels de direction pr\u00e9sents ont fait conna\u00eetre leurs r\u00e9ticences pour un dispositif d\u00e9connect\u00e9 de l\u2019affectation qu\u2019ils n\u2019ont pas h\u00e9sit\u00e9 \u00e0 qualifier \u00ab&nbsp;d\u2019usine \u00e0 gaz&nbsp;\u00bb.<\/p>\n\n\n\n<p>&nbsp;&nbsp;&nbsp;&nbsp;&nbsp;&nbsp;&nbsp;&nbsp;&nbsp;&nbsp;&nbsp;&nbsp;&nbsp; Votre d\u00e9cision de mettre en place cette proc\u00e9dure dans l\u2019urgence sans que puisse \u00eatre pris le temps d\u2019analyser les difficult\u00e9s suppos\u00e9es et les moyens d\u2019y rem\u00e9dier r\u00e9v\u00e8le pour le moins un manque de confiance dans la capacit\u00e9 collective des personnels de direction \u00e0 mettre en \u0153uvre une politique volontariste dans le cadre du projet acad\u00e9mique et fait, une fois encore, peu de cas de la charge de travail \u00e0 laquelle ils sont soumis depuis maintenant 15 mois.<\/p>\n\n\n\n<p>&nbsp;&nbsp;&nbsp;&nbsp;&nbsp;&nbsp;&nbsp;&nbsp;&nbsp;&nbsp;&nbsp;&nbsp;&nbsp; Les repr\u00e9sentants des organisations syndicales signataires souhaitent porter \u00e0 votre attention les remarques suivantes&nbsp;:<\/p>\n\n\n\n<ul class=\"wp-block-list\"><li>Les personnels de direction partagent votre volont\u00e9 d\u2019homog\u00e9n\u00e9isation et d\u2019ad\u00e9quation entre les v\u0153ux des \u00e9l\u00e8ves et le nombre de places offertes en internat&nbsp;;<\/li><li>le SNPDEN-UNSA, le SGEN-CFDT et le SNUPDEN-FSU approuvent, sur le principe, tout dispositif qui permet de mettre davantage de justice sociale dans une politique \u00e9ducative.<\/li><\/ul>\n\n\n\n<p>Mais<\/p>\n\n\n\n<ul class=\"wp-block-list\"><li>Le nombre de places disponibles ne sera nullement accru par cette nouvelle proc\u00e9dure. Il faudra plusieurs ann\u00e9es pour que la R\u00e9gion puisse faire les investissements n\u00e9cessaires \u00e0 cette ad\u00e9quation&nbsp;;<\/li><li>La proc\u00e9dure propos\u00e9e est d\u00e9coupl\u00e9e de la proc\u00e9dure d\u2019orientation en cours et va cr\u00e9er de nombreuses confusions pour les familles&nbsp;;<\/li><li>La proc\u00e9dure envisag\u00e9e ne permettra nullement aux familles de revoir leurs v\u0153ux et de ce fait ne permettra pas d\u2019am\u00e9liorer le service rendu&nbsp;;<\/li><li>Au contraire, des familles risquent de se tourner d\u00e8s le 1<sup>er<\/sup> juillet vers d\u2019autres solutions (notamment l\u2019apprentissage en CFA) faute de place en internat alors que la r\u00e9gulation se faisait au fil des inscriptions et permettait parfois de trouver des solutions&nbsp;;<\/li><li>La proc\u00e9dure est inutilement alourdie par des demandes d\u2019internat dans plusieurs \u00e9tablissements alors qu\u2019un seul v\u0153u sera finalement retenu&nbsp;;<\/li><li>Les lyc\u00e9es ne sont pas en mesure de conna\u00eetre \u00e0 cette p\u00e9riode de l\u2019ann\u00e9e le nombre de places vacantes dont ils disposent, ce qui va les conduire naturellement \u00e0 envisager une fourchette basse pour ne pas mettre \u00e0 mal la continuit\u00e9 des parcours des \u00e9l\u00e8ves d\u00e9j\u00e0 scolaris\u00e9s dans l\u2019\u00e9tablissement. Il en d\u00e9coulera un nombre important de places sur liste suppl\u00e9mentaire n\u00e9cessitant de rappeler individuellement les familles&nbsp;;<\/li><li>Le calendrier n\u2019est pas compatible avec le calendrier Parcoursup et tous les lyc\u00e9es ne disposent pas de logements CROUS dans leur commune ou \u00e0 proximit\u00e9. Les \u00e9tudiants post-bac risquent de se retrouver sans solutions d\u2019h\u00e9bergement et risquent de renoncer \u00e0 leurs \u00e9tudes&nbsp;;<\/li><li>Il n&rsquo;y a aucune diff\u00e9renciation entre les lyc\u00e9es. En effet, dans une grande majorit\u00e9 de lyc\u00e9es, <strong><u>il n&rsquo;y a aucun probl\u00e8me de place \u00e0 l&rsquo;internat.<\/u> <\/strong>On se retrouve donc tous \u00e0 devoir appliquer une proc\u00e9dure lourde sans n\u00e9cessit\u00e9.<\/li><li>La fiche d&rsquo;information remise aux familles conseille un contact pour un entretien pr\u00e9alable avec le proviseur du lyc\u00e9e demand\u00e9. C&rsquo;est tout simplement irr\u00e9aliste, tout comme les 17 colonnes \u00e0 remplir sur Excel et l\u2019avis de l\u2019assistante sociale \u00e0 prendre en compte, alors qu\u2019elle n\u2019est pas pr\u00e9sente dans beaucoup de petits \u00e9tablissements\u2026<\/li><\/ul>\n\n\n\n<p>&nbsp;&nbsp;&nbsp;&nbsp;&nbsp;&nbsp;&nbsp;&nbsp;&nbsp;&nbsp;&nbsp;&nbsp;&nbsp; On voit bien que, faute de concertation suffisante, de nombreuses zones d\u2019ombre n\u2019ont pas \u00e9t\u00e9 explor\u00e9es et, outre la surcharge de travail induite par cette nouvelle proc\u00e9dure, il est \u00e0 craindre que le rem\u00e8de soit plus nocif que le mal qu\u2019il est cens\u00e9 gu\u00e9rir.<\/p>\n\n\n\n<p>&nbsp;&nbsp;&nbsp;&nbsp;&nbsp;&nbsp;&nbsp;&nbsp;&nbsp;&nbsp;&nbsp;&nbsp;&nbsp; En cons\u00e9quence, le SNPDEN-UNSA, le SGEN-CFDT et le SNUPDEN-FSU vous demandent&nbsp;:<\/p>\n\n\n\n<ul class=\"wp-block-list\"><li>De suspendre la mise en \u0153uvre de cette proc\u00e9dure et d&rsquo;en r\u00e9interroger les fondements ;<\/li><li>De remplacer cette organisation par un rappel envoy\u00e9 aux lyc\u00e9es concernant les crit\u00e8res de priorisation des inscriptions en internat (crit\u00e8res g\u00e9ographiques, crit\u00e8res familiaux, crit\u00e8res sociaux) et la demande d\u2019une remont\u00e9e dans les DSDEN des classements \u00e9labor\u00e9s \u00e0 partir de ces \u00e9l\u00e9ments.<\/li><li>Que soient pr\u00e9sent\u00e9s aux repr\u00e9sentants des OS les dysfonctionnements rep\u00e9r\u00e9s afin d\u2019en analyser les causes et de r\u00e9fl\u00e9chir aux moyens d\u2019y rem\u00e9dier&nbsp;en prenant en compte les sp\u00e9cificit\u00e9s des \u00e9tablissements et leur localisation&nbsp;;<\/li><li>Qu\u2019un v\u00e9ritable travail en concertation soit r\u00e9alis\u00e9 l\u2019an prochain pour modifier, si n\u00e9cessaire, la proc\u00e9dure que nous vous proposons de mettre en \u0153uvre.<\/li><\/ul>\n\n\n\n<p>&nbsp;&nbsp;&nbsp;&nbsp;&nbsp;&nbsp;&nbsp;&nbsp;&nbsp;&nbsp;&nbsp;&nbsp;&nbsp; Les \u00e9l\u00e9ments envisag\u00e9s dans la proc\u00e9dure pourront alors \u00eatre utilement utilis\u00e9s par les lyc\u00e9es pour effectuer ce classement dans l\u2019esprit de ce qui se fait d\u00e9j\u00e0 pour l\u2019accueil d\u2019\u00e9tudiants au travers de la commission d\u2019examen des voeux Parcoursup. Un rapport de commission peut ainsi \u00eatre envoy\u00e9 en fin de proc\u00e9dure, selon un calendrier compatible avec les inscriptions des \u00e9l\u00e8ves.<\/p>\n\n\n\n<p>&nbsp;&nbsp;&nbsp;&nbsp;&nbsp;&nbsp;&nbsp;&nbsp;&nbsp;&nbsp;&nbsp;&nbsp;&nbsp; Afin de vous pr\u00e9senter nos propositions et d\u2019entendre vos arguments, nous vous demandons, Madame la Rectrice, de nous accorder une audience dans les meilleurs d\u00e9lais. Dans l\u2019attente de cette audience, nous appelons nos adh\u00e9rents \u00e0 ne pas mettre en \u0153uvre la proc\u00e9dure propos\u00e9e et \u00e0 attendre de nouvelles consignes.<\/p>\n\n\n\n<p>&nbsp;&nbsp;&nbsp;&nbsp;&nbsp;&nbsp;&nbsp;&nbsp;&nbsp;&nbsp;&nbsp;&nbsp;&nbsp; Nous vous prions d\u2019agr\u00e9er, Madame la Rectrice, l\u2019expression de nos respectueuses salutations.<\/p>\n\n\n\n<p>Jo\u00ebl Delhopital &amp; Hugues Broustail&nbsp;&nbsp;&nbsp;&nbsp;&nbsp;&nbsp;&nbsp;&nbsp;&nbsp;&nbsp;&nbsp;&nbsp;&nbsp;&nbsp;&nbsp;&nbsp; Denis S\u00e9bille&nbsp;&nbsp; &nbsp;&nbsp;&nbsp;&nbsp;&nbsp;&nbsp;&nbsp;&nbsp;&nbsp;&nbsp;&nbsp;&nbsp;&nbsp; Samuel Lautru<\/p>\n\n\n\n<figure class=\"wp-block-image size-large\"><img loading=\"lazy\" decoding=\"async\" width=\"397\" height=\"539\" src=\"http:\/\/snupden-fsu.fr\/wp-content\/uploads\/2021\/05\/image-3.png\" alt=\"\" class=\"wp-image-1399\" srcset=\"https:\/\/snupden-fsu.fr\/wp-content\/uploads\/2021\/05\/image-3.png 397w, https:\/\/snupden-fsu.fr\/wp-content\/uploads\/2021\/05\/image-3-221x300.png 221w\" sizes=\"auto, (max-width: 397px) 100vw, 397px\" \/><\/figure>\n\n\n\n<figure class=\"wp-block-image size-large\"><img loading=\"lazy\" decoding=\"async\" width=\"384\" height=\"550\" src=\"http:\/\/snupden-fsu.fr\/wp-content\/uploads\/2021\/05\/image-6.png\" alt=\"\" class=\"wp-image-1406\" srcset=\"https:\/\/snupden-fsu.fr\/wp-content\/uploads\/2021\/05\/image-6.png 384w, https:\/\/snupden-fsu.fr\/wp-content\/uploads\/2021\/05\/image-6-209x300.png 209w\" sizes=\"auto, (max-width: 384px) 100vw, 384px\" \/><\/figure>\n\n\n\n<figure class=\"wp-block-image size-large\"><img loading=\"lazy\" decoding=\"async\" width=\"400\" height=\"401\" src=\"http:\/\/snupden-fsu.fr\/wp-content\/uploads\/2021\/05\/image-7.png\" alt=\"\" class=\"wp-image-1407\" srcset=\"https:\/\/snupden-fsu.fr\/wp-content\/uploads\/2021\/05\/image-7.png 400w, https:\/\/snupden-fsu.fr\/wp-content\/uploads\/2021\/05\/image-7-300x300.png 300w, https:\/\/snupden-fsu.fr\/wp-content\/uploads\/2021\/05\/image-7-150x150.png 150w\" sizes=\"auto, (max-width: 400px) 100vw, 400px\" \/><\/figure>\n","protected":false},"excerpt":{"rendered":"<div class=\"mh-excerpt\"><p>Caen, le 10 mai 2021 &nbsp;&nbsp;&nbsp;&nbsp;&nbsp;&nbsp;&nbsp;&nbsp;&nbsp;&nbsp;&nbsp;&nbsp;&nbsp; Madame la rectrice &nbsp;&nbsp;&nbsp;&nbsp;&nbsp;&nbsp;&nbsp;&nbsp;&nbsp;&nbsp;&nbsp;&nbsp;&nbsp; Dans une circulaire dat\u00e9e du 30 avril 2021, vous avez exprim\u00e9 le souhait que les modalit\u00e9s d\u2019affectation des \u00e9l\u00e8ves en <a class=\"mh-excerpt-more\" href=\"https:\/\/snupden-fsu.fr\/index.php\/2021\/05\/10\/procedure-daffectation-en-internat-demande-daudience-intersyndicale-a-madame-la-rectrice\/\" title=\"Proc\u00e9dure d&rsquo;admission en internat lyc\u00e9e : demande d&rsquo;audience intersyndicale \u00e0 madame la Rectrice\">[&#8230;]<\/a><\/p>\n<\/div>","protected":false},"author":6,"featured_media":0,"comment_status":"closed","ping_status":"closed","sticky":false,"template":"","format":"standard","meta":{"footnotes":""},"categories":[198,15,28],"tags":[],"class_list":["post-1398","post","type-post","status-publish","format-standard","hentry","category-archives","category-caen","category-normandie"],"_links":{"self":[{"href":"https:\/\/snupden-fsu.fr\/index.php\/wp-json\/wp\/v2\/posts\/1398","targetHints":{"allow":["GET"]}}],"collection":[{"href":"https:\/\/snupden-fsu.fr\/index.php\/wp-json\/wp\/v2\/posts"}],"about":[{"href":"https:\/\/snupden-fsu.fr\/index.php\/wp-json\/wp\/v2\/types\/post"}],"author":[{"embeddable":true,"href":"https:\/\/snupden-fsu.fr\/index.php\/wp-json\/wp\/v2\/users\/6"}],"replies":[{"embeddable":true,"href":"https:\/\/snupden-fsu.fr\/index.php\/wp-json\/wp\/v2\/comments?post=1398"}],"version-history":[{"count":4,"href":"https:\/\/snupden-fsu.fr\/index.php\/wp-json\/wp\/v2\/posts\/1398\/revisions"}],"predecessor-version":[{"id":1408,"href":"https:\/\/snupden-fsu.fr\/index.php\/wp-json\/wp\/v2\/posts\/1398\/revisions\/1408"}],"wp:attachment":[{"href":"https:\/\/snupden-fsu.fr\/index.php\/wp-json\/wp\/v2\/media?parent=1398"}],"wp:term":[{"taxonomy":"category","embeddable":true,"href":"https:\/\/snupden-fsu.fr\/index.php\/wp-json\/wp\/v2\/categories?post=1398"},{"taxonomy":"post_tag","embeddable":true,"href":"https:\/\/snupden-fsu.fr\/index.php\/wp-json\/wp\/v2\/tags?post=1398"}],"curies":[{"name":"wp","href":"https:\/\/api.w.org\/{rel}","templated":true}]}}