{"id":1193,"date":"2021-01-14T16:49:47","date_gmt":"2021-01-14T15:49:47","guid":{"rendered":"http:\/\/snupden-fsu.fr\/?p=1193"},"modified":"2021-01-24T20:48:34","modified_gmt":"2021-01-24T19:48:34","slug":"loi-4d","status":"publish","type":"post","link":"https:\/\/snupden-fsu.fr\/index.php\/2021\/01\/14\/loi-4d\/","title":{"rendered":"Loi 4D (D\u00e9centralisation, d\u00e9concentration, diff\u00e9renciation et d\u00e9complexification) :"},"content":{"rendered":"\n<h2 class=\"wp-block-heading\">L\u2019\u00c9ducation Nationale, prochaine victime ?<\/h2>\n\n\n\n<ul class=\"wp-block-list\"><li>D\u00e9mant\u00e8lement<\/li><li>D\u00e9sengagement<\/li><li>D\u00e9sinvestissement<\/li><li>Destruction<\/li><\/ul>\n\n\n\n<p>La m\u00e9decine scolaire, d\u00e9j\u00e0 exsangue, les Gestionnaires, et qui d\u2019autres\u2026&nbsp;? les chef-fe-s d\u2019\u00c9PLE, puis le reste des personnels de l\u2019\u00c9ducation et leur recrutement&nbsp;?<\/p>\n\n\n\n<p>Si on va au bout de la logique voil\u00e0 ce qui va se passer&nbsp;!<\/p>\n\n\n\n<p>Au-del\u00e0 de qui sera in\u00e9vitablement pr\u00e9sent\u00e9 comme \u00ab&nbsp;le bon sens pr\u00e8s de chez vous&nbsp;\u00bb, pour reprendre un slogan forc\u00e9ment cher \u00e0 nos responsables des collectivit\u00e9s\u2026, il s\u2019agit purement et simplement de d\u00e9monter (un 5<sup>\u00e8me<\/sup>&nbsp;D\u2026), la Fonction publique d\u2019\u00c9tat, et, donc, l\u2019\u00c9ducation qui ne sera plus Nationale.<\/p>\n\n\n\n<p>Que cela signifie-t-il et implique-t-il&nbsp;?<\/p>\n\n\n\n<p>Apr\u00e8s que l\u2019on nous aura expliqu\u00e9, comme cela a \u00e9t\u00e9 fait pour nos coll\u00e8gues devenus aujourd\u2019hui ATTEE, chacun a tout \u00e0 y gagner. (Entendons-nous bien, il s\u2019agit de parler r\u00e9mun\u00e9ration). Certes, et ce n\u2019est pas n\u00e9gligeable, si on y regarde de pr\u00e8s, il est incontestable que les Agents \u00ab\u00a0territoriaux\u00a0\u00bb ont de meilleurs salaires, et des avantages, qu\u2019ils n\u2019avaient pas lorsqu\u2019ils d\u00e9pendaient de l\u2019\u00c9ducation Nationale. D\u2019autre part, la d\u00e9centralisation de services fondamentaux qu\u2019ils exercent au sein des \u00e9tablissements n\u2019a pas d\u00e9grad\u00e9 la qualit\u00e9 du travail qu\u2019ils font, et le renouvellement du mat\u00e9riel a, suivant les collectivit\u00e9s, souvent \u00e9t\u00e9 am\u00e9lior\u00e9.\u00a0<\/p>\n\n\n\n<p>Bon, cela est-il naturellement transposable aux autres services de l\u2019\u00c9ducation, l\u2019organisation, le recrutement, la formation, la r\u00e9mun\u00e9ration et les contenus\u2026&nbsp;?<\/p>\n\n\n\n<h4 class=\"wp-block-heading\">Clairement, non !<\/h4>\n\n\n\n<p>Bien que cela ne soit pas encore d\u00e9finitivement act\u00e9, il ne resterait que quelques formalit\u00e9s administratives \u00e0 r\u00e9gler, pour que les \u00ab&nbsp;adjoint-es gestionnaires&nbsp;\u00bb soient d\u00e9concentr\u00e9-e-s.<\/p>\n\n\n\n<p>Tr\u00e8s souvent et \u00e0 juste titre, ils sont int\u00e9gr\u00e9s aux \u00e9quipes de direction (adjoint-e-s aux chefs d\u2019\u00e9tablissement) et donc aux r\u00e9unions des dites \u00e9quipes o\u00f9 on ne parle pas que budget, mais aussi p\u00e9dagogie, organisation des classes, suivi des \u00e9l\u00e8ves\u2026 En soi, cela ne pose pas de probl\u00e8me, mais, \u00e0 ce jour, au moins, cela ne regarde pas les collectivit\u00e9s de tutelles des agents, et reste de la seule responsabilit\u00e9 de l\u2019\u00c9ducation NATIONALE.<\/p>\n\n\n\n<p>D\u2019autre part, si ce d\u00e9sengagement de l\u2019\u00c9tat concernant les gestionnaires est mis en place, il va de soi que tr\u00e8s rapidement se posera celui des agents comptables\u2026<\/p>\n\n\n\n<p>Faut-il rajouter, l\u2019envie, plus secr\u00e8te du tout, du Minist\u00e8re de voir confier le recrutement et la r\u00e9mun\u00e9ration des Chef-fe-s aux collectivit\u00e9s et&nbsp;celui&nbsp;des enseignants&nbsp;aux&nbsp;dit-e-s chef-fe-s&nbsp; ?<\/p>\n\n\n\n<h4 class=\"wp-block-heading\">Et \u00ab&nbsp;le tour est jou\u00e9&nbsp;\u00bb&nbsp;!<\/h4>\n\n\n\n<p>Nous voil\u00e0 avec une \u00c9ducation \u00ab&nbsp;balkanis\u00e9e&nbsp;\u00bb, d\u00e9coup\u00e9e en rondelles d\u00e9partementales ou r\u00e9gionales (quelle dur\u00e9e de vie pour les d\u00e9partements&nbsp;?)<\/p>\n\n\n\n<p>Regardons ce qui se passe avec l\u2019orientation transf\u00e9r\u00e9e aux r\u00e9gions. La n\u00e9cessit\u00e9 \u00ab&nbsp;consum\u00e9riste&nbsp;\u00bb nous \u00e9clate au visage. Les besoins des bassins de formation dictent l\u2019orientation des \u00e9l\u00e8ves et les propositions de formations se calquent sur les offres des entreprises \u00ab&nbsp;locales&nbsp;\u00bb et leurs besoins.<\/p>\n\n\n\n<p>Que devient donc le but de l\u2019\u00e9mancipation par l\u2019\u00c9cole, de l\u2019individualit\u00e9 des choix par le jeune et sa famille, l\u2019\u00e9l\u00e9vation du niveau de qualification en fonction des projets individuels&nbsp;? Bref, que devient notre r\u00f4le sinon de former de la \u00ab&nbsp;chair \u00e0 entreprises&nbsp;\u00bb (priv\u00e9es le plus souvent), afin de tenter de p\u00e9renniser l\u2019emploi en fonction des r\u00e9gions et des activit\u00e9s qui s\u2019y d\u00e9veloppent&nbsp;?<\/p>\n\n\n\n<h4 class=\"wp-block-heading\">Que devient le sens de nos m\u00e9tiers&nbsp;?<\/h4>\n\n\n\n<p>Est-ce l\u2019\u00c9cole que nous voulions construire ou am\u00e9liorer lorsque nous avons embrass\u00e9 nos carri\u00e8res, certes fort peu r\u00e9mun\u00e9r\u00e9es&nbsp;?&nbsp;<\/p>\n\n\n\n<p>L\u00e0 encore, la r\u00e9ponse est NON, comme elle doit l\u2019\u00eatre, avant que cette machine de guerre (le mot est \u00e0 la mode, m\u00eame s\u2019il est totalement d\u00e9voy\u00e9) ne d\u00e9truise tout.<\/p>\n\n\n\n<p>Alors nous fallait-il une raison suppl\u00e9mentaire pour \u00eatre dans l\u2019action&nbsp;?<\/p>\n\n\n\n<p>Eh bien, la voil\u00e0&nbsp;!<\/p>\n\n\n\n<p>Rendez-vous le 26 janvier pour d\u00e9fendre notre outil de travail et les objectifs qui sont les siens&nbsp;<strong>:<\/strong>&nbsp;la r\u00e9ussite de nos \u00e9l\u00e8ves, l\u2019am\u00e9lioration de leurs conditions de travail et celle de nos conditions de r\u00e9mun\u00e9ration qui y sont \u00e9troitement li\u00e9es\u2026<\/p>\n\n\n\n<p class=\"has-text-align-right\"><strong>Pour le Bureau National, <\/strong><\/p>\n\n\n\n<p class=\"has-text-align-right\"><strong>J. Klein<\/strong><\/p>\n","protected":false},"excerpt":{"rendered":"<div class=\"mh-excerpt\"><p>L\u2019\u00c9ducation Nationale, prochaine victime ? D\u00e9mant\u00e8lement D\u00e9sengagement D\u00e9sinvestissement Destruction La m\u00e9decine scolaire, d\u00e9j\u00e0 exsangue, les Gestionnaires, et qui d\u2019autres\u2026&nbsp;? les chef-fe-s d\u2019\u00c9PLE, puis le reste des personnels de l\u2019\u00c9ducation et <a class=\"mh-excerpt-more\" href=\"https:\/\/snupden-fsu.fr\/index.php\/2021\/01\/14\/loi-4d\/\" title=\"Loi 4D (D\u00e9centralisation, d\u00e9concentration, diff\u00e9renciation et d\u00e9complexification) :\">[&#8230;]<\/a><\/p>\n<\/div>","protected":false},"author":10,"featured_media":0,"comment_status":"closed","ping_status":"closed","sticky":false,"template":"","format":"standard","meta":{"footnotes":""},"categories":[10,11,102,12,5],"tags":[],"class_list":["post-1193","post","type-post","status-publish","format-standard","hentry","category-actualites","category-college","category-fonction-publique","category-lycee","category-regions"],"_links":{"self":[{"href":"https:\/\/snupden-fsu.fr\/index.php\/wp-json\/wp\/v2\/posts\/1193","targetHints":{"allow":["GET"]}}],"collection":[{"href":"https:\/\/snupden-fsu.fr\/index.php\/wp-json\/wp\/v2\/posts"}],"about":[{"href":"https:\/\/snupden-fsu.fr\/index.php\/wp-json\/wp\/v2\/types\/post"}],"author":[{"embeddable":true,"href":"https:\/\/snupden-fsu.fr\/index.php\/wp-json\/wp\/v2\/users\/10"}],"replies":[{"embeddable":true,"href":"https:\/\/snupden-fsu.fr\/index.php\/wp-json\/wp\/v2\/comments?post=1193"}],"version-history":[{"count":4,"href":"https:\/\/snupden-fsu.fr\/index.php\/wp-json\/wp\/v2\/posts\/1193\/revisions"}],"predecessor-version":[{"id":1213,"href":"https:\/\/snupden-fsu.fr\/index.php\/wp-json\/wp\/v2\/posts\/1193\/revisions\/1213"}],"wp:attachment":[{"href":"https:\/\/snupden-fsu.fr\/index.php\/wp-json\/wp\/v2\/media?parent=1193"}],"wp:term":[{"taxonomy":"category","embeddable":true,"href":"https:\/\/snupden-fsu.fr\/index.php\/wp-json\/wp\/v2\/categories?post=1193"},{"taxonomy":"post_tag","embeddable":true,"href":"https:\/\/snupden-fsu.fr\/index.php\/wp-json\/wp\/v2\/tags?post=1193"}],"curies":[{"name":"wp","href":"https:\/\/api.w.org\/{rel}","templated":true}]}}